{"id":358,"date":"2016-08-21T15:45:10","date_gmt":"2016-08-21T15:45:10","guid":{"rendered":"http:\/\/www.ichtich.de\/?p=358"},"modified":"2025-05-03T10:24:47","modified_gmt":"2025-05-03T10:24:47","slug":"schweden-im-dezember-mit-krakel-spektakel-und-co","status":"publish","type":"post","link":"https:\/\/www.ichtich.de\/?p=358","title":{"rendered":"Mit Krakel Spektakel und Co in Stockholm"},"content":{"rendered":"<p style=\"text-align: justify;\">Nach einem <a href=\"http:\/\/www.ichtich.de\/?p=356\">Tag im Vasamuseum<\/a> und Streifz\u00fcgen durch die winterliche Altstadt\/<em>Gamla Stan <\/em>Stockholms besucht ihr (damals, im Jahr 2001) mit den <a href=\"http:\/\/www.ichtich.de\/?p=234\">Sm\u00e5land-Sommer-Feunden<\/a> eine Kindermusik-Vorstellung, die ihr \u2013 allein und ohne Schwedischkenntnisse \u2013 in den Stockholmer Veranstaltungsank\u00fcndigungen niemals bemerkt h\u00e4ttet.<!--more--><\/p>\n<p style=\"text-align: left;\">Im Musiktheater h\u00f6rt ihr Gedichte und Lieder des 2015 verstorbenen Autors <a href=\"http:\/\/www.rabensjogren.se\/bocker\/Aktuell-utgivning\/Serier-Karaktarer\/K-2\/Hellsing\/\">Lennart Hellsing<\/a> und seht seine Fantasiefiguren im Konserthuset auf der B\u00fchne tanzen: Krakel Spektakel, Kusin Vitamin, Peter Palsternack, Selma Selleri &#8230;.<\/p>\n<p style=\"text-align: center;\"><img loading=\"lazy\" class=\"alignnone wp-image-468\" src=\"http:\/\/www.ichtich.de\/wp-content\/uploads\/2016\/08\/Hellsing-IMG_0962-300x145.jpg\" alt=\"hellsing-img_0962\" width=\"399\" height=\"193\" srcset=\"https:\/\/www.ichtich.de\/wp-content\/uploads\/2016\/08\/Hellsing-IMG_0962-300x145.jpg 300w, https:\/\/www.ichtich.de\/wp-content\/uploads\/2016\/08\/Hellsing-IMG_0962-768x370.jpg 768w, https:\/\/www.ichtich.de\/wp-content\/uploads\/2016\/08\/Hellsing-IMG_0962-1024x494.jpg 1024w, https:\/\/www.ichtich.de\/wp-content\/uploads\/2016\/08\/Hellsing-IMG_0962-624x301.jpg 624w\" sizes=\"(max-width: 399px) 100vw, 399px\" \/><\/p>\n<p style=\"text-align: left;\">Seit diesem Theaterbesuch begleiten euch Lennart Hellsing und seine Reime und Lieder: \u201eMoster Ester \u00e4lskar fester\u201c, \u201eNicko Ticko Tinn\u201c, \u201e\u00c4ppel p\u00e4ppel pirum parum \u00e4ppel p\u00e4ppel pirum puff\u201c &#8230;<\/p>\n<p style=\"text-align: center;\"><img loading=\"lazy\" class=\"alignnone wp-image-469\" src=\"http:\/\/www.ichtich.de\/wp-content\/uploads\/2016\/08\/Hellsing-IMG_0963-300x154.jpg\" alt=\"hellsing-img_0963\" width=\"399\" height=\"205\" srcset=\"https:\/\/www.ichtich.de\/wp-content\/uploads\/2016\/08\/Hellsing-IMG_0963-300x154.jpg 300w, https:\/\/www.ichtich.de\/wp-content\/uploads\/2016\/08\/Hellsing-IMG_0963-768x394.jpg 768w, https:\/\/www.ichtich.de\/wp-content\/uploads\/2016\/08\/Hellsing-IMG_0963-1024x525.jpg 1024w, https:\/\/www.ichtich.de\/wp-content\/uploads\/2016\/08\/Hellsing-IMG_0963-624x320.jpg 624w\" sizes=\"(max-width: 399px) 100vw, 399px\" \/><\/p>\n<p style=\"text-align: left;\">Erst nach eurer R\u00fcckkehr entdeckt ihr zu Hause Hellsings Figuren und Texte auch auf deutsch (und begegnet dabei James Kr\u00fcss, mit dem <a href=\"http:\/\/www.ichtich.de\/?p=19\">euer erstes Lesen<\/a> angefangen hatte): Balduin Baumelschuh alias Daniel Doppsko, ein gro\u00dfes wei\u00dfes Ei (\u201e\u00c4gget\u201c) und einen Jungen, der nicht zur Schule gehen wollte.<\/p>\n<p style=\"text-align: center;\"><img loading=\"lazy\" class=\"alignnone wp-image-467\" src=\"http:\/\/www.ichtich.de\/wp-content\/uploads\/2016\/08\/Hellsing-IMG_0960-300x165.jpg\" alt=\"hellsing-img_0960\" width=\"400\" height=\"220\" srcset=\"https:\/\/www.ichtich.de\/wp-content\/uploads\/2016\/08\/Hellsing-IMG_0960-300x165.jpg 300w, https:\/\/www.ichtich.de\/wp-content\/uploads\/2016\/08\/Hellsing-IMG_0960-768x423.jpg 768w, https:\/\/www.ichtich.de\/wp-content\/uploads\/2016\/08\/Hellsing-IMG_0960-1024x564.jpg 1024w, https:\/\/www.ichtich.de\/wp-content\/uploads\/2016\/08\/Hellsing-IMG_0960-624x344.jpg 624w\" sizes=\"(max-width: 400px) 100vw, 400px\" \/><\/p>\n<p style=\"text-align: left;\">Mit bunten Gestalten und lustigen Melodien im Herzen und einem Theaterspiel-Buch im Gep\u00e4ck verlasst ihr Stockholm \u2013 und freut euch auf den n\u00e4chsten Besuch.<\/p>\n<p style=\"text-align: left;\">\n","protected":false},"excerpt":{"rendered":"<p>Nach einem Tag im Vasamuseum und Streifz\u00fcgen durch die winterliche Altstadt\/Gamla Stan Stockholms besucht ihr (damals, im Jahr 2001) mit den Sm\u00e5land-Sommer-Feunden eine Kindermusik-Vorstellung, die ihr \u2013 allein und ohne Schwedischkenntnisse \u2013 in den Stockholmer Veranstaltungsank\u00fcndigungen niemals bemerkt h\u00e4ttet.<\/p>\n","protected":false},"author":1,"featured_media":471,"comment_status":"closed","ping_status":"closed","sticky":false,"template":"","format":"standard","meta":[],"categories":[60,7,4,15,8],"tags":[81,104,32,44,33],"_links":{"self":[{"href":"https:\/\/www.ichtich.de\/index.php?rest_route=\/wp\/v2\/posts\/358"}],"collection":[{"href":"https:\/\/www.ichtich.de\/index.php?rest_route=\/wp\/v2\/posts"}],"about":[{"href":"https:\/\/www.ichtich.de\/index.php?rest_route=\/wp\/v2\/types\/post"}],"author":[{"embeddable":true,"href":"https:\/\/www.ichtich.de\/index.php?rest_route=\/wp\/v2\/users\/1"}],"replies":[{"embeddable":true,"href":"https:\/\/www.ichtich.de\/index.php?rest_route=%2Fwp%2Fv2%2Fcomments&post=358"}],"version-history":[{"count":29,"href":"https:\/\/www.ichtich.de\/index.php?rest_route=\/wp\/v2\/posts\/358\/revisions"}],"predecessor-version":[{"id":1931,"href":"https:\/\/www.ichtich.de\/index.php?rest_route=\/wp\/v2\/posts\/358\/revisions\/1931"}],"wp:featuredmedia":[{"embeddable":true,"href":"https:\/\/www.ichtich.de\/index.php?rest_route=\/wp\/v2\/media\/471"}],"wp:attachment":[{"href":"https:\/\/www.ichtich.de\/index.php?rest_route=%2Fwp%2Fv2%2Fmedia&parent=358"}],"wp:term":[{"taxonomy":"category","embeddable":true,"href":"https:\/\/www.ichtich.de\/index.php?rest_route=%2Fwp%2Fv2%2Fcategories&post=358"},{"taxonomy":"post_tag","embeddable":true,"href":"https:\/\/www.ichtich.de\/index.php?rest_route=%2Fwp%2Fv2%2Ftags&post=358"}],"curies":[{"name":"wp","href":"https:\/\/api.w.org\/{rel}","templated":true}]}}