{"id":356,"date":"2016-08-21T15:44:29","date_gmt":"2016-08-21T15:44:29","guid":{"rendered":"http:\/\/www.ichtich.de\/?p=356"},"modified":"2025-05-03T10:25:01","modified_gmt":"2025-05-03T10:25:01","slug":"schweden-im-dezember-nu-seglar-vasa","status":"publish","type":"post","link":"https:\/\/www.ichtich.de\/?p=356","title":{"rendered":"In Stockholm: \u201eNu seglar Vasa!\u201c"},"content":{"rendered":"<p style=\"text-align: justify;\">Vom <a href=\"http:\/\/www.ichtich.de\/?p=354\">Hochhaus-Apartment in Alvik<\/a> plant ihr erste Entdeckungstouren durch Stockholm. Ein Anruf bei der Freundin vom <a href=\"http:\/\/www.ichtich.de\/?p=234\">Hochzeitsfest in Sm\u00e5land<\/a> hilft weiter: Schon trefft ihr sie und ihre Tochter an einer Haltestelle der U-Bahn\/<em>tunnelbana<\/em> f\u00fcr einen gemeinsamen Besuch im Vasamuseum\/<a href=\"http:\/\/www.vasamuseet.se\/\"><em>Vasamuseet<\/em><\/a>.&nbsp;&nbsp;&nbsp; <!--more--><\/p>\n<p style=\"text-align: justify;\">Im Museum bestaunt ihr die Vasa, dieses Schiff, das in der Zeit des Drei\u00dfigj\u00e4hrigen Kriegs so prunkvoll und m\u00e4chtig sein sollte, bei seiner Jungfernfahrt aber sank und 333 Jahre sp\u00e4ter wiederentdeckt, gehoben und restauriert wurde \u2013 ein beeindruckendes Symbol f\u00fcr \u00fcberzogene Wachstumsw\u00fcnsche eines Herrschers und den Umgang mit Geschichte.<\/p>\n<p style=\"text-align: justify;\">Mats Wahl und Sven Nordqvist erz\u00e4hlen in ihrem Buch \u201eDie Vasa\u201c die Geschichte dieses Schiffes und seiner Zeit: \u201eGeschichte und Geschichten\u201c, \u201eFantasi och fakta\u201c. Mit dem Zwillingspaar Jon-Erik \u2013&nbsp; der eine ist sch\u00f6n\/<em>vacker<\/em>, der andere h\u00e4sslich\/<em>ful<\/em>&nbsp; \u2013 erlebt man den Bau der Vasa in der Zeit um 1630, einer Zeit des Aberglaubens, der Pest und der Feuersbrunst in Stockholm.<\/p>\n<p style=\"text-align: justify; padding-left: 30px;\"><span style=\"color: #808080;\">\u201eNie h\u00e4tte ich gedacht, da\u00df wir auf der Werft ein derart m\u00e4chtiges Schiff auf Kiel legen w\u00fcrden. [&#8230;] Erfahrene Leute sch\u00fcttelten den Kopf und meinten, dies sei falsch. Doch der K\u00f6nig hatte Befehl gegeben, ein Schiff zu bauen, das gr\u00f6\u00dfer werden sollte als alle anderen Schiffe, und was gab es da anderes, als zu gehorchen?\u201c<\/span><\/p>\n<p style=\"text-align: justify;\"><img loading=\"lazy\" class=\" wp-image-417 aligncenter\" src=\"http:\/\/www.ichtich.de\/wp-content\/uploads\/2016\/08\/Vasa-II-g-300x237.jpg\" alt=\"Vasa-II-g\" width=\"480\" height=\"379\" srcset=\"https:\/\/www.ichtich.de\/wp-content\/uploads\/2016\/08\/Vasa-II-g-300x237.jpg 300w, https:\/\/www.ichtich.de\/wp-content\/uploads\/2016\/08\/Vasa-II-g-768x606.jpg 768w, https:\/\/www.ichtich.de\/wp-content\/uploads\/2016\/08\/Vasa-II-g-1024x808.jpg 1024w, https:\/\/www.ichtich.de\/wp-content\/uploads\/2016\/08\/Vasa-II-g-624x492.jpg 624w\" sizes=\"(max-width: 480px) 100vw, 480px\" \/><\/p>\n<p style=\"text-align: justify;\">Am Ende der Erz\u00e4hlung sieht man Erik als alten Mann, wie er auf die Stadt und auf sein Leben blickt: Er ist dankbar f\u00fcr sein Gl\u00fcck, das er einer Silberm\u00fcnze verdankt, die eigentlich als Gl\u00fccksm\u00fcnze unter dem Mastfu\u00df der Vasa h\u00e4tte liegen sollte, aber von Eriks Bruder Johann gestohlen und gegen Eriks M\u00fctze eingetauscht worden war \u2013 so kam Johann, als Erik verkleidet, auf die Vasa und ging mit ihr unter, w\u00e4hrend Erik das Ungl\u00fcck \u00fcberlebte.<\/p>\n<p style=\"text-align: justify; padding-left: 30px;\"><span style=\"color: #808080;\">\u201eEs ist mein fester Glaubem da\u00df die M\u00fcnze eine gute Kraft besa\u00df, denn ich hatte Leute an Fieber und Wunden sterben sehen, w\u00e4hrend mir das Gl\u00fcck die ganze Zeit treu blieb. Als ich nach langer Zeit wieder nach Hause kam, hatte ich nicht mehr verloren als einen Finger der linken Hand. [&#8230;] Von unseren elf Kindern blieben acht am Leben und wurden gro\u00df. Und auch dies mu\u00df zu meinem Gl\u00fcck gerechnet werden.\u201c<\/span><\/p>\n<p style=\"text-align: justify;\">Beim Besuch im Museum, beim Lesen der Erz\u00e4hlung und beim Betrachten der Bilder erkennt ihr: \u201eJetzt segelt die Vasa!\u201c, \u201eNu seglar Vasa!\u201c<\/p>\n<p style=\"text-align: justify;\"><span style=\"color: #808080;\">(Zitate aus: Mats Wahl, Sven Nordqvist (\u00fcbersetzt von Hans-Joachim Maass): \u201eDie Vasa\u201c, S. 40 und S. 63, Carlsen Verlag GmbH, 1995, ISBN 3-551-25313-7)<\/span><\/p>\n","protected":false},"excerpt":{"rendered":"<p>Vom Hochhaus-Apartment in Alvik plant ihr erste Entdeckungstouren durch Stockholm. Ein Anruf bei der Freundin vom Hochzeitsfest in Sm\u00e5land hilft weiter: Schon trefft ihr sie und ihre Tochter an einer Haltestelle der U-Bahn\/tunnelbana f\u00fcr einen gemeinsamen Besuch im Vasamuseum\/Vasamuseet.&nbsp;&nbsp;&nbsp;<\/p>\n","protected":false},"author":1,"featured_media":416,"comment_status":"closed","ping_status":"closed","sticky":false,"template":"","format":"standard","meta":[],"categories":[60,7,4,8],"tags":[81,104,32,44,33],"_links":{"self":[{"href":"https:\/\/www.ichtich.de\/index.php?rest_route=\/wp\/v2\/posts\/356"}],"collection":[{"href":"https:\/\/www.ichtich.de\/index.php?rest_route=\/wp\/v2\/posts"}],"about":[{"href":"https:\/\/www.ichtich.de\/index.php?rest_route=\/wp\/v2\/types\/post"}],"author":[{"embeddable":true,"href":"https:\/\/www.ichtich.de\/index.php?rest_route=\/wp\/v2\/users\/1"}],"replies":[{"embeddable":true,"href":"https:\/\/www.ichtich.de\/index.php?rest_route=%2Fwp%2Fv2%2Fcomments&post=356"}],"version-history":[{"count":28,"href":"https:\/\/www.ichtich.de\/index.php?rest_route=\/wp\/v2\/posts\/356\/revisions"}],"predecessor-version":[{"id":1932,"href":"https:\/\/www.ichtich.de\/index.php?rest_route=\/wp\/v2\/posts\/356\/revisions\/1932"}],"wp:featuredmedia":[{"embeddable":true,"href":"https:\/\/www.ichtich.de\/index.php?rest_route=\/wp\/v2\/media\/416"}],"wp:attachment":[{"href":"https:\/\/www.ichtich.de\/index.php?rest_route=%2Fwp%2Fv2%2Fmedia&parent=356"}],"wp:term":[{"taxonomy":"category","embeddable":true,"href":"https:\/\/www.ichtich.de\/index.php?rest_route=%2Fwp%2Fv2%2Fcategories&post=356"},{"taxonomy":"post_tag","embeddable":true,"href":"https:\/\/www.ichtich.de\/index.php?rest_route=%2Fwp%2Fv2%2Ftags&post=356"}],"curies":[{"name":"wp","href":"https:\/\/api.w.org\/{rel}","templated":true}]}}