{"id":3510,"date":"2025-08-27T19:40:39","date_gmt":"2025-08-27T19:40:39","guid":{"rendered":"https:\/\/www.ichtich.de\/?p=3510"},"modified":"2025-09-02T19:17:42","modified_gmt":"2025-09-02T19:17:42","slug":"25-jahre-textwelt-das-will-gefeiert-werden","status":"publish","type":"post","link":"https:\/\/www.ichtich.de\/?p=3510","title":{"rendered":"25 Jahre Textwelt: Das will gefeiert werden!"},"content":{"rendered":"\n<p>25 Jahre <a rel=\"noreferrer noopener\" href=\"http:\/\/www.textwelt.de\" target=\"_blank\">Textwelt<\/a>, 25 Jahre Redaktion und Lektorat im Bereich der Mathematik-Bildungsmedien \u2013 das will mit den Menschen, die mich und meine Arbeit sch\u00e4tzen, gefeiert werden. Doch dazu zuerst ein R\u00fcckblick. Immer wieder werde ich gefragt: \u201eAls Lektorin f\u00fcr Matheb\u00fccher musst du sicher viel lesen und alle Kommaregeln kennen \u2013 und dann auch noch alles selbst nachrechnen?!\u201c Die schnelle Antwort lautet: \u201eMeine Aufgaben gehen sehr viel weiter als Rechtschreibung und Nachrechnen.\u201c Wer an einer ausf\u00fchrliche Antwort interessiert ist, dem erz\u00e4hle ich gerne mehr \u00fcber meine Arbeit. <\/p>\n\n\n\n<h2>Mehr als lesen, rechnen, Komma setzen!<\/h2>\n\n\n\n<p>Dass ich mich mit der jeweils aktuellen oder vom Verlag gew\u00fcnschten Rechtschreibung auskenne und wei\u00df, wann ich ein Komma oder eine Gro\u00df- oder Kleinschreibung \u00fcberpr\u00fcfen muss, und dass ich mit rechten Winkeln, Dreiecken, Pyramiden, mit Formeln, Gleichungen und Funktionen umzugehen wei\u00df, das sind selbstverst\u00e4ndliche Grundlagen meiner Arbeit. Dank meines Studiums f\u00fcr Mathe-Lehramt mit anschlie\u00dfender Promotion in Sprachwissenschaft bringe ich diese Grundlagen mit und \u00fcberpr\u00fcfe und festige sie durch Fortbildungen und den Austausch mit Kolleginnen und Kollegen aus dem VFLL. In einem Rechtschreibworkshop L\u00f6sungen f\u00fcr knifflige Satzkonstruktionen zu diskutieren, das macht mir immer wieder Spa\u00df! <\/p>\n\n\n\n<h2>\u201eHunderte von Fahrr\u00e4dern!\u201c<\/h2>\n\n\n\n<p>Eindr\u00fcckliche Erfahrung zu Beginn meiner Freiberuflichkeit: Bei der Arbeit an den B\u00e4nden des b\u00e4rig-vierb\u00e4ndigen Grundschulwerks \u201emulti\u201c von Konkordia\/BV EINS mit den B\u00e4ren Lu und Luisa hatte ich die Einstiegsseite zu Klasse 4 vor mir liegen (damals noch auf Papier?!), und zwar eine Seite \u00fcber das \u201eHochseeabenteuer Helgoland\u201c. Die Viertkl\u00e4ssler sollten im Unterricht nach den Sommerferien das im Vorjahr Gelernte anwenden und dazu Uhrzeiten und Urlaubskosten berechnen, Meter in Kilometer umrechnen und auf einem Inselplan Wege auf der \u201eD\u00fcne\u201c, der kleinen Nachbarinsel von Helgoland, beschreiben.<\/p>\n\n\n\n<p>Im Manuskript las ich: \u201eEs gab keine Autos \u2026 daf\u00fcr Hunderte von Fahrr\u00e4dern!\u201c Bei meinen Recherchen \u00fcber die Anreise nach Helgoland stie\u00df ich auf Ungereimtheiten, die mir sonderbar erschienen, u.&nbsp;a. die Angabe \u201eHunderte von Fahrr\u00e4dern\u201c. Meine Suche im Internet f\u00fchrte mich zu \u00a7 50 der Stra\u00dfenverkehrsordnung:<\/p>\n\n\n\n<blockquote class=\"wp-block-quote\"><p><strong>Sonderregelung f\u00fcr die Insel Helgoland<\/strong><br>Auf der Insel Helgoland sind der Verkehr mit Kraftfahrzeugen und das Radfahren verboten.<\/p><cite>https:\/\/www.gesetze-im-internet.de\/stvo_2013\/__50.html (Abruf am 27. Aug. 2025)<\/cite><\/blockquote>\n\n\n\n<p>Auch Nachfragen im Touristenb\u00fcro von Helgoland best\u00e4tigten: \u201eAuf Helgoland gibt es keine Fahrr\u00e4der. Au\u00dferdem ist die Insel viel zu klein, da lohnen sich nicht mal Fahrr\u00e4der.\u201c<\/p>\n\n\n\n<p>Ich beschrieb der Autorin den Widerspruch zwischen ihrem Text und der Fahrrad-Sonderregelung f\u00fcr Helgoland und erfuhr, dass sie beim Verfassen des Textes ihren Urlaub auf einer Ostseeinsel nach Helgoland verlegt hatte, ohne selbst Helgoland besucht zu haben. Wir kamen \u00fcberein, den Text so zu korrigieren, dass auch Sch\u00fclerinnen und Sch\u00fcler in S\u00fcddeutschland, f\u00fcr die das Werk bestimmt war, eine korrekte Beschreibung von der Ankunft auf Helgoland bek\u00e4men:<\/p>\n\n\n\n<figure class=\"wp-block-image size-large is-resized is-style-default\"><img loading=\"lazy\" src=\"https:\/\/www.ichtich.de\/wp-content\/uploads\/2025\/08\/Helgoland-Ankunft-1024x499.jpg\" alt=\"\" class=\"wp-image-3513\" width=\"655\" height=\"319\" srcset=\"https:\/\/www.ichtich.de\/wp-content\/uploads\/2025\/08\/Helgoland-Ankunft-1024x499.jpg 1024w, https:\/\/www.ichtich.de\/wp-content\/uploads\/2025\/08\/Helgoland-Ankunft-300x146.jpg 300w, https:\/\/www.ichtich.de\/wp-content\/uploads\/2025\/08\/Helgoland-Ankunft-768x374.jpg 768w, https:\/\/www.ichtich.de\/wp-content\/uploads\/2025\/08\/Helgoland-Ankunft-1536x749.jpg 1536w, https:\/\/www.ichtich.de\/wp-content\/uploads\/2025\/08\/Helgoland-Ankunft-624x304.jpg 624w, https:\/\/www.ichtich.de\/wp-content\/uploads\/2025\/08\/Helgoland-Ankunft.jpg 1924w\" sizes=\"(max-width: 655px) 100vw, 655px\" \/><\/figure>\n\n\n\n<blockquote class=\"wp-block-quote\"><p>\u201eEs gab keine Autos, keinen Zug, nicht einmal Fahrr\u00e4der!\u201c<\/p><cite>multi Mathematik 4. Sch\u00fclerbuch mit Beilagen. Baden-W\u00fcrttemberg: Neubearbeitung Bildungsstandard 4; Hrsg. G\u00fcnter Hagmaier, Doris Simon. 2006, KONKORDIA im Bildungsverlag EINS, Troisdorf, S. 2.<\/cite><\/blockquote>\n\n\n\n<h2>Mehr als Rechtschreibung und Nachrechnen<\/h2>\n\n\n\n<p>Die Helgol\u00e4nder Fahrrad-Sonderregelung blieb mir eindr\u00fccklich in Erinnerung, auch wenn es sp\u00e4ter immer wieder andere, aber doch \u00e4hnliche F\u00e4lle gab. Von nun an hatte ich immer eine Antwort parat auf die Frage nach meiner Arbeit: Als Lektorin\/Redakteurin \u00fcberpr\u00fcfe ich das, was mir sonderbar, auff\u00e4llig oder fehlerhaft erscheint, decke Ungereimtheiten auf, \u00fcberpr\u00fcfe die Fakten, recherchiere und suche im Gespr\u00e4ch mit dem Autor oder der Autorin nach einer korrekten Formulierung. Kurz: <\/p>\n\n\n\n<p><strong>Als Lektorin &#8230;<\/strong><\/p>\n\n\n\n<ul><li>lese ich aufmerksam und folge dem Gedankengang im Text, <\/li><li>\u00fcberpr\u00fcfe ich und frage nach, <\/li><li>schlage Umformulierungen vor<\/li><li>argumentiere und rede mit dem Autor bzw. der Autorin  <\/li><li>und sorge f\u00fcr miteinander abgestimmte passende Formulierungen.<\/li><\/ul>\n\n\n\n<p><strong>&#8230; begeistert<\/strong><\/p>\n\n\n\n<p>Ich genie\u00dfe es, durch die Texte immer wieder andere Ans\u00e4tze und Methoden f\u00fcr den Mathematikunterricht kennenzulernen. Mein Anliegen ist es, daf\u00fcr zu sorgen, dass die Sch\u00fclerinnen und Sch\u00fcler verst\u00e4ndliche Texte bekommen, mit denen sie im Matheunterricht gut klarkommen, etwas lernen und verstehen. Es ist f\u00fcr mich immer wieder spannend, ein neues Manuskript zu \u00f6ffnen, mich einzulesen und dem Gedankengang des Autors, der Autorin zu folgen und dabei auf m\u00f6gliche \u201eFahrr\u00e4der auf Helgoland\u201c zu achten.<\/p>\n\n\n\n<p><strong>&#8230; und gut vernetzt<\/strong><\/p>\n\n\n\n<p>25 Jahre Textwelt, das bedeutet auch 25 Jahre Mitgliedschaft im VFLL, im <a rel=\"noreferrer noopener\" href=\"https:\/\/www.vfll.de\/\" target=\"_blank\">Verband der Freien Lektorinnen und Lektoren<\/a>. Dank des Austauschs mit VFLL-Kolleginnen und -Kollegen gleich zu Beginn meiner Freiberuflichkeit vor 25 Jahren fand ich meinen Platz in der Verlagswelt: mit dem Staatsexamen f\u00fcr das Lehramt an Gymnasien f\u00fcr Mathematik und Franz\u00f6sisch und meinen Erfahrungen als Lektorin in einem kleinen Computerbuchverlag war es naheliegend, dass ich mich um Auftr\u00e4ge im Bereich der Mathematik-Bildungsmedien bem\u00fchte und ich so von Auftraggebern, die jemanden mit meinem Spezialgebiet suchten, gefunden wurde.<\/p>\n\n\n\n<figure class=\"wp-block-image size-large is-resized\"><img loading=\"lazy\" src=\"https:\/\/www.ichtich.de\/wp-content\/uploads\/2025\/08\/IMG_4369-1024x787.jpg\" alt=\"\" class=\"wp-image-3514\" width=\"655\" height=\"503\" srcset=\"https:\/\/www.ichtich.de\/wp-content\/uploads\/2025\/08\/IMG_4369-1024x787.jpg 1024w, https:\/\/www.ichtich.de\/wp-content\/uploads\/2025\/08\/IMG_4369-300x231.jpg 300w, https:\/\/www.ichtich.de\/wp-content\/uploads\/2025\/08\/IMG_4369-768x590.jpg 768w, https:\/\/www.ichtich.de\/wp-content\/uploads\/2025\/08\/IMG_4369-1536x1181.jpg 1536w, https:\/\/www.ichtich.de\/wp-content\/uploads\/2025\/08\/IMG_4369-2048x1574.jpg 2048w, https:\/\/www.ichtich.de\/wp-content\/uploads\/2025\/08\/IMG_4369-624x480.jpg 624w\" sizes=\"(max-width: 655px) 100vw, 655px\" \/><figcaption><em>Postkarte \u201e25 Jahre im VFLL\u201c (Illustration von Jana Stiller)<\/em> <em>vom Fr\u00fchjahr 2025 <\/em><br><em>mit dem <\/em><em>Button \u201eLektorinnen optimieren Texte\u201c<\/em><\/figcaption><\/figure>\n\n\n\n<h2>Es darf gefeiert werden!<\/h2>\n\n\n\n<p>Mein pers\u00f6nliches 25-Jahre-Textwelt-Jubil\u00e4um habe ich bereits gefeiert \u2013 ihr ahnt es schon: auf Helgoland! Endlich sah ich zusammen mit Stefan, meinem geliebten Begleiter \u00fcber all die Jahre hinweg, die Insel mit eigenen Augen. Ich genoss die \u2013 wetterbedingt zweimal verschobene \u2013 Anfahrt von Hamburg nach Helgoland, die Ankunft im Unterland und den Aufstieg aufs Oberland, den Klang der Glocken von der nahe gelegenen Kirche Sankt Nicolai, den Wind, die Sonne und den Blick \u00fcbers Meer, die Wellen am Nordstrand der D\u00fcne und die Spazierg\u00e4nge zu den Basst\u00f6lpeln am Klippenrand und dem Licht des Leuchtturms bei der R\u00fcckkehr. <\/p>\n\n\n\n<p class=\"has-text-align-center\"><strong>&#8230; und das alles ohne Fahrrad!<\/strong><\/p>\n\n\n\n<p>Wer mag, stelle sich nach dem Lesen meiner Geschichte ein Gl\u00e4schen mit Sekt, Wasser oder Wein bereit und sto\u00dfe  mit mir an. <\/p>\n\n\n\n<p class=\"has-text-align-center\"><strong>Lasst mich eure Gl\u00e4ser klingen h\u00f6ren!<\/strong><\/p>\n\n\n\n<figure class=\"wp-block-image size-large is-resized\"><img loading=\"lazy\" src=\"https:\/\/www.ichtich.de\/wp-content\/uploads\/2025\/09\/IMG_4373-1024x810.jpg\" alt=\"\" class=\"wp-image-3530\" width=\"512\" height=\"405\" srcset=\"https:\/\/www.ichtich.de\/wp-content\/uploads\/2025\/09\/IMG_4373-1024x810.jpg 1024w, https:\/\/www.ichtich.de\/wp-content\/uploads\/2025\/09\/IMG_4373-300x237.jpg 300w, https:\/\/www.ichtich.de\/wp-content\/uploads\/2025\/09\/IMG_4373-768x607.jpg 768w, https:\/\/www.ichtich.de\/wp-content\/uploads\/2025\/09\/IMG_4373-624x493.jpg 624w, https:\/\/www.ichtich.de\/wp-content\/uploads\/2025\/09\/IMG_4373.jpg 1065w\" sizes=\"(max-width: 512px) 100vw, 512px\" \/><figcaption>Zum Textwelt-Jubil\u00e4um im Norden unterwegs<\/figcaption><\/figure>\n","protected":false},"excerpt":{"rendered":"<p>25 Jahre Textwelt, 25 Jahre Redaktion und Lektorat im Bereich der Mathematik-Bildungsmedien \u2013 das will mit den Menschen, die mich und meine Arbeit sch\u00e4tzen, gefeiert werden. Doch dazu zuerst ein R\u00fcckblick. Immer wieder werde ich gefragt: \u201eAls Lektorin f\u00fcr Matheb\u00fccher musst du sicher viel lesen und alle Kommaregeln kennen \u2013 und dann auch noch alles [&hellip;]<\/p>\n","protected":false},"author":1,"featured_media":3521,"comment_status":"open","ping_status":"closed","sticky":false,"template":"","format":"standard","meta":[],"categories":[12,13],"tags":[136,138,56,135,134,137,79],"_links":{"self":[{"href":"https:\/\/www.ichtich.de\/index.php?rest_route=\/wp\/v2\/posts\/3510"}],"collection":[{"href":"https:\/\/www.ichtich.de\/index.php?rest_route=\/wp\/v2\/posts"}],"about":[{"href":"https:\/\/www.ichtich.de\/index.php?rest_route=\/wp\/v2\/types\/post"}],"author":[{"embeddable":true,"href":"https:\/\/www.ichtich.de\/index.php?rest_route=\/wp\/v2\/users\/1"}],"replies":[{"embeddable":true,"href":"https:\/\/www.ichtich.de\/index.php?rest_route=%2Fwp%2Fv2%2Fcomments&post=3510"}],"version-history":[{"count":10,"href":"https:\/\/www.ichtich.de\/index.php?rest_route=\/wp\/v2\/posts\/3510\/revisions"}],"predecessor-version":[{"id":3535,"href":"https:\/\/www.ichtich.de\/index.php?rest_route=\/wp\/v2\/posts\/3510\/revisions\/3535"}],"wp:featuredmedia":[{"embeddable":true,"href":"https:\/\/www.ichtich.de\/index.php?rest_route=\/wp\/v2\/media\/3521"}],"wp:attachment":[{"href":"https:\/\/www.ichtich.de\/index.php?rest_route=%2Fwp%2Fv2%2Fmedia&parent=3510"}],"wp:term":[{"taxonomy":"category","embeddable":true,"href":"https:\/\/www.ichtich.de\/index.php?rest_route=%2Fwp%2Fv2%2Fcategories&post=3510"},{"taxonomy":"post_tag","embeddable":true,"href":"https:\/\/www.ichtich.de\/index.php?rest_route=%2Fwp%2Fv2%2Ftags&post=3510"}],"curies":[{"name":"wp","href":"https:\/\/api.w.org\/{rel}","templated":true}]}}