{"id":3409,"date":"2024-10-28T20:02:19","date_gmt":"2024-10-28T20:02:19","guid":{"rendered":"https:\/\/www.ichtich.de\/?p=3409"},"modified":"2025-09-01T11:32:39","modified_gmt":"2025-09-01T11:32:39","slug":"maria-magdala-maria-der-turm","status":"publish","type":"post","link":"https:\/\/www.ichtich.de\/?p=3409","title":{"rendered":"Maria Magdala: \u201eMaria der Turm\u201c"},"content":{"rendered":"\n<p>Die Predigt bei unserem Besuch des Gottesdienstes der <a rel=\"noreferrer noopener\" href=\"https:\/\/www.svenskakyrkan.se\/tyska\" target=\"_blank\">deutschen Gemeinde in der Christinenkirche in G\u00f6teborg<\/a> im September war wahrlich unerwartet: Sie vermittelte uns ganz neue Erkenntnisse zur Bibel, die dazu dr\u00e4ngen, sich Gedanken zu machen \u00fcber Maria genannt \u201eMagdalena\u201c. Was hat es mit dieser Maria auf sich \u2013 und was bedeutet ihr Beiname \u201eMagdala\u201c? <\/p>\n\n\n\n<p>Eine eindeutige Antwort wird man hier nicht finden, aber Impulse daf\u00fcr, weitere Forschungen zu verfolgen und an der Frage dranzubleiben: \u201eMaria aus Magdala\u201c oder \u201eMaria der Turm\u201c? Und sich auszumalen, wie das Christentum mit einer sichtbaren Maria aussehen w\u00fcrde.   <\/p>\n\n\n\n<!--more-->\n\n\n\n<h2>(un)erwartet<\/h2>\n\n\n\n<p>\u201e(un)erwartet\u201c, so lautet der Titel des Predigttextes von Pfarrerin Katja Engelhard zum Gottesdienst am 15. Sept. 2024 in G\u00f6teborg, der im Internet nachzulesen ist: <a rel=\"noreferrer noopener\" href=\"https:\/\/www.svenskakyrkan.se\/tyska\/unerwartet\" target=\"_blank\">(un)erwartet<\/a>. <\/p>\n\n\n\n<p>Als theologische Laiin gebe ich hier den spannend-bewegend-ber\u00fchrenden Inhalt der Predigt mit meinen Worten wieder, wobei ich versuche, mich m\u00f6glichst an Engelhards Text zu halten; eigene \u00dcberlegungen sind als \u201eEinschub\u201c markiert. Wer lieber direkt ans Original gehen m\u00f6chte: Nur zu \u2013 am Ende des Beitrags gibt es Links auf weitere Texte, erg\u00e4nzend zu den von Katja Engelhard angegebenen Quellen, insbesondere der Text von Diana Butler Bass vom Juli 2022: <a rel=\"noreferrer noopener\" href=\"https:\/\/dianabutlerbass.substack.com\/p\/mary-the-tower\" target=\"_blank\">\u201eMary the Tower &#8211; What would Christianity be like if Mary Magdalene hadn&#8217;t been hidden from view?\u201d<\/a><\/p>\n\n\n\n<p>Ausgangspunkt der Predigt war Engelhards Lieblingsgeschichte in der Bibel: Die Begegnung von Maria mit dem auferstandenen Jesus am Grab. Diese Geschichte ist f\u00fcr Engelhard geheimnisvoll und z\u00e4rtlich und l\u00e4sst N\u00e4he zwischen Jesus und Maria sp\u00fcren \u2013 zu Maria, der Apostelin, die als erste dem Auferstandenen begegnet ist und dabei von ihm den Auftrag bekam: \u201eSag weiter, was du gesehen und erlebt hast.\u201c<\/p>\n\n\n\n<p class=\"has-text-align-right\"><strong>Einschub: <\/strong><br><strong>Das schwedische Osterlied \u201eDina h\u00e4nder \u00e4r fulla av blommor\u201c<\/strong><\/p>\n\n\n\n<p>Beim Hinweis auf die Szene von Maria am Grab kommt mir das schwedische Lied in den Sinn, im schwedischen Gesangbuch (Den Svenska Psamlboken, 154): \u201eDina h\u00e4nder \u00e4r fulla av blommor\u201c, urspr\u00fcnglicher auf Italienisch \u201eLe tue mani\u201c von Marcello Giombini, ins Schwedisch \u00fcbersetzt von Lars-<a href=\"https:\/\/sv.wikipedia.org\/wiki\/Lars_%C3%85ke_Lundberg\">\u00c5<\/a>ke Lundberg um 1970. Bei diesem Lied handelt es sich um ein Wechselgespr\u00e4ch zwischen zwei Personen: der auferstandene Jesus und eine frohe, jubelnde Maria. Zum Anh\u00f6ren gibt viele Versionen des Lieds im Internet, u.a.:  <a rel=\"noreferrer noopener\" href=\"https:\/\/youtu.be\/NE7WLZL53DM?feature=shared\" target=\"_blank\">\u201eDina h\u00e4nder &#8230;\u201c &#8211; Wechselgesang<\/a> oder <a rel=\"noreferrer noopener\" href=\"https:\/\/youtu.be\/5y_sLQ4hnIA?feature=shared\" target=\"_blank\">Dina h\u00e4nder &#8230;<\/a> <\/p>\n\n\n\n<blockquote class=\"wp-block-quote\"><p>J: Deine H\u00e4nde sind voller Blumen. Wem wolltest du sie schenken?<\/p><p>M: Meine Blumen waren f\u00fcr Jesu Grab bestimmt. Aber er war nicht da und sein Grab ist leer &#8211; Halleluja, Halleluja, Halleluja, Halleluja <\/p><cite>(\u201eDina h\u00e4nder \u00e4r fulla av blommor\u201c, 1. Strophe, frei \u00fcbersetzt)<\/cite><\/blockquote>\n\n\n\n<p><strong>Viele Marien &#8230; <\/strong> <\/p>\n\n\n\n<p>Um welche der vielen Marien geht es in der Ostergeschichte? Neben Jesu Mutter Maria gab es eine Maria in der Geschichte \u00fcber \u201eMaria und Martha\u201c im Lukasevangelium, dazu eine Maria als Schwester von Lazarus in der Geschichte im Johannesevangelium: \u201eAuferstehung des Lazarus\u201c. Und dann gab es noch die Maria, die \u201eMagdalena\u201c genannte wurde und von der man angenommen hatte, sie stamme aus einem Ort namens Magdala.&nbsp;\u201eMaria\u201c bzw. \u201eMirjam\u201c war ein beliebter Name zur damaligen Zeit, dabei ist \u201eMaria\u201c die griechisch-lateinische Form f\u00fcr hebr\u00e4isch\/aram\u00e4isch \u201eMirjam\u201c.<\/p>\n\n\n\n<p class=\"has-text-align-right\"><strong>Einschub: <\/strong><br><strong>Maria \u2013 Apostelin, S\u00fcnderin, Gegenspielerin zu Petrus<\/strong><\/p>\n\n\n\n<p class=\"has-text-align-right\">(verk\u00fcrzt dargestellt nach:<br><a rel=\"noreferrer noopener\" href=\"https:\/\/www.katholisch.de\/artikel\/24384-apokryphen-was-nicht-in-der-bibel-steht\" target=\"_blank\">Christoph Br\u00fcwer: Was nicht in der Bibel steht. Feb. 2020<\/a><br><a rel=\"noreferrer noopener\" href=\"https:\/\/www.katholisch.de\/artikel\/14103-apostelin-mit-verruchtem-image\" target=\"_blank\">Agathe Lukassek: Aposolin mit verruchtem Image. Feb 2015<\/a><br><a rel=\"noreferrer noopener\" href=\"https:\/\/www.katholisch.de\/video\/27630-maria-magdalena-kurz-erklaert-heiligenportraits\" target=\"_blank\">Heiligenportr\u00e4ts<\/a>)<\/p>\n\n\n\n<p>Bis heute werden bei Ausgrabungen und in Bibliotheken sogenannte apokryphe Schriften gefunden, von deren Existenz man bisher nichts wusste. Lange Zeit galten die Apokryphen als Texte, die die Schriften des biblischen Kanons nachgeahmt haben, um selbst in den Kanon aufgenommen zu werden, theologisch aber minderwertiger und inhaltsleer gewesen sein sollen, da sie nur f\u00fcr das einfach Volk geschrieben worden seien. Erst in den 1990er Jahren \u00e4nderte sich diese Einstellung und die Theologie besch\u00e4ftigte sich zunehmend mit den Apokryphen.<\/p>\n\n\n\n<p>F\u00fcr die Kirchenv\u00e4ter war Maria Magdalena die neue Eva und die erste Osterbotin, eine \u201eApostelin der Apostel\u201c. Die Umdeutung von der Apostelin zur S\u00fcnderin begann mit den Magdalenenpredigten von Papst Gregor dem Gro\u00dfen (590-604), in denen die Figur der Frau aus Magdala mit der namenlosen S\u00fcnderin, die Jesus in Lukas 7 die F\u00fc\u00dfe salbt, und mit Maria von Betanien, der Schwester von Martha und Lazarus, verschmelzt wird.<\/p>\n\n\n\n<p>Eine eigene Rolle spielen antike Texte, die erst seit Ende des 19. Jahrhunderts gefunden wurden: Schriften, die im 2. und 3. Jahrhundert entstanden sind, etwa das \u201eEvangelium von Maria\u201c. Darin ist Maria eine wichtige J\u00fcngerin, mit der Jesus eine tiefe geistige Beziehung hatte, die Frau, die die Osterbotschaft weitergetragen hat.<\/p>\n\n\n\n<p><strong>Predigttext: Lazarus, Johannes 11<\/strong><\/p>\n\n\n\n<blockquote class=\"wp-block-quote\"><p>Als Jesus nach Betanien kam, lag Lazarus schon vier Tage im Grab. Betanien war nahe bei Jerusalem, knapp drei Kilometer entfernt. Viele Juden waren von dort zu <mark style=\"background-color:rgba(0, 0, 0, 0)\" class=\"has-inline-color has-blue-color\"><strong>Martha <\/strong><\/mark>und <mark style=\"background-color:rgba(0, 0, 0, 0)\" class=\"has-inline-color has-blue-color\"><strong>Maria <\/strong><\/mark>gekommen. Sie wollten sie in ihrer Trauer um den Bruder tr\u00f6sten. Als <mark style=\"background-color:rgba(0, 0, 0, 0)\" class=\"has-inline-color has-blue-color\"><strong>Martha <\/strong><\/mark>h\u00f6rte, dass Jesus kam, ging sie ihm entgegen. <mark style=\"background-color:rgba(0, 0, 0, 0)\" class=\"has-inline-color has-blue-color\"><strong>Maria <\/strong><\/mark>aber blieb zu Hause.<\/p><p><mark style=\"background-color:rgba(0, 0, 0, 0)\" class=\"has-inline-color has-blue-color\"><strong>Martha <\/strong><\/mark>sagte zu Jesus: \u00bbHerr, wenn du hier gewesen w\u00e4rst, dann w\u00e4re mein Bruder nicht gestorben. Aber auch jetzt wei\u00df ich: Alles, worum du Gott bittest, das wird er dir geben.\u00ab Jesus antwortete: \u00bbDein Bruder wird auferstehen!\u00ab <mark style=\"background-color:rgba(0, 0, 0, 0)\" class=\"has-inline-color has-blue-color\"><strong>Martha <\/strong><\/mark>erwiderte:\u00bbIch wei\u00df, dass er auferstehen wird \u2013 bei der Auferstehung der Toten am letzten Tag.\u00ab<\/p><p>Da sagte Jesus zu ihr: \u00bbIch bin die Auferstehung und das Leben! Wer an mich glaubt, wird leben, auch wenn er stirbt. Und wer lebt und an mich glaubt, wird in Ewigkeit nicht von Gott getrennt. Glaubst du das?\u00ab Sie antwortete: \u00bbJa, Herr, ich glaube fest: Du bist der Christus, der Sohn Gottes, der in die Welt kommen soll!\u00ab<\/p><p>Nachdem <mark style=\"background-color:rgba(0, 0, 0, 0)\" class=\"has-inline-color has-blue-color\"><strong>Martha <\/strong><\/mark>das gesagt hatte, ging sie weg und rief ihre Schwester <mark style=\"background-color:rgba(0, 0, 0, 0)\" class=\"has-inline-color has-blue-color\"><strong>Maria<\/strong><\/mark>. Leise sagte sie zu ihr: \u00bbDer Lehrer ist da und l\u00e4sst dich rufen.\u00ab Als <mark style=\"background-color:rgba(0, 0, 0, 0)\" class=\"has-inline-color has-blue-color\"><strong>Maria <\/strong><\/mark>das h\u00f6rte, stand sie schnell auf und ging zu Jesus. ((..))<\/p><cite>(<strong>Johannes 11, 28-44, gek\u00fcrzt<\/strong>)<\/cite><\/blockquote>\n\n\n\n<p><strong>Theologische Entdeckung von Elizabeth Schrader: Maria, nicht Martha!<\/strong><\/p>\n\n\n\n<p>F\u00fcr Katja Engelhard geht es bei diesem Text um <mark style=\"background-color:rgba(0, 0, 0, 0)\" class=\"has-inline-color has-blue-color\"><strong>Maria<\/strong><\/mark>, nicht um Martha &#8211; um Maria, die f\u00fcr viele hunderte von Jahren im Lazarus-Text versteckt worden sei: \u201eHidden in plain sight\u201c, \u201eDa \u2013 und doch unsichtbar gemacht\u201c. Wie kommt Schrader darauf?<\/p>\n\n\n\n<p>Die Theologin Elizabeth (\u201eLibbie\u201c) Schrader aus den USA wollte mehr \u00fcber Maria Magdalena herausfinden und hat in der Zeit um 2015\/2020 \u00fcber den Lazarus-Text wissenschaftlich gearbeitet und dar\u00fcber geschrieben. Als Schrader mit ihrer Arbeit anfing, waren die \u00e4ltesten Handschriften zum Johannesevangelium, die aus dem 2. Jahrhundert nach Christus stammen, gerade digitalisiert worden. So konnte Schrader den Text bequem und vergr\u00f6\u00dfert am Computer lesen. Dabei machte Schrader die Entdeckung: <\/p>\n\n\n\n<p class=\"has-text-align-center\"><strong>Lazarus hatte nicht zwei Schwestern, sondern nur eine Schwester: Maria.<\/strong><\/p>\n\n\n\n<p>Es gibt \u2013 zumindest in der Lazarus- Geschichte \u2013 keine Martha! Jemand hatte im Nachhinein viele Stellen im Manuskript \u00fcbermalt und dabei aus dem Namen \u201eMaria\u201c manchmal den Namen \u201eMartha\u201c gemacht, aus einer Schwester zwei Lazarusschwestern. Das ist ganz einfach: Man muss nur einen Buchstaben ver\u00e4ndern, aus dem \u201ei\u201c von Maria ein griechisches \u201etheta\u201c (\u201eth\u201c) machen, dann ist \u201eMaria\u201c eine \u201eMartha\u201c. <\/p>\n\n\n\n<figure class=\"wp-block-table\"><table><tbody><tr><td class=\"has-text-align-center\" data-align=\"center\"><img loading=\"lazy\" width=\"208\" height=\"87\" src=\"https:\/\/www.ichtich.de\/wp-content\/uploads\/2024\/10\/image.png\" alt=\"\"><\/td><td><img src=\"https:\/\/www.ichtich.de\/wp-content\/uploads\/2024\/10\/image-1.png\" alt=\"\"><\/td><td><img src=\"https:\/\/www.ichtich.de\/wp-content\/uploads\/2024\/10\/image-2.png\" alt=\"\"><\/td><\/tr><tr><td class=\"has-text-align-center\" data-align=\"center\">\u201eMaria\u201c mit \u201ei\u201c<\/td><td>\u201eMartha\u201c mit \u201eth\u201c<\/td><td>\u201eMartha\u201c mit \u00fcberschriebenem \u201ei\u201c<\/td><\/tr><\/tbody><\/table><\/figure>\n\n\n\n<div class=\"wp-block-image is-style-default\"><figure class=\"aligncenter size-full\"><img loading=\"lazy\" width=\"492\" height=\"351\" src=\"https:\/\/www.ichtich.de\/wp-content\/uploads\/2024\/10\/image-3.png\" alt=\"\" class=\"wp-image-3414\" srcset=\"https:\/\/www.ichtich.de\/wp-content\/uploads\/2024\/10\/image-3.png 492w, https:\/\/www.ichtich.de\/wp-content\/uploads\/2024\/10\/image-3-300x214.png 300w\" sizes=\"(max-width: 492px) 100vw, 492px\" \/><figcaption>(Screenshots aus Eric Ferreri, Juni 2019:<br><a rel=\"noreferrer noopener\" href=\"https:\/\/today.duke.edu\/2019\/06\/mary-or-martha-duke-scholars-research-finds-mary-magdalene-downplayed-new-testament-scribes\" target=\"_blank\">Mary or Martha?: A Duke scholar&#8217;s research finds Mary Magdalene downplayed by New Testament Scribes<\/a>)<\/figcaption><\/figure><\/div>\n\n\n\n<p>Warum wurde der Name der Maria aus Bethanien \u00fcberschrieben, versteckt? Vielleicht, weil es den Beginn des Textes weniger holprig macht? Vielleicht, weil es im Lukasevangelium schon das bekannte Schwesternpaar Maria und Martha gibt, und es mit zwei Schwestern mehr Sinn zu machen scheint? Allerdings wohnt dieses Schwesternpaar gar nicht in Bethanien und sie haben auch keinen Bruder namens Lazarus. Es sind v\u00f6llig andere Personen: Maria und Martha bei Lukas und Maria (ohne Martha) bei Johannes!<\/p>\n\n\n\n<p><strong>Bedeutung von nur einer Lazarus-Schwester: Maria aus Bethanien<\/strong><\/p>\n\n\n\n<p>In den letzten Jahren haben sich viele Wissenschaftler mit dieser Maria aus Bethanien besch\u00e4ftigt, und alle sind sich einig: Elizabeth Schrader hat hier etwas Sensationelles entdeckt. Aber was ist so sensationell daran, dass es nur eine Schwester ist und nicht zwei?<\/p>\n\n\n\n<p>Katja Engelhard kommt hier an den zentralen Punkt der Szene, <mark style=\"background-color:rgba(0, 0, 0, 0)\" class=\"has-inline-color has-blue-color\"><strong>in der nicht Martha, sondern Maria mit Jesus spricht<\/strong><\/mark> \u2013 ein Christusbekenntnis in der Mitte des Johannes-Evangeliums, im Zentrum des Buches. Als Antwort auf Jesu Frage antwortet hier nicht irgendeine Martha, die sonst keine weitere Rolle spielt, sondern <mark style=\"background-color:rgba(0, 0, 0, 0)\" class=\"has-inline-color has-blue-color\"><strong>Maria <\/strong><\/mark>mit dem Bekenntnis:<\/p>\n\n\n\n<blockquote class=\"wp-block-quote\"><p>Und Jesus sagt zu <mark style=\"background-color:rgba(0, 0, 0, 0)\" class=\"has-inline-color has-blue-color\"><strong>Maria<\/strong><\/mark>: \u00bbIch bin die Auferstehung und das Leben! Wer an mich glaubt, wird leben, auch wenn er stirbt. (\u2026) Glaubst du das?\u00ab<\/p><p><strong>\u00bbJa, Herr, ich glaube fest: Du bist der Christus, der Sohn Gottes, der in die Welt kommen soll!\u00ab<\/strong> (&#8230;)<\/p><cite>(Katja Engelhard, 2024: https:\/\/www.svenskakyrkan.se\/tyska\/unerwartet)<\/cite><\/blockquote>\n\n\n\n<p>Engelhard sieht hier die Parallele zum Bekenntnis des Petrus im Zentrum des Markusevangeliums Nur wird das Bekenntnis hier, im Johannesevangelium, von einer Frau gesprochen, von Maria aus Bethanien. Der J\u00fcnger Simon bekommt an dieser zentralen Stelle im Markusevangelium seinen Ehrentitel verliehen: \u201eder Fels\u201c bzw. griech.\/lat. \u201ePetrus\u201c \u2013 Simon Petrus. <\/p>\n\n\n\n<p><strong>\u201eMaria Magdala<strong>\u201c<\/strong><\/strong><strong>: \u201eMaria der Turm\u201c<\/strong><\/p>\n\n\n\n<p>Das ist in Engelhards Predigt das letzte Puzzlest\u00fcck in der Detektivgeschichte: Der Ehrentitel der Maria aus Bethanien ist \u201eMagdala\u201c. <\/p>\n\n\n\n<p>Dabei handelt es sich jedoch nicht um einen Ortsnamen, \u201eaus Magdala\u201c. Denn, auch das ist inzwischen historisch und arch\u00e4ologisch belegt: Den Ort Magdala gab es zu der Zeit von Jesus und Maria noch gar nicht. <\/p>\n\n\n\n<p>Was es aber gab, ist das aram\u00e4ische Wort \u201eMagdala\u201c f\u00fcr \u201eTurm\u201c. Und Aram\u00e4isch ist die Muttersprache von Jesus und Maria.<\/p>\n\n\n\n<p class=\"has-text-align-center\"><strong>Damit steht nun neben Simon Petrus, \u201eSimon der Fels\u201c <\/strong><br><strong>Maria Magdala, \u201eMaria der Turm\u201c.<\/strong><\/p>\n\n\n\n<p><strong>Was folgt &#8230; <\/strong><\/p>\n\n\n\n<ul><li>Maria Magdala ist Augenzeugin der Kreuzigung Jesu und Augenzeugin der Auferstehung Jesu.<\/li><li>Maria Magdala spricht eines der wichtigsten Bekenntnisse in den Evangelien:<br>\u201eIch glaube, dass du der Christus bist, der Sohn Gottes, der in die Welt gekommen ist.\u201c<\/li><li>\u201eMagdala\u201c ist keine Ortsangabe, sondern ein bedeutender Ehrentitel: \u201eMaria der Turm\u201c, vergleichbar mit \u201ePetrus der Fels\u201c. Beide \u2013 Simon Petrus und Maria Magdala \u2013 sind mit ihren Bekenntnissen jeweils das Zentrum eines Evangeliums.<\/li><\/ul>\n\n\n\n<p class=\"has-text-align-center\"><strong>Maria Magdalena ist wie ein Turm, <\/strong><br><strong>wie ein weit sichtbarer und sicherer Ort.<\/strong><\/p>\n\n\n\n<p>Engelhard beendet ihre Predigt mit der \u00dcberlegung: Wie sch\u00f6n w\u00e4re es gewesen, wenn wir davon schon fr\u00fcher erfahren h\u00e4tten, im Kindergottesdienst oder aus unseren Kinderbibeln. Wenn wir dort gelesen und geh\u00f6rt h\u00e4tten:<\/p>\n\n\n\n<blockquote class=\"wp-block-quote\"><p>Maria Magdalena ist ein Vorbild. Glaube wie sie. Weiche dem Schmerz nicht aus und nicht der Liebe. Sei sichtbar! Sei gro\u00df! Hab in dir Platz f\u00fcr vieles \u2026<\/p><p>Das h\u00e4tte einen echten Unterschied gemacht. F\u00fcr mich und viele andere M\u00e4dchen und Frauen. Stattdessen wurde sie kleingeredet. \u00dcbermalt. Und als Apostelin seit Jahrhunderten vor uns versteckt!<\/p><cite>(<a rel=\"noreferrer noopener\" href=\"https:\/\/www.svenskakyrkan.se\/tyska\/unerwartet\" target=\"_blank\">Katja Engelhard, 2024<\/a> nach <a rel=\"noreferrer noopener\" href=\"https:\/\/www.evangelisch.de\/blogs\/spiritus\/204798\/22-08-2022\" target=\"_blank\">Birgit Mattausch, 2022<\/a>) <\/cite><\/blockquote>\n\n\n\n<p class=\"has-text-align-center\"><strong><mark style=\"background-color:rgba(0, 0, 0, 0)\" class=\"has-inline-color has-blue-color\">Maria, Turm, Apostelin und Vorbild im Glauben.<\/mark><\/strong><\/p>\n\n\n\n<p>Und ich erg\u00e4nze den Blick \u201eWie sch\u00f6n w\u00e4re es gewesen &#8230;\u201c mit der Aufforderung \u201eImagine &#8230;\u201c von Diana Butler Bass:<em> <strong>Imagine &#8230;<\/strong><\/em><\/p>\n\n\n\n<blockquote class=\"wp-block-quote\"><p>What does that church look like? What does a Christianity of Mary the Tower look like? And what in the world might that towering faith have to say to this moment of crisis in which we live?<\/p><cite>(<a href=\"https:\/\/dianabutlerbass.substack.com\/p\/mary-the-tower\" target=\"_blank\" rel=\"noreferrer noopener\">Diana Butler Bass, 2022<\/a>)<\/cite><\/blockquote>\n\n\n\n<p class=\"has-text-align-center\"><strong><mark style=\"background-color:rgba(0, 0, 0, 0)\" class=\"has-inline-color has-blue-color\"><\/mark><\/strong><\/p>\n\n\n\n<h2>Quellen aller Art<\/h2>\n\n\n\n<p><strong>Einstig: Lazarus-Predigt<\/strong><\/p>\n\n\n\n<ul><li>Predigt in der deutschen Gemeinde \/ Tyska Kyrkan (Christinenkirche) in G\u00f6teborg von Pfarrerin Katja Engelhard am 15. Sept. 2024, <a rel=\"noreferrer noopener\" href=\"https:\/\/www.svenskakyrkan.se\/tyska\/unerwartet\" target=\"_blank\">\u201e(un)erwartet\u201c<\/a>:<\/li><li>Schwedisches Osterlied, schwedisches Gesangbuch Psalm 154: <br><a rel=\"noreferrer noopener\" href=\"https:\/\/youtu.be\/NE7WLZL53DM?feature=shared\" target=\"_blank\">\u201eDina h\u00e4nder \u00e4r fulla av blommor\u201c &#8211; Wechselgesang<\/a> oder <a rel=\"noreferrer noopener\" href=\"https:\/\/youtu.be\/5y_sLQ4hnIA?feature=shared\" target=\"_blank\">Dina h\u00e4nder &#8230;<\/a> <\/li><\/ul>\n\n\n\n<p><strong>Forschung \u2013 Entdeckungen, Sichtweisen, Theorien<\/strong><\/p>\n\n\n\n<ul><li><a rel=\"noreferrer noopener\" href=\"https:\/\/www.elizabethschrader.com\/speaking\" target=\"_blank\">Elizabeth Schrader aus den USA<\/a><\/li><li><a rel=\"noreferrer noopener\" href=\"https:\/\/www.cambridge.org\/core\/journals\/harvard-theological-review\/article\/abs\/was-martha-of-bethany-added-to-the-fourth-gospel-in-the-second-century\/6CBD2C9576A583DD02987FE836C427B7\" target=\"_blank\">Elizabeth Schrader: Was Martha of Bethany Added to the Fourth Gospel in the Second Century?<\/a> (Harvard Theological Review. Published online by Cambridge University Press: 08 September 2016)<\/li><li><a rel=\"noreferrer noopener\" href=\"http:\/\/Elizabeth Schrader Polczer: \u039c\u03b1\u03c1\u03af\u03b1 and \u039c\u03ac\u03c1\u03b8\u03b1 in the Manuscripts\" target=\"_blank\">Rede von Elizabeth Schrader in Leipzig<\/a>, 2023 <\/li><li><a rel=\"noreferrer noopener\" href=\"https:\/\/today.duke.edu\/2019\/06\/mary-or-martha-duke-scholars-research-finds-mary-magdalene-downplayed-new-testament-scribes\" target=\"_blank\">Maria oder Martha<\/a>, 2019\/2020 <\/li><li>Diana Butler Bass, Juli 2022: <a href=\"https:\/\/dianabutlerbass.substack.com\/p\/mary-the-tower\">\u201eMary the Tower &#8211; What would Christianity be like if Mary Magdalene hadn&#8217;t been hidden from view?\u201d<\/a><\/li><li>Yonat Shimron, 2019: <a rel=\"noreferrer noopener\" href=\"https:\/\/episcopalnewsservice.org\/2019\/07\/23\/scribes-tried-to-blot-her-out-now-a-scholar-is-trying-to-recover-the-real-mary-magdalene\/\" target=\"_blank\">Scribes tried to blot her out. Now a scholar is trying to recover the real Mary Magdalene.<\/a> (Episcopal News Service, Juli 2019)<\/li><li><a rel=\"noreferrer noopener\" href=\"https:\/\/youtu.be\/_b3Y3cJ0Ic8?feature=shared\" target=\"_blank\">Women Erased: Mary Magdalene and the Gospel of John with Elizabeth Schrader <\/a>(FutureChurch, Women Erased, Aug. 2021)<\/li><\/ul>\n\n\n\n<p><strong>Predigten und Artikel \u00fcber \u201eMaria der Turm\u201c<\/strong><\/p>\n\n\n\n<ul><li>Birgit Mattausch, 2022:  <a rel=\"noreferrer noopener\" href=\"https:\/\/www.evangelisch.de\/blogs\/spiritus\/204798\/22-08-2022\" target=\"_blank\">\u201eMaria der Turm &#8211; Von Zeit zu Zeit die Welt beobachten &#8230;.\u201c<\/a><\/li><li>Max Melzer, August 2022: <a rel=\"noreferrer noopener\" href=\"https:\/\/moehrenzahn.de\/maria-magdalena-eule\/\" target=\"_blank\">Wer war Maria Magdalena wirklich?<\/a><\/li><li>Predigt von Pr\u00e4lat i.R. Traugott Sch\u00e4chtele, Sept. 2023: <a rel=\"noreferrer noopener\" href=\"https:\/\/www.schaechtele.net\/texte\/2023\/maria-der-turm\" target=\"_blank\">Maria der Turm<\/a><\/li><\/ul>\n\n\n\n<p><strong>Hintergrund \u2013 Kirchengeschichte: Apogryphen, und \u201eEvangelium der Maria<\/strong>\u201c<\/p>\n\n\n\n<ul><li>Feb. 2015: <a rel=\"noreferrer noopener\" href=\"https:\/\/www.katholisch.de\/artikel\/14103-apostelin-mit-verruchtem-image\" target=\"_blank\">Apostelin<\/a><\/li><li>Feb. 2020: <a rel=\"noreferrer noopener\" href=\"https:\/\/www.katholisch.de\/artikel\/24384-apokryphen-was-nicht-in-der-bibel-steht\" target=\"_blank\">Maria \u2013 Apostelin der Apostel:<\/a><\/li><li><a rel=\"noreferrer noopener\" href=\"https:\/\/www.katholisch.de\/video\/27630-maria-magdalena-kurz-erklaert-heiligenportraits\" target=\"_blank\">Heiligenportr\u00e4t: Maria Magdalena<\/a><\/li><li>Lucas Wiegelmann, in \u201eWelt\u201c, M\u00e4rz 2018: \u201e<a rel=\"noreferrer noopener\" href=\"https:\/\/www.welt.de\/print\/die_welt\/literatur\/article175044952\/Die-erste-Paepstin.html\" target=\"_blank\">Die erste P\u00e4pstin<\/a>\u201c<\/li><li><a href=\"https:\/\/archive.org\/details\/Papyrus66P66CodexOfJohn\/page\/n13\/mode\/2up?view=theater\">Papyrus 66 (\u00e4lteste Handschrift des Johannesevangeliums)<\/a><\/li><\/ul>\n\n\n\n<h2><strong>Nachtrag: \u201eMirjam Migdal\u201c<\/strong> anstelle von <strong>\u201eMaria Magdala\u201c<\/strong><\/h2>\n\n\n\n<p>In Vaters alter Ausgabe von Hollenberg-Budde: \u201eHebr\u00e4isches Schulbuch\u201c, finde ich den Eintrag <mark style=\"background-color:rgba(0, 0, 0, 0)\" class=\"has-inline-color has-blue-color\"><strong>\u05de\u05b4\u05d2\u05d3\u05b8\u05dc<\/strong><\/mark>,<mark style=\"background-color:rgba(0, 0, 0, 0)\" class=\"has-inline-color has-blue-color\"><strong> <\/strong><\/mark>\u201eTurm, Burg&#8221; (von <mark style=\"background-color:rgba(0, 0, 0, 0)\" class=\"has-inline-color has-blue-color\"><strong>\u05d2\u05b8\u05d3\u05d5\u05b9\u05dc <\/strong><\/mark>\u201egadol\u201c, \u201egro\u00df\u201c). Mit dem Wissen aus ein paar Stunden Hebr\u00e4isch-Unterricht in der Schulzeit schreibe ich, von rechts nach links, mit den Konsonanten \u201eMRJm\u201c bzw. \u201eMGDL&#8221; und den Vokalen als P\u00fcnktchen und Striche: <mark style=\"background-color:rgba(0, 0, 0, 0)\" class=\"has-inline-color has-blue-color\"><strong>\u05de\u05b4\u05e8\u05b0\u05d9\u05b8\u05dd <\/strong><\/mark>\u201eMirjam\u201c und  <mark style=\"background-color:rgba(0, 0, 0, 0)\" class=\"has-inline-color has-blue-color\"><strong>\u05de\u05b4\u05d2\u05d3\u05b8\u05dc <\/strong><\/mark>\u201emigdal\u201c, \u201eTurm\u201c. Anstelle von \u201eMaria Magdala\u201c im obigen Text steht nun auf Hebr\u00e4isch  <mark style=\"background-color:rgba(0, 0, 0, 0)\" class=\"has-inline-color has-blue-color\"><strong>\u05de\u05b4\u05e8\u05b0\u05d9\u05b8\u05dd \u05de\u05b4\u05d2\u05d3\u05b8\u05dc<\/strong><\/mark>, \u201eMirjam Migdal\u201c, \u201eMirjam der Turm\u201c:<\/p>\n\n\n\n<div class=\"wp-block-image is-style-default\"><figure class=\"aligncenter size-large is-resized\"><img loading=\"lazy\" src=\"https:\/\/www.ichtich.de\/wp-content\/uploads\/2024\/10\/IMG_1105-1024x742.jpg\" alt=\"\" class=\"wp-image-3434\" width=\"512\" height=\"371\"\/><\/figure><\/div>\n","protected":false},"excerpt":{"rendered":"<p>Die Predigt bei unserem Besuch des Gottesdienstes der deutschen Gemeinde in der Christinenkirche in G\u00f6teborg im September war wahrlich unerwartet: Sie vermittelte uns ganz neue Erkenntnisse zur Bibel, die dazu dr\u00e4ngen, sich Gedanken zu machen \u00fcber Maria genannt \u201eMagdalena\u201c. Was hat es mit dieser Maria auf sich \u2013 und was bedeutet ihr Beiname \u201eMagdala\u201c? Eine [&hellip;]<\/p>\n","protected":false},"author":1,"featured_media":3418,"comment_status":"closed","ping_status":"closed","sticky":false,"template":"","format":"standard","meta":[],"categories":[4,17,8,9],"tags":[133,27,128,127,132,131,37,130],"_links":{"self":[{"href":"https:\/\/www.ichtich.de\/index.php?rest_route=\/wp\/v2\/posts\/3409"}],"collection":[{"href":"https:\/\/www.ichtich.de\/index.php?rest_route=\/wp\/v2\/posts"}],"about":[{"href":"https:\/\/www.ichtich.de\/index.php?rest_route=\/wp\/v2\/types\/post"}],"author":[{"embeddable":true,"href":"https:\/\/www.ichtich.de\/index.php?rest_route=\/wp\/v2\/users\/1"}],"replies":[{"embeddable":true,"href":"https:\/\/www.ichtich.de\/index.php?rest_route=%2Fwp%2Fv2%2Fcomments&post=3409"}],"version-history":[{"count":16,"href":"https:\/\/www.ichtich.de\/index.php?rest_route=\/wp\/v2\/posts\/3409\/revisions"}],"predecessor-version":[{"id":3449,"href":"https:\/\/www.ichtich.de\/index.php?rest_route=\/wp\/v2\/posts\/3409\/revisions\/3449"}],"wp:featuredmedia":[{"embeddable":true,"href":"https:\/\/www.ichtich.de\/index.php?rest_route=\/wp\/v2\/media\/3418"}],"wp:attachment":[{"href":"https:\/\/www.ichtich.de\/index.php?rest_route=%2Fwp%2Fv2%2Fmedia&parent=3409"}],"wp:term":[{"taxonomy":"category","embeddable":true,"href":"https:\/\/www.ichtich.de\/index.php?rest_route=%2Fwp%2Fv2%2Fcategories&post=3409"},{"taxonomy":"post_tag","embeddable":true,"href":"https:\/\/www.ichtich.de\/index.php?rest_route=%2Fwp%2Fv2%2Ftags&post=3409"}],"curies":[{"name":"wp","href":"https:\/\/api.w.org\/{rel}","templated":true}]}}