{"id":3369,"date":"2024-05-12T16:09:18","date_gmt":"2024-05-12T16:09:18","guid":{"rendered":"https:\/\/www.ichtich.de\/?p=3369"},"modified":"2025-05-02T13:35:14","modified_gmt":"2025-05-02T13:35:14","slug":"3369","status":"publish","type":"post","link":"https:\/\/www.ichtich.de\/?p=3369","title":{"rendered":"Korbinian und der B\u00e4r: \u201eWas hattest du denn erwartet?!\u201c"},"content":{"rendered":"\n<p>Man kann die aktuelle Ausstellung \u201eTassilo, Korbinian und der B\u00e4r\u201c im <a rel=\"noreferrer noopener\" href=\"https:\/\/www.dimu-freising.de\/\" target=\"_blank\">Freisinger Di\u00f6zesanmuseum <\/a>sicher unter ganz unterschiedlichen Blickwinkeln besuchen und erleben. F\u00fcr manchen \u2013 genauer: f\u00fcr manche Besucherin \u2013 mag sie irritierend und sehr verwirrend sein: &nbsp;Sie regt dazu an, die Geschichte und die Geschichten um den Freisinger Stadtpatron Korbinian genauer zu betrachten und dazu Fragen zu stellen. <\/p>\n\n\n\n<!--more-->\n\n\n\n<p>Wer neu nach Freising kommt, h\u00f6rt hier vielleicht zum ersten Mal den Namen \u201eKorbinian\u201c. Doch schnell erf\u00e4hrt man mehr \u00fcber den Heiligen Korbinian, der im Jahr 724 nach Freising gekommen sein soll und dessen Ankunft in Freising im Jahr 2024 in der Stadt und im Bistum als <a rel=\"noreferrer noopener\" href=\"https:\/\/www.korbinian2024.de\/\" target=\"_blank\">Stadtjubil\u00e4um <\/a>bzw. als <a rel=\"noreferrer noopener\" href=\"https:\/\/www.erzbistum-muenchen.de\/im-blick\/bistumsjubilaeum\" target=\"_blank\">Bistumsjubil\u00e4um <\/a><a rel=\"noreferrer noopener\" href=\"https:\/\/www.erzbistum-muenchen.de\/im-blick\/bistumsjubilaeum\" target=\"_blank\">des Erzbistums M\u00fcnchen und Freising<\/a> gefeiert wird. Die 1300-Jahr-Feier ist nicht zu \u00fcbersehen, denn an allen Ecken und Enden der Stadt wird man mit Abbildungen und Feierlichkeiten rund um Korbinian begr\u00fc\u00dft. Man mag sich fragen, ob neben Korbinian und dem B\u00e4ren auch Platz ist f\u00fcr anderes, das zeigt, dass Freising auch offen ist f\u00fcr Neues.   <\/p>\n\n\n\n<h2>Korbinian und der B\u00e4r <\/h2>\n\n\n\n<p>Was aber hat es auf sich mit Korbinian und seinem B\u00e4ren, die man zusammen auf den Bildern immer eng miteinander verbunden sieht \u2013 man denkt  dabei an den Heiligen Franziskus, der so freundlich mit den Tieren sprach. Ja, freundlich mag das Bild von Korbinian und B\u00e4r wirken, doch ganz so friedlich wird das Z\u00e4hmen des B\u00e4ren, der Korbinians Pferd auf dem Weg nach Rom angefallen hatte und von Korbinian gez\u00e4hmt wurde, wohl nicht gewesen sein. <\/p>\n\n\n\n<p>Das bisher so freundlich wirkende Bild von Korbinian verblasst jedoch, wenn man von einer anderen Legende um Korbinian erf\u00e4hrt: eine Geschichte, die \u2013 als animiertes Gem\u00e4lde \u2013 die Besucherin beim Betreten der Ausstellung empf\u00e4ngt, oder sollte man sagen: \u00fcberf\u00e4llt. Wenn man auf den Eingang zur Ausstellung zugeht, sieht man direkt auf die Szene, man kann ihr nicht entgehen. <\/p>\n\n\n\n<h2>Korbinian, die Frau und die Peitsche<\/h2>\n\n\n\n<p>Eine \u201eZauberin\u201c, hat \u2013 so ist in der Darstellung zu lesen \u2013 den Sohn der Herzogin geheilt. Erbost \u00fcber \u201esolch unchristliche Praktiken\u201c schlug Korbinian mit der Peitsche auf die Frau, die \u201eGiftmischerin\u201c, ein. Im Freisinger Dom sieht man diese Szene als Deckengem\u00e4lde, und in der Ausstellung wird dieses Bild gezeigt, wobei Korbinians Arm sich in einer Animation auf- und abbewegt und auf den K\u00f6rper der vor ihm auf dem Boden liegenden Frau einschl\u00e4gt. <\/p>\n\n\n\n<p>Missionieren mit einer Peitsche, nicht mit \u00fcberzeugenden Worten? Das ist nun doch irritierend und aufw\u00fchlend f\u00fcr die Besucherin.&nbsp;Die Fragen \u00fcberschlagen sich:<\/p>\n\n\n\n<ul><li>Ist diese Darstellung zu Beginn der Ausstellung provozierend gemeint? Wenn ja: Wozu?<\/li><li>Muss die Ausstellung die Besucher*innen unbedingt mit dieser szene empfangen? W\u00e4re das Wasserwunder nicht auch ein m\u00f6glicher, und zwar: freundlicher, Empfang gewesen? <\/li><li>Was wurde fr\u00fcher, was wird heute den Menschen \u2013 vor allem: den Frauen oder auch Kindern \u2013 mit diesem Bild vermittelt? <\/li><li>Wer war diese Frau, wieso konnte sie heilen? Und wieso hat Korbinian sie so heftig bek\u00e4mpft? <\/li><li>Wie kann man Heilen als unchristliche Praktik ansehen? <\/li><li>Kann man das Auspeitschen einer am Boden liegenden Frau als eine christliche Handlung betrachten? Wie l\u00e4sst sich das Kindern erkl\u00e4ren? <\/li><li>Steht Korbinians Zorn in Verbindung mit seinem Machtkampf mit Pilitrud, der Frau des Herzogs, dessen Sohn geheilt wurde? Wollte Korbinian verhindern, dass Pilitruds Sohn gesund wird? <\/li><li>Die Geschenke f\u00fcr die Heilung nahm Korbinian der Legende nach der Heilerin weg und verteilte sie an Arme \u2013 eine wahrhaft freundliche Geste Korbinians gegen\u00fcber den Armen der Stadt, aber dennoch die Frage: Verteilen von etwas, das er einer anderen geraubt hatte \u2013  wie l\u00e4sst sich das rechtfertigen?  <\/li><\/ul>\n\n\n\n<h2>Frauen z\u00e4hlen &#8230;<\/h2>\n\n\n\n<p>Nach dem eindr\u00fccklichen Empfang mit Korbinian und seiner Peitsche sucht die Besucherin in der Ausstellung nach weiteren Frauen: Wie sind die Frauen dargestellt, falls es denn \u00fcberhaupt Frauen gibt, in dieser Geschichte der m\u00e4chtigen M\u00e4nner? <\/p>\n\n\n\n<p>Sie beginnt, Frauen zu suchen, Frauen zu z\u00e4hlen \u2026<\/p>\n\n\n\n<ul><li>Die erste Frau in der Ausstellung ist die von Korbinian ausgepeitschte, am Boden liegende \u201eHexe\u201c. &nbsp;<\/li><li>Als zweite Frau entdeckt die Besucherin die Herzogsschwester Uta, aufgef\u00fchrt im Stammbaum neben ihren Br\u00fcdern, sie als einzige ohne Sterbedatum. \u00dcber sie erf\u00e4hrt man, dass sie als unverheiratete Frau schwanger war und letztendlich (hier k\u00fcrzen wir die Geschichte ab) zur Heiligsprechung des Regensburger Bischofs Emmeram beigetragen hat. Mit der Geschichte um Uta bekam Regensburg seinen Heiligen <a href=\"https:\/\/bistum-regensburg.de\/termine\/details\/emmeram-maertyrer-aus-regensburg?q=%2Ftermine%2Fdetails%2Femmeram-maertyrer-aus-regensburg&amp;cHash=5038ed04c7743ffd9f0073d288602c07\">Emmeram<\/a> \u2013 und Uta entschwindet aus der Geschichte.&nbsp;<\/li><li>Die dritte Frau in der Ausstellung ist <em>Liutpirc &nbsp;<\/em>bzw <em>Liutberga.&nbsp;<\/em>Mit ihrem Mann Tassilo ist Liutberga auf dem kunst- und wertvollen <a rel=\"noreferrer noopener\" href=\"https:\/\/www.katholisch.de\/artikel\/52200-grosse-sensation-ueber-1200-jahre-alter-kelch-kommt-nach-deutschland\" target=\"_blank\">Tassilo-Kelch<\/a>, der in der Ausstellung zu sehen ist, verewigt. Im Machtkampf zwischen Tassilo und Karl dem Gro\u00dfen wurde Liutberga mit ihrem Mann und ihren Kindern verurteilt und hinter Klostermauern verbannt, wo sie bald gestorben ist.<\/li><li>Eine letzte Frau, bzw. den Hinweis auf eine Frau, findet die Besucherin bei den ausgestellten Gegenst\u00e4nden: bei einem Damensattel. Man erf\u00e4hrt, dass der Sattel bei Ausgrabungen in der N\u00e4he von Erding gefunden wurde und zu den <a rel=\"noreferrer noopener\" href=\"https:\/\/museum-erding.de\/portfolio\/archaeologie\/\" target=\"_blank\">Grabbeigaben einer Frau<\/a> geh\u00f6rt habe. Wenigstens eine Frau, die Werstsch\u00e4tzung empfangenhat. <\/li><\/ul>\n\n\n\n<p>Eingebettet ist die Ausstellung \u201eTassilo, Korbinian und der B\u00e4r\u201c in die <a rel=\"noreferrer noopener\" href=\"https:\/\/www.dimu-freising.de\/ausstellungen\/724mmm\" target=\"_blank\">Sonderausstellung  \u201eM\u00e4nner Macht Geschichten\u201c<\/a>. Verwundert stellt die Besucherin fest: Unter den vielen M\u00e4nnern der Ausstellung sind gerade mal vier Frauen zu sehen: geschlagen, geschw\u00e4ngert, verbannt, begraben und vergessen.&nbsp;<\/p>\n\n\n\n<p>Im Gespr\u00e4ch mit einer Freundin h\u00f6rt die Besucherin den Satz einer gemeinsamen Freundin, den diese bez\u00fcglich einer fr\u00fcheren DiMu-Ausstellung gesagt hatte: \u201eJa was hattest du denn erwartet?!\u201c <\/p>\n\n\n\n<h2>Was hattest du denn erwartet?<\/h2>\n\n\n\n<p>Interessant w\u00e4re es, mehr dar\u00fcber zu erfahren, wie Korbinians Nachfolger Arbeo\/Aribo vorgegangen war beim Schreiben des Textes der \u201eVita Corbiniani\u201c, der Lebensbeschreibung des Heiligen Korbinian. Anzuh\u00f6ren bzw. im Buch nachzulesen ist Arbeos Text auf der Seite des <a rel=\"noreferrer noopener\" href=\"https:\/\/historischer-verein-freising.de\/vita-corbiniani\/\" target=\"_blank\">Historischen Vereins Freising<\/a>: \u201eArbeo sah in dem um 720 in Freising wirkenden Korbinian die starke Gr\u00fcndergestalt f\u00fcr das junge Bistum Freising und f\u00f6rderte nach Kr\u00e4ften dessen Verehrung.\u201c<\/p>\n\n\n\n<p>W\u00fcnschenswert w\u00e4re es zu erfahren, was in Arbeos Text sich wirklich so zugetragen hat und was davon Legende ist. War Arbeos Werk eine Auftragsarbeit? Wenn ja: von wem, mit welchem Ziel? Hatte Arbeo die Geschichten um Korbinian inszeniert?<\/p>\n\n\n\n<p>Aus Arbeos Text k\u00f6nnte man auch herauslesen, dass Korbinian weder Spielball noch Spieler der M\u00e4chtigen sein wollte, sondern vielmehr immer wieder Ruhe gesucht hatte \u2013 eine Ruhe, die ihm in Freising nicht verg\u00f6nnt war (und ihm wohl auch im Jubil\u00e4umsjahr nicht verg\u00f6nnt ist). &nbsp;<\/p>\n\n\n\n<p class=\"has-text-align-center\">Fragen \u00fcber Fragen, Fragen \u00fcber \u201eM\u00e4nner Macht Geschichten\u201c &#8230;<\/p>\n\n\n\n<h2>Ein Raum der Stille und der Zuflucht<\/h2>\n\n\n\n<p>Ich verlasse das Museum, lasse Ausstellung und die vielen Fragen hinter mir, atmet tief durch \u2013 und erhalte v\u00f6llig unverhofft einen ganz anderen, vers\u00f6hnlichen Blick auf Frauen am Domberg: auf die <a href=\"https:\/\/www.curators.de\/de\/exhibitions\/kiki-smith-the-chapel-of-marys-mantle\" target=\"_blank\" rel=\"noreferrer noopener\">K\u00fcnstlerin Kiki Smith<\/a> und auf die von ihr gestalteten \u201e<a rel=\"noreferrer noopener\" href=\"https:\/\/www.dimu-freising.de\/museum\/marysmantleschapel\" data-type=\"URL\" data-id=\"https:\/\/www.dimu-freising.de\/museum\/marysmantleschapel\" target=\"_blank\">The Chapel of Mary\u2019s Mantle<\/a>\u201c: \u201e&#8230; der Schutzmantelmadonna gewidmet, ist sie ein wunderbarer <a href=\"https:\/\/chrismon.de\/artikel\/55106\/new-yorker-kuenstlerin-kiki-smith-gestaltet-eine-kapelle-freising\" target=\"_blank\" rel=\"noreferrer noopener\">Ort der Kontemplation geworden, ein Raum der Stille und der Zuflucht.<\/a>\u201c<\/p>\n\n\n\n<p>Entstanden aus recycelten Dachziegeln einer alten Pfarrkirche h\u00e4ngt in der Kapelle ein blauer Mantel an einem Nagel: <\/p>\n\n\n\n<blockquote class=\"wp-block-quote\"><p>Die K\u00fcnstlerin betont: \u201eMarias Mantel ist blau wie der Himmel, der die Erde umarmt.\u201c [\u2026] Angesprochen auf die goldene Skulptur des Heiligen Geistes in Gestalt einer Taube auf dem Kapellendach erkl\u00e4rte die K\u00fcnstlerin: \u201eEr sitzt eigentlich nicht, er fliegt gerade eben los.\u201c Zu den Sonnwenden, wenn das Licht exakt aus Westen komme, werde er weithin auf die Stadt Freising und das Land hinunter leuchten. <br>\u201eMir hat die Idee gefallen, hier eine Art Leuchtturm zu installieren.\u201c<\/p><cite><a href=\"https:\/\/www.evangelische-zeitung.de\/kiki-smith-kunst-und-katholische-kirchen-passen-gut-zusammen\">https:\/\/www.evangelische-zeitung.de\/kiki-smith-kunst-und-katholische-kirchen-passen-gut-zusammen<\/a><\/cite><\/blockquote>\n\n\n\n<figure class=\"wp-block-image size-large\"><img loading=\"lazy\" width=\"1024\" height=\"731\" src=\"https:\/\/www.ichtich.de\/wp-content\/uploads\/2024\/05\/IMG_2049-1024x731.jpg\" alt=\"\" class=\"wp-image-3388\" srcset=\"https:\/\/www.ichtich.de\/wp-content\/uploads\/2024\/05\/IMG_2049-1024x731.jpg 1024w, https:\/\/www.ichtich.de\/wp-content\/uploads\/2024\/05\/IMG_2049-300x214.jpg 300w, https:\/\/www.ichtich.de\/wp-content\/uploads\/2024\/05\/IMG_2049-768x548.jpg 768w, https:\/\/www.ichtich.de\/wp-content\/uploads\/2024\/05\/IMG_2049-1536x1097.jpg 1536w, https:\/\/www.ichtich.de\/wp-content\/uploads\/2024\/05\/IMG_2049-2048x1462.jpg 2048w, https:\/\/www.ichtich.de\/wp-content\/uploads\/2024\/05\/IMG_2049-624x446.jpg 624w\" sizes=\"(max-width: 1024px) 100vw, 1024px\" \/><\/figure>\n\n\n\n<figure class=\"wp-block-image size-large\"><img loading=\"lazy\" width=\"1024\" height=\"731\" src=\"https:\/\/www.ichtich.de\/wp-content\/uploads\/2024\/05\/IMG_2050-1024x731.jpg\" alt=\"\" class=\"wp-image-3390\" srcset=\"https:\/\/www.ichtich.de\/wp-content\/uploads\/2024\/05\/IMG_2050-1024x731.jpg 1024w, https:\/\/www.ichtich.de\/wp-content\/uploads\/2024\/05\/IMG_2050-300x214.jpg 300w, https:\/\/www.ichtich.de\/wp-content\/uploads\/2024\/05\/IMG_2050-768x548.jpg 768w, https:\/\/www.ichtich.de\/wp-content\/uploads\/2024\/05\/IMG_2050-1536x1097.jpg 1536w, https:\/\/www.ichtich.de\/wp-content\/uploads\/2024\/05\/IMG_2050-2048x1463.jpg 2048w, https:\/\/www.ichtich.de\/wp-content\/uploads\/2024\/05\/IMG_2050-624x446.jpg 624w\" sizes=\"(max-width: 1024px) 100vw, 1024px\" \/><\/figure>\n\n\n\n<figure class=\"wp-block-image size-large is-resized\"><img loading=\"lazy\" src=\"https:\/\/www.ichtich.de\/wp-content\/uploads\/2024\/05\/IMG_2059-1024x731.jpg\" alt=\"\" class=\"wp-image-3391\" width=\"655\" height=\"467\" srcset=\"https:\/\/www.ichtich.de\/wp-content\/uploads\/2024\/05\/IMG_2059-1024x731.jpg 1024w, https:\/\/www.ichtich.de\/wp-content\/uploads\/2024\/05\/IMG_2059-300x214.jpg 300w, https:\/\/www.ichtich.de\/wp-content\/uploads\/2024\/05\/IMG_2059-768x549.jpg 768w, https:\/\/www.ichtich.de\/wp-content\/uploads\/2024\/05\/IMG_2059-1536x1097.jpg 1536w, https:\/\/www.ichtich.de\/wp-content\/uploads\/2024\/05\/IMG_2059-2048x1463.jpg 2048w, https:\/\/www.ichtich.de\/wp-content\/uploads\/2024\/05\/IMG_2059-624x446.jpg 624w\" sizes=\"(max-width: 655px) 100vw, 655px\" \/><figcaption><em>Auf dem Domberg <em>ein Ort der Stille und der Zuflucht<\/em>, auch f\u00fcr Frauen: <\/em><br><em> eine Art Leuchtturm und ein Zeichen der Hoffnung<\/em><\/figcaption><\/figure>\n\n\n\n<p><\/p>\n\n\n\n<p><\/p>\n\n\n\n<p>Nachtrag:<\/p>\n\n\n\n<p>Ein Foto aus der Animation mit Korbinian, der auf die Frau einschl\u00e4gt, wird hier absichtlich nicht gezeigt \u2013 die Beschreibung der Szene mag gen\u00fcgen; stattdessen ein neutrales Foto zum Rundgang der Ausstellung \u201eM\u00e4nner Macht Geschichten\u201c.<\/p>\n\n\n\n<p>Beitrag in der S\u00fcddeutschen Zeitung \u00fcber widerspenstige Frauen in Freising am 19. Jan. 2024: https:\/\/www.sueddeutsche.de\/muenchen\/freising\/freising-gute-stube-erzaehlfestival-auftakt-pallotti-haus-widerspenstig-geschichte-1.6335888<\/p>\n\n\n\n<p>Beitrag in der S\u00fcddetschen Zeitung am 17. Mai 2024: https:\/\/www.sueddeutsche.de\/muenchen\/freising\/freising-landesausstellung-korbinian-jubilaeum-dioezesanmuseum-1.7252751<\/p>\n\n\n\n<p><\/p>\n","protected":false},"excerpt":{"rendered":"<p>Man kann die aktuelle Ausstellung \u201eTassilo, Korbinian und der B\u00e4r\u201c im Freisinger Di\u00f6zesanmuseum sicher unter ganz unterschiedlichen Blickwinkeln besuchen und erleben. F\u00fcr manchen \u2013 genauer: f\u00fcr manche Besucherin \u2013 mag sie irritierend und sehr verwirrend sein: &nbsp;Sie regt dazu an, die Geschichte und die Geschichten um den Freisinger Stadtpatron Korbinian genauer zu betrachten und dazu [&hellip;]<\/p>\n","protected":false},"author":1,"featured_media":3395,"comment_status":"closed","ping_status":"closed","sticky":false,"template":"","format":"standard","meta":[],"categories":[16,50,17,5],"tags":[91,126,125,23,124],"_links":{"self":[{"href":"https:\/\/www.ichtich.de\/index.php?rest_route=\/wp\/v2\/posts\/3369"}],"collection":[{"href":"https:\/\/www.ichtich.de\/index.php?rest_route=\/wp\/v2\/posts"}],"about":[{"href":"https:\/\/www.ichtich.de\/index.php?rest_route=\/wp\/v2\/types\/post"}],"author":[{"embeddable":true,"href":"https:\/\/www.ichtich.de\/index.php?rest_route=\/wp\/v2\/users\/1"}],"replies":[{"embeddable":true,"href":"https:\/\/www.ichtich.de\/index.php?rest_route=%2Fwp%2Fv2%2Fcomments&post=3369"}],"version-history":[{"count":16,"href":"https:\/\/www.ichtich.de\/index.php?rest_route=\/wp\/v2\/posts\/3369\/revisions"}],"predecessor-version":[{"id":3450,"href":"https:\/\/www.ichtich.de\/index.php?rest_route=\/wp\/v2\/posts\/3369\/revisions\/3450"}],"wp:featuredmedia":[{"embeddable":true,"href":"https:\/\/www.ichtich.de\/index.php?rest_route=\/wp\/v2\/media\/3395"}],"wp:attachment":[{"href":"https:\/\/www.ichtich.de\/index.php?rest_route=%2Fwp%2Fv2%2Fmedia&parent=3369"}],"wp:term":[{"taxonomy":"category","embeddable":true,"href":"https:\/\/www.ichtich.de\/index.php?rest_route=%2Fwp%2Fv2%2Fcategories&post=3369"},{"taxonomy":"post_tag","embeddable":true,"href":"https:\/\/www.ichtich.de\/index.php?rest_route=%2Fwp%2Fv2%2Ftags&post=3369"}],"curies":[{"name":"wp","href":"https:\/\/api.w.org\/{rel}","templated":true}]}}