{"id":3343,"date":"2024-04-14T19:09:37","date_gmt":"2024-04-14T19:09:37","guid":{"rendered":"https:\/\/www.ichtich.de\/?p=3343"},"modified":"2025-05-02T13:35:34","modified_gmt":"2025-05-02T13:35:34","slug":"ein-besonderes-jubilaeum-fuer-ein-besonderes-buch","status":"publish","type":"post","link":"https:\/\/www.ichtich.de\/?p=3343","title":{"rendered":"Jubil\u00e4um eines besonderen Buchs: 500 Jahre Evangelisches Gesangbuch"},"content":{"rendered":"\n<p>Das Wochenlied des Sonntags \u201eMisericordias Domini\u201c nehme ich zum Anlass, auf ein besonderes Jubil\u00e4um der evangelischen Kirche hinzuweisen: Im Jahr 2024 feiert die evangelische Kirche in Deutschland \u201e500 Jahre Evangelisches Gesangbuch\u201c. Ich k\u00f6nnte auch einen beliebigen anderen Sonn- oder Feiertag im Jahr w\u00e4hlen, denn jedem kirchlichen Feiertag ist nach dem <a rel=\"noreferrer noopener\" href=\"https:\/\/www.kirchenjahr-evangelisch.de\/kirchenjahr.php\" target=\"_blank\">Liturgischen Kalender<\/a> ein Predigttext und ein Wochenlied zugeordnet.<\/p>\n\n\n\n<p>\u201e500 Jahre Evangelisches Gesangbuch\u201c \u2013 was wird da eigentlich gefeiert bei diesem Jubil\u00e4um, zu dem es sogar eine <a rel=\"noreferrer noopener\" href=\"https:\/\/www.ekd.de\/500-jahre-gesangbuch-sonderbriefmarke-82453.htm\" target=\"_blank\">Sonderbriefmarke <\/a>gibt?<\/p>\n\n\n\n<!--more-->\n\n\n\n<p>Auf der Seite der EKD, der Evangelischen Kirche in Deutschland, ist unter der \u00dcberschrift \u201ePsalmen f\u00fcr das Volk\u201c zu lesen:<\/p>\n\n\n\n<blockquote class=\"wp-block-quote\"><p>\u201eVor 500 Jahren wurden die ersten evangelischen Gesangb\u00fccher gedruckt, Tausende Ausgaben sollten folgten. Im Laufe der Zeit ist ein kultureller Schatz von immenser Wirkkraft entstanden. ((..))<\/p><p>Vor 500 Jahren begann mit den ersten gedruckten Exemplaren seine einzigartige Geschichte. Ein \u201aGrundbuch des Protestantismus\u2018 nennt es der Kieler Theologieprofessor Johannes Schilling. Dar\u00fcber hinaus aber ist es ein Liederbuch, das die deutsche Sprache, Literatur und Musik \u00fcber Jahrhunderte stark beeinflusst hat. Und dies immer noch tut.\u201c<\/p><cite><a href=\"https:\/\/www.ekd.de\/glauben\/klosterepage\/psalmen-fuer-das-volk-500-jahre-evangelisches-gesangbuch-82649.htm\" target=\"_blank\" rel=\"noreferrer noopener\">Evangelischen Kirche in Deutschland: \u201ePsalmen f\u00fcr das Volk\u201c <\/a>(aufgerufen am 14. April 2024)<\/cite><\/blockquote>\n\n\n\n<p>Viele, die vor drei\u00dfig, vierzig, f\u00fcnfzig \u2026 Jahren konfirmiert wurden, erinnern sich daran, dass sie \u2013 typischerweise von Paten, Eltern oder Gro\u00dfeltern \u2013 zur Konfirmation ein Gesangbuch geschenkt bekommen hatten, mit Widmung und mit dem Konfirmationsspruch, oft im Schuber und mit Silber- oder Goldpr\u00e4gung. Wie weit die Tradition des Gesangbuchs als Konfirmationsgeschenk zur\u00fcckgeht, zeigt im Archiv der Pf\u00e4lzer Kirche die <a rel=\"noreferrer noopener\" href=\"https:\/\/www.ekd.de\/lebensbegleiter-mit-goldpraegung-83273.htm\" target=\"_blank\">Gesangbuchsammlung <\/a>unter dem Motto \u201eLebensbegleiter mit Goldpr\u00e4gung&#8221;.<\/p>\n\n\n\n<p><strong>Wochenkalender \u201e500 Jahre evangelisches Gesangbuch\u201c<\/strong><\/p>\n\n\n\n<p>In dem im Strube Verlag im Auftrag der W\u00fcrttembergischen Kirche ver\u00f6ffentlichten <a rel=\"noreferrer noopener\" href=\"https:\/\/t1p.de\/a066k\" target=\"_blank\">Wochenkalender \u201e500 Jahre evangelisches Gesangbuch\u201c<\/a> bekommt man f\u00fcr jede Woche zwei Lieder angezeigt, dazu eine Auslegung der Liedtexte oder der Melodie oder einen Bericht \u00fcber die Entstehung und die Urheber des jeweiligen Lieds. Wer mag, kommt \u00fcber den QR-Code auf die Seite <a rel=\"noreferrer noopener\" href=\"https:\/\/www.lieder-vom-glauben.de\/\" target=\"_blank\">\u201eLieder vom Glauben\u201c<\/a>, in der jede Woche die aktuellen Wochenlieder angezeigt werden und man zuh\u00f6ren kann, wie sie von einem Chor gesungen werden.<\/p>\n\n\n\n<p>Es ist interessant, im Kalender die Texte zu den jeweiligen Wochenliedern zu lesen, die Lieder anzuh\u00f6ren, im Gesangbuch mitzulesen und mitzusingen oder Erinnerungen an die Lieder hochzuholen und neue Lieder kennenzulernen. Bei moderneren Liedern muss man auch mal in neueren Liederb\u00fcchern oder im Internet nach Melodie und Text suchen \u2013 oder man fragt bei einer Freundin nach, ob sie die Noten zum gemeinsam ge\u00fcbt und gesungenen Lied hat, vielen Dank, Susann!<\/p>\n\n\n\n<p><strong>Neuauflage des evangelischen Gesangbuchs bis 2030<\/strong><\/p>\n\n\n\n<p>Bis zum Jahr 2030 soll es eine neue, \u00fcberarbeitete Ausgabe des evangelischen Gesangbuchs geben. Auf der Seite der <a rel=\"noreferrer noopener\" href=\"https:\/\/t1p.de\/c9ap4\" target=\"_blank\">EKD <\/a>gibt es Informationen \u00fcber den aktuellen Stand der \u00dcberarbeitung und auch \u00fcber die Geschichte des Gesangbuchs und der vielen verschiedenen Ausgaben. &nbsp;<\/p>\n\n\n\n<p><strong>Wochenlieder: \u201eDer Herr ist mein getreuer Hirt\u201c und \u201eDu bist ein wunderbarer Hirt\u201c<\/strong><\/p>\n\n\n\n<p>Zur\u00fcck zum Sontag \u201eMisericordias Domini\u201c: Beim Wochenlied zu Psalm 23, \u201eDer Herr ist mein Hirte &#8230;\u201c, bekommt man im Kalender das weite Spektrum der Lieder gezeigt, mit einer Melodie aus dem Jahr 1524, komponiert von \u201eUrkantor\u201c Johannes Walter, und mit dem modernen Gegenst\u00fcck aus dem Jahr 2004, komponiert von Lothar Kosse, gesungen vom Ensemble \u201eJohannes Weller &amp; Band\u201c unter der Leitung des \u201ePop-Kirchenmusikers\u201c Johannes Weller.  <\/p>\n\n\n\n<ul><li>\u201e<a rel=\"noreferrer noopener\" href=\"https:\/\/t1p.de\/1wcrq\" target=\"_blank\">Der Herr ist mein getreuer Hirt<\/a>\u201c, Evangelisches Gesangbuch (EG) Nr. 274, Melodie: Johann Walter 1524<\/li><li>\u201e<a rel=\"noreferrer noopener\" href=\"https:\/\/t1p.de\/7ayc0\" target=\"_blank\">Du bist ein wunderbarer Hirt<\/a>\u201c, Originaltitel \u201eWunderbarer Hirt\u201c und Melodie: Lothar Kosse 2004<\/li><\/ul>\n\n\n\n<p>Im j\u00fcngeren Lied wird der wunderbare Hirt direkt mit \u201eDu\u201c angeredet, im \u00e4lteren Lied mit \u201eder Herr\u201c. Das \u00e4ltere Lied l\u00e4sst an mittelalterliche Ges\u00e4nge denken, das moderne Lied hat eine Melodie, die zum Mitsingen einl\u00e4dt. <\/p>\n\n\n\n<p>Mir bleiben die Fragen:<\/p>\n\n\n\n<ul><li>Welche Lieder wollen wir singen, welche Lieder werden wir singen?<\/li><li>Welche Lieder bleiben bestehen? <\/li><li>Und: Wer wird singen, wo und zu welchem Anlass? Wer wird mit mir singen? <\/li><\/ul>\n\n\n\n<p><strong>\u201eAm Singen erkennt man Christenmenschen &#8230;&#8221;<\/strong><\/p>\n\n\n\n<p>Es gibt viele M\u00f6glichkeiten zum gemeinsamen Singen und dazu, sich von der Musik ber\u00fchren zu lassen. Und so hei\u00dft es im Kalender bei Eintrag zum Sonntag Kantate, am 28. April: <\/p>\n\n\n\n<blockquote class=\"wp-block-quote\"><p>\u201eAm Singen erkennt man Christenmenschen aller Zeiten, Orte und Pr\u00e4gungen. Ohne Kirchenmusik keine Kirche &#8211; dir, Quelle, H\u00fcter,Wunder, Freundin und Zukunft des Lebens sing ich mein Lied.\u201c<\/p><cite>Wochenkalender \u201e500 Jahre evangelisches Gesangbuch\u201c, <a href=\"http:\/\/www.strube.de\" target=\"_blank\" rel=\"noreferrer noopener\">Strube Verlag<\/a> GmBH, M\u00fcnchen<\/cite><\/blockquote>\n\n\n\n<p class=\"has-text-align-center\"><strong>Bald ist Sonntag Kantate: Lasst uns Singen!<\/strong><\/p>\n","protected":false},"excerpt":{"rendered":"<p>Das Wochenlied des Sonntags \u201eMisericordias Domini\u201c nehme ich zum Anlass, auf ein besonderes Jubil\u00e4um der evangelischen Kirche hinzuweisen: Im Jahr 2024 feiert die evangelische Kirche in Deutschland \u201e500 Jahre Evangelisches Gesangbuch\u201c. Ich k\u00f6nnte auch einen beliebigen anderen Sonn- oder Feiertag im Jahr w\u00e4hlen, denn jedem kirchlichen Feiertag ist nach dem Liturgischen Kalender ein Predigttext und [&hellip;]<\/p>\n","protected":false},"author":1,"featured_media":3356,"comment_status":"closed","ping_status":"closed","sticky":false,"template":"","format":"standard","meta":[],"categories":[4,15,17],"tags":[122,34],"_links":{"self":[{"href":"https:\/\/www.ichtich.de\/index.php?rest_route=\/wp\/v2\/posts\/3343"}],"collection":[{"href":"https:\/\/www.ichtich.de\/index.php?rest_route=\/wp\/v2\/posts"}],"about":[{"href":"https:\/\/www.ichtich.de\/index.php?rest_route=\/wp\/v2\/types\/post"}],"author":[{"embeddable":true,"href":"https:\/\/www.ichtich.de\/index.php?rest_route=\/wp\/v2\/users\/1"}],"replies":[{"embeddable":true,"href":"https:\/\/www.ichtich.de\/index.php?rest_route=%2Fwp%2Fv2%2Fcomments&post=3343"}],"version-history":[{"count":12,"href":"https:\/\/www.ichtich.de\/index.php?rest_route=\/wp\/v2\/posts\/3343\/revisions"}],"predecessor-version":[{"id":3362,"href":"https:\/\/www.ichtich.de\/index.php?rest_route=\/wp\/v2\/posts\/3343\/revisions\/3362"}],"wp:featuredmedia":[{"embeddable":true,"href":"https:\/\/www.ichtich.de\/index.php?rest_route=\/wp\/v2\/media\/3356"}],"wp:attachment":[{"href":"https:\/\/www.ichtich.de\/index.php?rest_route=%2Fwp%2Fv2%2Fmedia&parent=3343"}],"wp:term":[{"taxonomy":"category","embeddable":true,"href":"https:\/\/www.ichtich.de\/index.php?rest_route=%2Fwp%2Fv2%2Fcategories&post=3343"},{"taxonomy":"post_tag","embeddable":true,"href":"https:\/\/www.ichtich.de\/index.php?rest_route=%2Fwp%2Fv2%2Ftags&post=3343"}],"curies":[{"name":"wp","href":"https:\/\/api.w.org\/{rel}","templated":true}]}}