{"id":3269,"date":"2023-05-27T16:04:40","date_gmt":"2023-05-27T16:04:40","guid":{"rendered":"https:\/\/www.ichtich.de\/?p=3269"},"modified":"2025-05-02T13:34:22","modified_gmt":"2025-05-02T13:34:22","slug":"verschlungen-verwoben-verbunden-verknuepft-erzaehlung-natur-und-kunst-im-isarauen-zauberwald","status":"publish","type":"post","link":"https:\/\/www.ichtich.de\/?p=3269","title":{"rendered":"Verschlungen, verwoben, verbunden \u2013 verkn\u00fcpft: Erz\u00e4hlung, Natur und Kunst im Isarauen-Zauberwald"},"content":{"rendered":"\n<p>Ganz unterschiedliche Wege haben mich f\u00fcr Freunde der evangelischen Gemeinde eine Verkn\u00fcpfung herstellen lassen zwischen Literatur, Natur und (Blumen-)Kunst. Mit \u201eLiteratur\u201c ist hier der Text \u201eOh, oh, die Klematis\u201c des israelischen Autors Meir Shalev gemeint. \u201eNatur\u201c, das ist der Wald in den Freisinger Isarauen, und die Abschlussarbeit der Blumenkunst-Sch\u00fclerin Anni Goeke, eine Waldinstallation aus Klematisranken, ist ein besonderes Kunstwerk, das es zu entdecken gilt.<\/p>\n\n\n\n<p>Wie kam es zu dieser Verkn\u00fcpfung der verschiedenen Str\u00e4nge, wo fange ich an zu erz\u00e4hlen?<\/p>\n\n\n\n<!--more-->\n\n\n\n<p>Ich beginne mit dem Text, der Ausl\u00f6ser f\u00fcr die Begegnung wurde: mit Meir Shalevs Erz\u00e4hlung. Schon in Shalevs Romanen findet man das Verweben verschiedener Str\u00e4nge, wenn beispielsweise in \u201e<a rel=\"noreferrer noopener\" href=\"https:\/\/www.ichtich.de\/?p=199\" target=\"_blank\">Der Junge und die Taube<\/a>\u201c ein Junge sich auf die Suche nach seiner Herkunft macht. Wer lieber k\u00fcrzere Texte ohne versponnenen Plot mag, dem empfehle ich Shalevs \u201e<a rel=\"noreferrer noopener\" href=\"https:\/\/www.diogenes.ch\/leser\/titel\/meir-shalev\/mein-wildgarten-illustriert-von-refaella-shir-9783257069907.html\" target=\"_blank\">Mein Wildgarten<\/a>\u201c, 2017 im Diogenes Verlag erschienen, \u00fcbersetzt von Ruth Achlama. Auch in den kurzen Erz\u00e4hlungen \u00fcber Meerzwiebeln, Anemonen, \u00fcber Spinnen und Schlangen muss \u2013 nein: darf! \u2013 man mit Meir Shalev verschlungene Wege gehen und dabei K\u00f6nige, Naturkundelehrer oder Propheten treffen.<\/p>\n\n\n\n<p>Als ich am 11. April davon erfuhr, dass <a href=\"https:\/\/www.deutschlandfunkkultur.de\/zum-tod-von-meir-shalev-dlf-kultur-0b8c4820-100.html\" target=\"_blank\" rel=\"noreferrer noopener\">Meir Shalev<\/a> gestorben ist, fiel mir \u2013 unter all seinen Geschichten \u2013 sofort die Erz\u00e4hlung \u201eOh, oh die Klematis\u201c ein. Diese geht, so Shalev, auf eine Geschichte von Samech Yishar \u00fcber ein Erlebnis mit dem Naturkundelehrer Yehoshua Avizohar zur\u00fcck, die mit dem Ausruf endet: \u201eOh, oh, die Klematis!\u201c. Auch Shalevs Erz\u00e4hlung endet mit dieser Aufforderung: <\/p>\n\n\n\n<blockquote class=\"wp-block-quote\"><p>Wenn die Seele \u00fcberbordet oder sich verh\u00e4rtet und verkrampft \u2013 ruft auch ihr laut uns aus vollem Herzen: \u201eOh, oh, die Klematis!\u201c, und guckt, was geschieht. <\/p><cite>Meir Shalev, Mein Wildgarten, S. 334. Diogenes Verlag Z\u00fcrich, 2017. <\/cite><\/blockquote>\n\n\n\n<p>Mit Shalevs Klematis im Sinn fiel mir ein Instagram-Beitrag der <a rel=\"noreferrer noopener\" href=\"https:\/\/www.blumenkunst-weihenstephan.de\/startseite.html\" target=\"_blank\">Fachschule f\u00fcr Blumenkunst Weihenstephan<\/a> auf, da in diesem das Wort \u201eKlematis\u201c (bzw. \u201eClematis\u201c)  vorkam. Nein, eine korrekte Vorstellung einer Klematis oder \u201eWaldrebe\u201c hatte ich beim Lesen nicht vor Augen, ich wusste nur: Das ist eine Pflanze, die sich emporrankt. Ich sah das Foto im Posting genauer an, las den Text dazu \u2013 und wurde so neugierig mehr zu erfahren, dass ich der im Text genannten Sch\u00fclerin schrieb, der Floristin Anni Goeke. Ein paar Messages sp\u00e4ter trafen wir uns bei der Schule und besprachen die Idee, mit Freunden die Waldinstallation im \u201eZauberwald\u201c zu besuchen.<\/p>\n\n\n\n<figure class=\"wp-block-image size-full is-resized is-style-default\"><img loading=\"lazy\" src=\"https:\/\/www.ichtich.de\/wp-content\/uploads\/2023\/05\/IMG_4664-2.png\" alt=\"\n\" class=\"wp-image-3271\" width=\"357\" height=\"312\" srcset=\"https:\/\/www.ichtich.de\/wp-content\/uploads\/2023\/05\/IMG_4664-2.png 714w, https:\/\/www.ichtich.de\/wp-content\/uploads\/2023\/05\/IMG_4664-2-300x262.png 300w, https:\/\/www.ichtich.de\/wp-content\/uploads\/2023\/05\/IMG_4664-2-624x544.png 624w\" sizes=\"(max-width: 357px) 100vw, 357px\" \/><\/figure>\n\n\n\n<figure class=\"wp-block-image size-full is-resized is-style-default\"><img loading=\"lazy\" src=\"https:\/\/www.ichtich.de\/wp-content\/uploads\/2023\/05\/IMG_4668-3.png\" alt=\"\" class=\"wp-image-3272\" width=\"357\" height=\"239\" srcset=\"https:\/\/www.ichtich.de\/wp-content\/uploads\/2023\/05\/IMG_4668-3.png 713w, https:\/\/www.ichtich.de\/wp-content\/uploads\/2023\/05\/IMG_4668-3-300x201.png 300w, https:\/\/www.ichtich.de\/wp-content\/uploads\/2023\/05\/IMG_4668-3-624x418.png 624w\" sizes=\"(max-width: 357px) 100vw, 357px\" \/><figcaption><a rel=\"noreferrer noopener\" href=\"https:\/\/www.instagram.com\/p\/CrwQHplMrCc\/\" target=\"_blank\">Instagram-Account der Blumenkunst Weihenstephan<\/a><\/figcaption><\/figure>\n\n\n\n<p>Die Begegnung im Wald zu beschreiben geht nur mit Fotos. Besser: Ihr geht selbst zur Waldinstallation in den Isarauen oder folgt der <a href=\"https:\/\/www.instagram.com\/blumenkunst_weihenstephan\/\">blumenkunst_weihenstephan<\/a> und entdeckt eigene Wege und Kunstwerke, die euch ansprechen. <\/p>\n\n\n\n<p class=\"has-text-align-left\">Shalevs Text und Anni Goekes Kunstwerk freilassen: Probiert es selbst, windet Worte oder Pflanzen zu Kunstwerken, besucht Annis Installation oder auch ihren <a rel=\"noreferrer noopener\" href=\"https:\/\/www.instagram.com\/botanicalatelier_anni\/\" target=\"_blank\">Instagram-Account <em>botanicalatelier_anni<\/em><\/a> und schaut, wie sich der Wald mit den Klematiskugeln weiterentwickeln wird. <\/p>\n\n\n\n<figure class=\"wp-block-image size-large is-resized is-style-default\"><img loading=\"lazy\" src=\"https:\/\/www.ichtich.de\/wp-content\/uploads\/2023\/05\/IMG_7076-768x1024.jpg\" alt=\"\" class=\"wp-image-3280\" width=\"384\" height=\"512\" srcset=\"https:\/\/www.ichtich.de\/wp-content\/uploads\/2023\/05\/IMG_7076-768x1024.jpg 768w, https:\/\/www.ichtich.de\/wp-content\/uploads\/2023\/05\/IMG_7076-225x300.jpg 225w, https:\/\/www.ichtich.de\/wp-content\/uploads\/2023\/05\/IMG_7076-1152x1536.jpg 1152w, https:\/\/www.ichtich.de\/wp-content\/uploads\/2023\/05\/IMG_7076-624x832.jpg 624w, https:\/\/www.ichtich.de\/wp-content\/uploads\/2023\/05\/IMG_7076.jpg 1512w\" sizes=\"(max-width: 384px) 100vw, 384px\" \/><figcaption>Die Idee: <br>Clematiskugelwald ohne weitere Hilfsmittel an B\u00e4umen h\u00e4ngend<\/figcaption><\/figure>\n\n\n\n<figure class=\"wp-block-image size-large is-resized is-style-default\"><img loading=\"lazy\" src=\"https:\/\/www.ichtich.de\/wp-content\/uploads\/2023\/05\/IMG_7095-768x1024.jpg\" alt=\"\" class=\"wp-image-3281\" width=\"384\" height=\"512\" srcset=\"https:\/\/www.ichtich.de\/wp-content\/uploads\/2023\/05\/IMG_7095-768x1024.jpg 768w, https:\/\/www.ichtich.de\/wp-content\/uploads\/2023\/05\/IMG_7095-225x300.jpg 225w, https:\/\/www.ichtich.de\/wp-content\/uploads\/2023\/05\/IMG_7095-1152x1536.jpg 1152w, https:\/\/www.ichtich.de\/wp-content\/uploads\/2023\/05\/IMG_7095-624x832.jpg 624w, https:\/\/www.ichtich.de\/wp-content\/uploads\/2023\/05\/IMG_7095.jpg 1512w\" sizes=\"(max-width: 384px) 100vw, 384px\" \/><figcaption>Naturkunst<\/figcaption><\/figure>\n\n\n\n<figure class=\"wp-block-image size-large is-resized is-style-default\"><img loading=\"lazy\" src=\"https:\/\/www.ichtich.de\/wp-content\/uploads\/2023\/05\/IMG_7024-768x1024.jpg\" alt=\"\" class=\"wp-image-3275\" width=\"384\" height=\"512\" srcset=\"https:\/\/www.ichtich.de\/wp-content\/uploads\/2023\/05\/IMG_7024-768x1024.jpg 768w, https:\/\/www.ichtich.de\/wp-content\/uploads\/2023\/05\/IMG_7024-225x300.jpg 225w, https:\/\/www.ichtich.de\/wp-content\/uploads\/2023\/05\/IMG_7024-1152x1536.jpg 1152w, https:\/\/www.ichtich.de\/wp-content\/uploads\/2023\/05\/IMG_7024-624x832.jpg 624w, https:\/\/www.ichtich.de\/wp-content\/uploads\/2023\/05\/IMG_7024-rotated.jpg 1512w\" sizes=\"(max-width: 384px) 100vw, 384px\" \/><figcaption>Verschlungener Pfad<\/figcaption><\/figure>\n\n\n\n<figure class=\"wp-block-image size-large is-resized is-style-default\"><img loading=\"lazy\" src=\"https:\/\/www.ichtich.de\/wp-content\/uploads\/2023\/05\/IMG_7050-768x1024.jpg\" alt=\"\" class=\"wp-image-3277\" width=\"384\" height=\"512\" srcset=\"https:\/\/www.ichtich.de\/wp-content\/uploads\/2023\/05\/IMG_7050-768x1024.jpg 768w, https:\/\/www.ichtich.de\/wp-content\/uploads\/2023\/05\/IMG_7050-225x300.jpg 225w, https:\/\/www.ichtich.de\/wp-content\/uploads\/2023\/05\/IMG_7050-1152x1536.jpg 1152w, https:\/\/www.ichtich.de\/wp-content\/uploads\/2023\/05\/IMG_7050-624x832.jpg 624w, https:\/\/www.ichtich.de\/wp-content\/uploads\/2023\/05\/IMG_7050-rotated.jpg 1512w\" sizes=\"(max-width: 384px) 100vw, 384px\" \/><figcaption>Gro\u00dfe und kleine Kugeln &#8230;<\/figcaption><\/figure>\n\n\n\n<figure class=\"wp-block-image size-large is-resized is-style-default\"><img loading=\"lazy\" src=\"https:\/\/www.ichtich.de\/wp-content\/uploads\/2023\/05\/IMG_7022-768x1024.jpg\" alt=\"\" class=\"wp-image-3274\" width=\"384\" height=\"512\" srcset=\"https:\/\/www.ichtich.de\/wp-content\/uploads\/2023\/05\/IMG_7022-768x1024.jpg 768w, https:\/\/www.ichtich.de\/wp-content\/uploads\/2023\/05\/IMG_7022-225x300.jpg 225w, https:\/\/www.ichtich.de\/wp-content\/uploads\/2023\/05\/IMG_7022-1152x1536.jpg 1152w, https:\/\/www.ichtich.de\/wp-content\/uploads\/2023\/05\/IMG_7022-624x832.jpg 624w, https:\/\/www.ichtich.de\/wp-content\/uploads\/2023\/05\/IMG_7022-rotated.jpg 1512w\" sizes=\"(max-width: 384px) 100vw, 384px\" \/><figcaption>&#8230; am Boden liegend, in den Zweigen h\u00e4ngend, den Baum umfassend <\/figcaption><\/figure>\n\n\n\n<figure class=\"wp-block-image size-large is-resized is-style-default\"><img loading=\"lazy\" src=\"https:\/\/www.ichtich.de\/wp-content\/uploads\/2023\/05\/IMG_7101-768x1024.jpg\" alt=\"\" class=\"wp-image-3282\" width=\"384\" height=\"512\" srcset=\"https:\/\/www.ichtich.de\/wp-content\/uploads\/2023\/05\/IMG_7101-768x1024.jpg 768w, https:\/\/www.ichtich.de\/wp-content\/uploads\/2023\/05\/IMG_7101-225x300.jpg 225w, https:\/\/www.ichtich.de\/wp-content\/uploads\/2023\/05\/IMG_7101-1152x1536.jpg 1152w, https:\/\/www.ichtich.de\/wp-content\/uploads\/2023\/05\/IMG_7101-624x832.jpg 624w, https:\/\/www.ichtich.de\/wp-content\/uploads\/2023\/05\/IMG_7101.jpg 1512w\" sizes=\"(max-width: 384px) 100vw, 384px\" \/><figcaption>Geschafft! <\/figcaption><\/figure>\n\n\n\n<p>Zur Information: <br>Die Klematis in den Freisinger Isarauen ist keine \u201eBrennende Waldrebe\u201c mit gelblichen Bl\u00fcten (wie bei Yishar\/Avizohar) und auch keine \u201eMacchien-Waldrebe\u201c mit wei\u00dflichen Bl\u00fcten (wie in Shalevs Garten), sondern eine \u201eGew\u00f6hnliche Waldrebe\u201c mit wei\u00dfen Bl\u00fcten, \u201eClematis vitalba\u201c, wie man sie im \u201e<a rel=\"noreferrer noopener\" href=\"https:\/\/daten.bayernflora.de\/de\/info_pflanzen.php?taxnr=1591\" target=\"_blank\">Botanischen Informationsknoten Bayern<\/a>\u201c angezeigt bekommt.<\/p>\n\n\n\n<p>Gesungen haben wir auch, und zwar das \u201eFriedensnetz\u201c von <a href=\"https:\/\/www.pjmv.de\/meine-lieder\/\" target=\"_blank\" rel=\"noreferrer noopener\">Peter Janssens<\/a>.  <\/p>\n\n\n\n<div class=\"wp-block-image is-style-default\"><figure class=\"alignleft size-large is-resized\"><img loading=\"lazy\" src=\"https:\/\/www.ichtich.de\/wp-content\/uploads\/2023\/05\/IMG_7061-768x1024.jpg\" alt=\"\" class=\"wp-image-3279\" width=\"192\" height=\"256\" srcset=\"https:\/\/www.ichtich.de\/wp-content\/uploads\/2023\/05\/IMG_7061-768x1024.jpg 768w, https:\/\/www.ichtich.de\/wp-content\/uploads\/2023\/05\/IMG_7061-225x300.jpg 225w, https:\/\/www.ichtich.de\/wp-content\/uploads\/2023\/05\/IMG_7061-1152x1536.jpg 1152w, https:\/\/www.ichtich.de\/wp-content\/uploads\/2023\/05\/IMG_7061-624x832.jpg 624w, https:\/\/www.ichtich.de\/wp-content\/uploads\/2023\/05\/IMG_7061-rotated.jpg 1512w\" sizes=\"(max-width: 192px) 100vw, 192px\" \/><figcaption>Der Wildgarten im Zauberwald<\/figcaption><\/figure><\/div>\n\n\n\n<div class=\"wp-block-image is-style-default\"><figure class=\"alignright size-large is-resized\"><a href=\"https:\/\/www.ynet.co.il\/articles\/0,7340,L-4465018,00.html\"><img loading=\"lazy\" src=\"https:\/\/www.ichtich.de\/wp-content\/uploads\/2023\/05\/IMG_7060-768x1024.jpg\" alt=\"\" class=\"wp-image-3278\" width=\"191\" height=\"256\" srcset=\"https:\/\/www.ichtich.de\/wp-content\/uploads\/2023\/05\/IMG_7060-768x1024.jpg 768w, https:\/\/www.ichtich.de\/wp-content\/uploads\/2023\/05\/IMG_7060-225x300.jpg 225w, https:\/\/www.ichtich.de\/wp-content\/uploads\/2023\/05\/IMG_7060-1152x1536.jpg 1152w, https:\/\/www.ichtich.de\/wp-content\/uploads\/2023\/05\/IMG_7060-624x832.jpg 624w, https:\/\/www.ichtich.de\/wp-content\/uploads\/2023\/05\/IMG_7060-rotated.jpg 1512w\" sizes=\"(max-width: 191px) 100vw, 191px\" \/><\/a><figcaption>Aus einem <a rel=\"noreferrer noopener\" href=\"https:\/\/www.ynet.co.il\/articles\/0,7340,L-4465018,00.html\" target=\"_blank\">Zeitungsartikel <\/a>Shalevs von 2013 mit Avizohar vor gelb bl\u00fchender Klematis<\/figcaption><\/figure><\/div>\n\n\n\n<p class=\"has-text-align-left has-small-font-size\">Abschweifung zum Abschluss:<br>Bei der Vorbereitung unseres Treffens wollte ich mehr wissen \u00fcber das Wort \u201eKlematis\u201c. Google lieferte die \u00dcbersetzung: \u201e\u05d4\u05d5 \u05d4\u05d5 \u05d4\u05d6\u05dc\u05d6\u05dc\u05ea\u201c. <br>Damit landete ich bei einem Beitrag, in dem <a rel=\"noreferrer noopener\" href=\"https:\/\/amitassis.wordpress.com\/2013\/11\/18\/%d7%94%d7%95-%d7%94%d7%95-%d7%94%d7%96%d7%9c%d7%96%d7%9c%d7%aa-%d7%a1-%d7%99%d7%96%d7%94%d7%a8-%d7%9c%d7%91%d7%a6%d7%a2-%d7%a1%d7%a4%d7%a8%d7%95%d7%aa-%d7%91%d7%a7%d7%95%d7%9c\/\" target=\"_blank\">Yishars Text<\/a> auf Hebr\u00e4isch gelesen wird. Bei den ersten und den letzten Worten im Video kann man den Sprecher h\u00f6ren, wie er sagt: <\/p>\n\n\n\n<p class=\"has-text-align-right has-small-font-size\">\u201e\u05d4\u05d5 \u05d4\u05d5 \u05d4\u05d6\u05dc\u05d6\u05dc\u05ea\u201c, <br>\u201eHo Ho Ha-Salselet\u201c,<br>\u201eOh, oh, die Klematis!\u201c<\/p>\n\n\n\n<p><\/p>\n\n\n\n<p><\/p>\n\n\n\n<p><\/p>\n\n\n\n<p><\/p>\n","protected":false},"excerpt":{"rendered":"<p>Ganz unterschiedliche Wege haben mich f\u00fcr Freunde der evangelischen Gemeinde eine Verkn\u00fcpfung herstellen lassen zwischen Literatur, Natur und (Blumen-)Kunst. Mit \u201eLiteratur\u201c ist hier der Text \u201eOh, oh, die Klematis\u201c des israelischen Autors Meir Shalev gemeint. \u201eNatur\u201c, das ist der Wald in den Freisinger Isarauen, und die Abschlussarbeit der Blumenkunst-Sch\u00fclerin Anni Goeke, eine Waldinstallation aus Klematisranken, [&hellip;]<\/p>\n","protected":false},"author":1,"featured_media":3302,"comment_status":"closed","ping_status":"closed","sticky":false,"template":"","format":"standard","meta":[],"categories":[16,60,121,50,7,4,6],"tags":[59,104,32,35],"_links":{"self":[{"href":"https:\/\/www.ichtich.de\/index.php?rest_route=\/wp\/v2\/posts\/3269"}],"collection":[{"href":"https:\/\/www.ichtich.de\/index.php?rest_route=\/wp\/v2\/posts"}],"about":[{"href":"https:\/\/www.ichtich.de\/index.php?rest_route=\/wp\/v2\/types\/post"}],"author":[{"embeddable":true,"href":"https:\/\/www.ichtich.de\/index.php?rest_route=\/wp\/v2\/users\/1"}],"replies":[{"embeddable":true,"href":"https:\/\/www.ichtich.de\/index.php?rest_route=%2Fwp%2Fv2%2Fcomments&post=3269"}],"version-history":[{"count":17,"href":"https:\/\/www.ichtich.de\/index.php?rest_route=\/wp\/v2\/posts\/3269\/revisions"}],"predecessor-version":[{"id":3309,"href":"https:\/\/www.ichtich.de\/index.php?rest_route=\/wp\/v2\/posts\/3269\/revisions\/3309"}],"wp:featuredmedia":[{"embeddable":true,"href":"https:\/\/www.ichtich.de\/index.php?rest_route=\/wp\/v2\/media\/3302"}],"wp:attachment":[{"href":"https:\/\/www.ichtich.de\/index.php?rest_route=%2Fwp%2Fv2%2Fmedia&parent=3269"}],"wp:term":[{"taxonomy":"category","embeddable":true,"href":"https:\/\/www.ichtich.de\/index.php?rest_route=%2Fwp%2Fv2%2Fcategories&post=3269"},{"taxonomy":"post_tag","embeddable":true,"href":"https:\/\/www.ichtich.de\/index.php?rest_route=%2Fwp%2Fv2%2Ftags&post=3269"}],"curies":[{"name":"wp","href":"https:\/\/api.w.org\/{rel}","templated":true}]}}