{"id":3247,"date":"2023-05-01T17:06:37","date_gmt":"2023-05-01T17:06:37","guid":{"rendered":"https:\/\/www.ichtich.de\/?p=3247"},"modified":"2025-05-02T13:37:02","modified_gmt":"2025-05-02T13:37:02","slug":"autistic-hero-schattenspringer-mit-fuchskind-und-alien-fuchs","status":"publish","type":"post","link":"https:\/\/www.ichtich.de\/?p=3247","title":{"rendered":"Schattenspringer, Autistic-Hero und Alien-Fuchs"},"content":{"rendered":"\n<p>Bevor ich das neue Blatt des Wochenkalenders aufschlage, will ich endlich einen Blogbeitrag schreiben, den ich schon l\u00e4nger in mir trage: einen Beitrag \u00fcber die B\u00fccher und Bilder von <a rel=\"noreferrer noopener\" href=\"https:\/\/www.danielaschreiter.de\/\" target=\"_blank\">Daniela Schreiter<\/a> alias \u201eFuchskind\u201c. Warum ich gerade jetzt den Beitrag losschicken m\u00f6chte? Die zur\u00fcckliegende Woche begann f\u00fcr mich mit einem Blick auf das von Daniela Schreiter gezeichnete Bild im Kalender <a href=\"https:\/\/schloggershop.de\/products\/vorbestellung-2023-fuck-yeah-wochenkalender\" target=\"_blank\" rel=\"noreferrer noopener\">\u201e2023 fuck yeah!\u201c<\/a> von <a rel=\"noreferrer noopener\" href=\"https:\/\/schlogger.de\" target=\"_blank\">Schlogger (Johanna Baumann)<\/a>. Gleichzeitig sah ich in dieser Woche viele Fotos von der <a href=\"https:\/\/www.leipziger-buchmesse.de\/de\/\" target=\"_blank\" rel=\"noreferrer noopener\">Leipziger Buchmesse 2023<\/a>. Beides zusammen \u2013 Kalenderblatt und Buchmessefotos \u2013 erinnerte mich an den geplanten Blogbeitrag. <\/p>\n\n\n\n<div class=\"wp-block-image is-style-default\"><figure class=\"aligncenter size-full is-resized\"><img loading=\"lazy\" src=\"https:\/\/www.ichtich.de\/wp-content\/uploads\/2023\/05\/Kalenderblatt.jpg\" alt=\"\" class=\"wp-image-3249\" width=\"450\" height=\"450\" srcset=\"https:\/\/www.ichtich.de\/wp-content\/uploads\/2023\/05\/Kalenderblatt.jpg 600w, https:\/\/www.ichtich.de\/wp-content\/uploads\/2023\/05\/Kalenderblatt-300x300.jpg 300w, https:\/\/www.ichtich.de\/wp-content\/uploads\/2023\/05\/Kalenderblatt-150x150.jpg 150w\" sizes=\"(max-width: 450px) 100vw, 450px\" \/><figcaption>Wochenkalenderblatt Ende April 2023<\/figcaption><\/figure><\/div>\n\n\n\n<!--more-->\n\n\n\n<p>Es muss 2014\/2015 gewesen sein, als im Bereich \u201eJugend Unterhaltung Comic\u201c der Freisinger Stadtbibliothek Daniela Schreiters erster Band im Regal stand und ich ihn mit nach Hause nahm: \u201e<a rel=\"noreferrer noopener\" href=\"https:\/\/paninishop.de\/schattenspringer-comics\/schattenspringer-1-wie-es-ist-anders-zu-sein-ydsspr001?c=430\" target=\"_blank\">Schattenspringer \u2013 Wie es ist, anders zu sein<\/a>\u201c. In dieser Graphic Novel erf\u00e4hrt man viel \u00fcber Autismus im Allgemeinen und \u00fcber die Erfahrungen, die Daniela Schreiter als Kind und als Jugendlichen gemacht hatte:<\/p>\n\n\n\n<blockquote class=\"wp-block-quote\"><p>In diesem Comic beschreibe ich die Welt, wie ICH sie als Autistin erlebe. Andere k\u00f6nnen \u00e4hnliche Erfahrungen wie ich gemacht haben, dies muss aber nicht so sein. <\/p><cite>Daniela Schreiter: Schattenspringer 1, Vorwort, S. 7<\/cite><\/blockquote>\n\n\n\n<p>Der zweite Schattenspringer-Band, \u201e<a rel=\"noreferrer noopener\" href=\"https:\/\/paninishop.de\/schattenspringer-comics\/schattenspringer-2-per-anhalter-durch-die-pubertaet-ydsspr002?c=430\" target=\"_blank\">Schattenspringer 2 \u2013 Per Anhalter durch die Pubert\u00e4t<\/a>\u201c kam 2016 zu uns, Stefan hatte auf der Leipziger Buchmesse Daniela Schreiter am Stand des Panini-Verlags entdeckt und Daniela signierte den frisch gekauften Band: \u201eF\u00fcr Mirjam und Stefan \u2026\u201c.<\/p>\n\n\n\n<div class=\"wp-block-image is-style-default\"><figure class=\"aligncenter size-large is-resized\"><img loading=\"lazy\" src=\"https:\/\/www.ichtich.de\/wp-content\/uploads\/2023\/05\/Fuchskind-2016-1-768x1024.jpg\" alt=\"\" class=\"wp-image-3253\" width=\"384\" height=\"512\" srcset=\"https:\/\/www.ichtich.de\/wp-content\/uploads\/2023\/05\/Fuchskind-2016-1-768x1024.jpg 768w, https:\/\/www.ichtich.de\/wp-content\/uploads\/2023\/05\/Fuchskind-2016-1-225x300.jpg 225w, https:\/\/www.ichtich.de\/wp-content\/uploads\/2023\/05\/Fuchskind-2016-1-1152x1536.jpg 1152w, https:\/\/www.ichtich.de\/wp-content\/uploads\/2023\/05\/Fuchskind-2016-1-624x832.jpg 624w, https:\/\/www.ichtich.de\/wp-content\/uploads\/2023\/05\/Fuchskind-2016-1.jpg 1536w\" sizes=\"(max-width: 384px) 100vw, 384px\" \/><figcaption>Daniela Schreiter auf der Buchmesse Leipzig 2016<\/figcaption><\/figure><\/div>\n\n\n\n<p>Seit dieser Begegnung fand manches andere Objekt aus Danielas Shop zu uns, u. a. ein Einhorn, ein Fuchs, und nat\u00fcrlich auch der Band \u201e<a rel=\"noreferrer noopener\" href=\"https:\/\/paninishop.de\/schattenspringer-comics\/schattenspringer-3-spektralfarben-ydsspr003?c=430\" target=\"_blank\">Schattenspringer 3 \u2013 Spektralfarben<\/a>\u201c, in dem Daniela Schreiter andere Menschen mit der Diagnose \u201eAutismus\u201c ihre Geschichte erz\u00e4hlen l\u00e4sst: <\/p>\n\n\n\n<div class=\"wp-block-image is-style-default\"><figure class=\"aligncenter size-large is-resized\"><img loading=\"lazy\" src=\"https:\/\/www.ichtich.de\/wp-content\/uploads\/2023\/05\/Spektral-1024x441.jpg\" alt=\"\" class=\"wp-image-3260\" width=\"512\" height=\"221\" srcset=\"https:\/\/www.ichtich.de\/wp-content\/uploads\/2023\/05\/Spektral-1024x441.jpg 1024w, https:\/\/www.ichtich.de\/wp-content\/uploads\/2023\/05\/Spektral-300x129.jpg 300w, https:\/\/www.ichtich.de\/wp-content\/uploads\/2023\/05\/Spektral-768x331.jpg 768w, https:\/\/www.ichtich.de\/wp-content\/uploads\/2023\/05\/Spektral-1536x662.jpg 1536w, https:\/\/www.ichtich.de\/wp-content\/uploads\/2023\/05\/Spektral-2048x882.jpg 2048w, https:\/\/www.ichtich.de\/wp-content\/uploads\/2023\/05\/Spektral-624x269.jpg 624w\" sizes=\"(max-width: 512px) 100vw, 512px\" \/><figcaption>\u201eSchattenspringer 3\u201c, Cover-R\u00fcckseite<\/figcaption><\/figure><\/div>\n\n\n\n<p>In dem 2017 erschienenen Band \u201e<a rel=\"noreferrer noopener\" href=\"https:\/\/paninishop.de\/schattenspringer-buecher\/die-abenteuer-von-autistic-hero-girl-ydauts001\" target=\"_blank\">Die Abenteuer von Autistic-Hero-Girl<\/a>\u201c hatte Daniela Schreiter gezeigt, wie man als \u201eautistic girl\u201c Superkr\u00e4fte ben\u00f6tigt, um den Alltag zu meistern. Als weiteres Buch in neuem Format erschien 2021 \u201e<a rel=\"noreferrer noopener\" href=\"https:\/\/paninishop.de\/daniel-schreiter-comics\/fabuloese-fakten-yddani001\" target=\"_blank\">Fabul\u00f6se Fakten<\/a>\u201c, in dem Daniela Schreiter wissenschaftliche Themen, u. a. \u00fcber Kraken, Blauwale, Kometen oder Nacktmulle, unterhaltsam und verst\u00e4ndlich in Comic-Form erkl\u00e4rt. Gut zu wissen: Der aus den bisherigen B\u00e4nden bekannte Fuchs ist auch bei den Fabul\u00f6sen Fakten mit dabei.<\/p>\n\n\n\n<p>Ein gr\u00fcnes, aber dennoch \u201efuchsartiges\u201c Tier begleitet die Hauptperson Lisa im Band \u201eLisa und Lio\u201c von 2020. Hier lernen wir das M\u00e4chen Lisa und ihren \u2013 f\u00fcr andere unsichtbaren \u2013 Alien-Freund Lio kennen, ein \u201eLebender Intelligenter Organismus\u201c. Lio hilft Lisa auf dem Weg zur Schule und auch in der Schule. Gespannt sind wir auf den angek\u00fcndigten Band, in dem Lio Lisa ins Schullandheim begleitet.<\/p>\n\n\n\n<p>Mit meiner \u00dcbersicht m\u00f6chte ich dazu beitragen, dass die B\u00fccher schneller auffindbar sind und (direkt oder indirekt) Betroffene sie lesen und sehen, wie Daniela Schreiter das Thema \u201eAutismus\u201c ber\u00fchrend und auf humorvolle Art erkl\u00e4rt. Mit ihren Zeichnungen und Texten schafft Daniela Schreiter Verst\u00e4ndnis f\u00fcr Menschen mit den beschriebenen Eigenschaften und sie zeigt, welche Superkr\u00e4fte sie brauchen, um den Alltag zu meistern. &nbsp;<\/p>\n\n\n\n<p>*** B\u00fccher von Daniela Schreiter bei Panini:<\/p>\n\n\n\n<ul><li>Schattenspringer 1 \u2013 Wie es ist, anders zu sein. ISBN 9783862019502.<\/li><li>Schattenspringer 2 \u2013 Per Anhalter durch die Pubert\u00e4t. ISBN 9783957983084.<\/li><li>Schattenspringer 3 \u2013 Spektralfarben. ISBN 9783741606373.<\/li><li>Die Abenteuer von Autistic-Hero-Girl. ISBN 9783833235405. <\/li><li>Lisa und Lio \u2013 Das M\u00e4dchen und der Alien-Fuchs. ISBN 9783741618239.<\/li><li>Fabul\u00f6se Fakten. ISBN 9783741624377.<\/li><\/ul>\n\n\n\n<p><\/p>\n\n\n\n<p><\/p>\n\n\n\n<p><\/p>\n\n\n\n<p><\/p>\n","protected":false},"excerpt":{"rendered":"<p>Bevor ich das neue Blatt des Wochenkalenders aufschlage, will ich endlich einen Blogbeitrag schreiben, den ich schon l\u00e4nger in mir trage: einen Beitrag \u00fcber die B\u00fccher und Bilder von Daniela Schreiter alias \u201eFuchskind\u201c. Warum ich gerade jetzt den Beitrag losschicken m\u00f6chte? Die zur\u00fcckliegende Woche begann f\u00fcr mich mit einem Blick auf das von Daniela Schreiter [&hellip;]<\/p>\n","protected":false},"author":1,"featured_media":3259,"comment_status":"closed","ping_status":"closed","sticky":false,"template":"","format":"standard","meta":[],"categories":[60,4],"tags":[116,117,118,76,73,119,120,81,104,96,32],"_links":{"self":[{"href":"https:\/\/www.ichtich.de\/index.php?rest_route=\/wp\/v2\/posts\/3247"}],"collection":[{"href":"https:\/\/www.ichtich.de\/index.php?rest_route=\/wp\/v2\/posts"}],"about":[{"href":"https:\/\/www.ichtich.de\/index.php?rest_route=\/wp\/v2\/types\/post"}],"author":[{"embeddable":true,"href":"https:\/\/www.ichtich.de\/index.php?rest_route=\/wp\/v2\/users\/1"}],"replies":[{"embeddable":true,"href":"https:\/\/www.ichtich.de\/index.php?rest_route=%2Fwp%2Fv2%2Fcomments&post=3247"}],"version-history":[{"count":12,"href":"https:\/\/www.ichtich.de\/index.php?rest_route=\/wp\/v2\/posts\/3247\/revisions"}],"predecessor-version":[{"id":3267,"href":"https:\/\/www.ichtich.de\/index.php?rest_route=\/wp\/v2\/posts\/3247\/revisions\/3267"}],"wp:featuredmedia":[{"embeddable":true,"href":"https:\/\/www.ichtich.de\/index.php?rest_route=\/wp\/v2\/media\/3259"}],"wp:attachment":[{"href":"https:\/\/www.ichtich.de\/index.php?rest_route=%2Fwp%2Fv2%2Fmedia&parent=3247"}],"wp:term":[{"taxonomy":"category","embeddable":true,"href":"https:\/\/www.ichtich.de\/index.php?rest_route=%2Fwp%2Fv2%2Fcategories&post=3247"},{"taxonomy":"post_tag","embeddable":true,"href":"https:\/\/www.ichtich.de\/index.php?rest_route=%2Fwp%2Fv2%2Ftags&post=3247"}],"curies":[{"name":"wp","href":"https:\/\/api.w.org\/{rel}","templated":true}]}}