{"id":3221,"date":"2023-02-25T08:50:00","date_gmt":"2023-02-25T08:50:00","guid":{"rendered":"https:\/\/www.ichtich.de\/?p=3221"},"modified":"2025-05-02T13:37:31","modified_gmt":"2025-05-02T13:37:31","slug":"hallongrottor-himbeergruebchen-schwedisches-muerbteiggebaeck-mit-himbeermarmelade","status":"publish","type":"post","link":"https:\/\/www.ichtich.de\/?p=3221","title":{"rendered":"Hallongrottor \u2013 Himbeergr\u00fcbchen: schwedisches M\u00fcrbteiggeb\u00e4ck mit Himbeermarmelade"},"content":{"rendered":"\n<p>Immer wieder backe ich zu einem Geburtstag oder einem anderen Fest schwedische \u201ehallongrottor\u201c, \u201eHimbeerh\u00f6hlen\u201c. F\u00fcr mich hei\u00dfen sie \u201ehallongrottor\u201c \u2013 wenn es denn sein muss, \u00fcbersetze ich sie mit \u201eHimbeergr\u00fcbchen\u201c, das klingt freundlicher als \u201eHimbeerh\u00f6hlen\u201c oder \u201eOchsenaugen\u201c.<\/p>\n\n\n\n<p>Die ersten dieser Keksen hatte ich vor sechs oder sieben Jahren nach dem <a rel=\"noreferrer noopener\" href=\"http:\/\/www.koket.se\/mitt-kok\/birgitta-rasmusson\/klassiska-hallongrottor\" target=\"_blank\">Rezept von Birgitta Rasmusson<\/a> gebacken. Da ich immer wieder nach dem Rezept der Kekse gefragt werde und ich Rasmussons Rezept nur auf Schwedisch weitergeben konnte, versehen mit hingekritzelten Anmerkungen und der Umrechung der Mengenangaben, gebe ich nun das Rezept auf Deutsch so weiter, wie es sich f\u00fcr mich bew\u00e4hrt hat. Doch zuvor will ich erz\u00e4hlen, wie die <em>hallongrottor <\/em>zu mir gekommen sind.<\/p>\n\n\n\n<!--more-->\n\n\n\n<div class=\"wp-block-image is-style-default\"><figure class=\"alignright size-full is-resized\"><img loading=\"lazy\" src=\"https:\/\/www.ichtich.de\/wp-content\/uploads\/2023\/02\/IMG_0482-5.jpg\" alt=\"\" class=\"wp-image-3225\" width=\"259\" height=\"379\" srcset=\"https:\/\/www.ichtich.de\/wp-content\/uploads\/2023\/02\/IMG_0482-5.jpg 454w, https:\/\/www.ichtich.de\/wp-content\/uploads\/2023\/02\/IMG_0482-5-205x300.jpg 205w\" sizes=\"(max-width: 259px) 100vw, 259px\" \/><\/figure><\/div>\n\n\n\n<p>Im <a rel=\"noreferrer noopener\" href=\"https:\/\/www.ichtich.de\/?p=1237\" target=\"_blank\">VHS-Schwedischkurs<\/a> lasen wir 2016\/2017 das Buch \u201ePastor Viveka och tanterna\u201c von Annette Haaland. Wie schon bei anderen Texten im VHS-Kurs lie\u00df ich mich zu Nachforschungen anregen \u2013 diesmal nicht zu schwedischen Gedichten oder Liedern, sondern zum Rezept f\u00fcr <em>hallongrottor<\/em>.<\/p>\n\n\n\n<p>Eine der \u201etanterna\u201c, der Damen des Kirchenkaffeekr\u00e4nzchens in Enskede bei Stockholm (jawohl: in Enskede, wo wir vor vielen Jahren Freunde besucht und Geburtstag gefeiert hatten) war Viola Skott: \u201eEnskedes vackraste kvinna med Enskedes vackraste hus, med ljusbl\u00e5a \u00f6gonen\u201c, Enskedes sch\u00f6nste Frau mit dem sch\u00f6nsten Haus und den hellblauen Augen. Viola Skott wird in Haalands Buch nicht lange leben, doch zuvor bekr\u00e4ftigt sie, dass sie diejenige ist, die die besten <em>hallongrottor <\/em>backt. Dazu ein Auszug aus der deutschen Ausgabe von \u201ePastorin Viveka und das t\u00f6dliche Kaffeekr\u00e4nzchen\u201c, Kapitel 7:<\/p>\n\n\n\n<blockquote class=\"wp-block-quote is-style-default\"><p>Viola hat Ochsenaugen mitgebracht, falls irgendjemand zuf\u00e4llig vergessen haben sollte, dass ihre am besten schmecken: \u201eWir haben unser Leben lang gebacken &#8230; Ich zum Beispiel habe Ochsenaugen gebacken. &#8230; Das Rezept stammt von meinem Vater. Die Ochsenaugen meines Vaters waren k\u00f6stlich.\u201c<\/p><cite>Annette Haaland: \u201ePastorin Viveka und das t\u00f6dliche Kaffeekr\u00e4nzchen\u201c, <br>Ullstein Buchverlage GmbH, Berlin 2016, S. 37 bis S. 43.<\/cite><\/blockquote>\n\n\n\n<p>Hier haben wir sie also, die <em>hallongrottor<\/em>, in der deutschen Ausgabe \u201eOchsenaugen\u201c genannt, was nicht dem eigentlichen Rezept entspricht, da <em>hallongrottor <\/em>\u2013 im Gegensatz zu Ochsenaugen \u2013 keine Mandelmakronenverzierung haben. <\/p>\n\n\n\n<p>Das von Viola Skott gepriesene Geb\u00e4ck ist ein einfacher M\u00fcrbteig, den man zu Kugeln formt und mit kleinen Vertiefungen versieht, damit diese mit Himbeermarmelade gef\u00fcllt werden. Das war\u2019s auch schon \u2013 ein einfaches Rezept, ganz ohne den Aufwand, den man bei schwedischem Hefegeb\u00e4ck wie <a rel=\"noreferrer noopener\" href=\"https:\/\/www.ichtich.de\/?p=2343\" target=\"_blank\"><em>Saffransbullar <\/em><\/a>betreiben muss. Ein weiterer Vorteil von <em>hallongrottor <\/em>ist, dass man sie am Tag vor dem Fest backen kann und sie auch nochTage nach dem Fest gut zum Kaffee schmecken. Kurz: Sie sind einfach herzustellen und ein dankbares Geb\u00e4ck, das gut schmeckt \u2013 was will man mehr?<\/p>\n\n\n\n<p>Kleine Ausschweifung ins Kaffeekr\u00e4nzchen mit Pastorin Viveka: Viveka will als Erg\u00e4nzung zu den obligatorischen sieben Geb\u00e4cksorten Obst einf\u00fchren und h\u00e4lt sich beim Treffen an die trockenen Kekse ohne Marmelade, weil die ihr \u201enicht ganz so s\u00fc\u00df und ekelerregend erscheinen\u201c (ebd., S. 39.). Doch nun endlich zum &#8230;<\/p>\n\n\n\n<h2>Rezept f\u00fcr 30 <em>hallongrottor<\/em><\/h2>\n\n\n\n<p><strong>Zutaten<\/strong><\/p>\n\n\n\n<ul><li>200 g Butter<\/li><li>100 g Zucker<\/li><li>1 Teel\u00f6ffel Vanillezucker<\/li><li>1 Teel\u00f6ffel Backpulver<\/li><li>300 g Weizenmehl<\/li><li>50 g Himbeerkonfit\u00fcre (mit Gabel fl\u00fcssigger\u00fchrt)<\/li><li>30 Papierf\u00f6rmchen auf dem Backblech<\/li><\/ul>\n\n\n\n<p><strong>Und so geht\u2018s<\/strong><\/p>\n\n\n\n<ul><li>Die weiche Butter und der Zucker werden glattger\u00fchrt.<\/li><li>Vanillezucker, Backpulver und Mehl werden gemischt, in den Teig einger\u00fchrt (Vorsicht: br\u00f6selig) und dann zu einem festen Teig geknetet.<\/li><li>Der Teig wird zu einer etwa 20 cm langen Rolle geformt und in 30 gleich gro\u00dfe St\u00fccke geschnitten.<\/li><li>Die Teigst\u00fccke rollt man zu Kugeln und legt diese in die Papierf\u00f6rmchen auf dem Backblech. <\/li><li>In jede Teigkugel dr\u00fcckt man mit einem Finger eine Vertiefung, je nach Fingergr\u00f6\u00dfe mit dem Zeigefinger oder mit dem kleinen Finger.<\/li><li>In die Vertiefungen wird knapp 1 Teel\u00f6ffel Himbeermarmelade gegeben; ich verwende daf\u00fcr einen kleinen Espressol\u00f6ffel, das reicht.<\/li><li>Schlie\u00dflich werden die Kekse bei 175 Grad etwa 18 Minuten lang gebacken. <\/li><li>Die Backzeit nutzt man, um die K\u00fcche aufzur\u00e4umen, bis man endlich das Blech aus dem Backhofen holt und wie Birgitta Rasmusson ein erstes Keks probiert: <br>\u201eman m\u00e5ste smakprova &#8230;\u201c. Vorsicht: hei\u00df!<\/li><\/ul>\n\n\n\n<p>Wer das Rezept ausprobieren und genauer sehen will, wie es geht, kann den kurzen <a rel=\"noreferrer noopener\" href=\"http:\/\/www.koket.se\/mitt-kok\/birgitta-rasmusson\/klassiska-hallongrottor\" target=\"_blank\">Film mit Birgitta Rasmusson<\/a> ansehen. Selbst wenn man den schwedischen Text nicht versteht, sieht man leicht, was zu tun ist, um gute <em>hallongrottor <\/em>zu backen \u2013 so gute <em>hallongrottor <\/em>wie die nach dem Rezept von Viola Skotts Vater. <\/p>\n\n\n\n<div class=\"wp-block-image is-style-default\"><figure class=\"alignright size-large is-resized\"><img loading=\"lazy\" src=\"https:\/\/www.ichtich.de\/wp-content\/uploads\/2023\/02\/AdobePhotoshopExpress_2017_02_08_08-05-37-1024x1024.jpg\" alt=\"\" class=\"wp-image-3224\" width=\"247\" height=\"247\" srcset=\"https:\/\/www.ichtich.de\/wp-content\/uploads\/2023\/02\/AdobePhotoshopExpress_2017_02_08_08-05-37-1024x1024.jpg 1024w, https:\/\/www.ichtich.de\/wp-content\/uploads\/2023\/02\/AdobePhotoshopExpress_2017_02_08_08-05-37-300x300.jpg 300w, https:\/\/www.ichtich.de\/wp-content\/uploads\/2023\/02\/AdobePhotoshopExpress_2017_02_08_08-05-37-150x150.jpg 150w, https:\/\/www.ichtich.de\/wp-content\/uploads\/2023\/02\/AdobePhotoshopExpress_2017_02_08_08-05-37-768x768.jpg 768w, https:\/\/www.ichtich.de\/wp-content\/uploads\/2023\/02\/AdobePhotoshopExpress_2017_02_08_08-05-37-624x624.jpg 624w, https:\/\/www.ichtich.de\/wp-content\/uploads\/2023\/02\/AdobePhotoshopExpress_2017_02_08_08-05-37.jpg 1512w\" sizes=\"(max-width: 247px) 100vw, 247px\" \/><\/figure><\/div>\n\n\n\n<p>Und wer beim Kaffeetrinken und Kekseessen mehr \u00fcber <em>hallongrottor<\/em>, \u00fcber Pastorin Viveka und \u00fcber Enskede erfahren m\u00f6chte, findet hier weitere Anregungen:<\/p>\n\n\n\n<ul><li><a rel=\"noreferrer noopener\" href=\"https:\/\/visitsweden.de\/aktivitaten\/essen-trinken\/schwedische-rezepte\/rezept-himbeerhohlen-hallongrottor\/\" target=\"_blank\">Rezept bei VisitSweden<\/a> <\/li><li><a rel=\"noreferrer noopener\" href=\"https:\/\/underbaraclaras.se\/2019\/07\/03\/varldens-basta-hallongrottor\/\" target=\"_blank\">Rezept von UnderbaraClara<\/a><\/li><li><a rel=\"noreferrer noopener\" href=\"https:\/\/einfachschweden.de\/kaffeeklatsch-auf-schwedisch-mit-sju-sorters-kakor\/\" target=\"_blank\">Sieben Sorten Geb\u00e4ck<\/a><\/li><li><a rel=\"noreferrer noopener\" href=\"https:\/\/enskedebilder.com\/2018\/11\/24\/i-pastor-vivekas-fotspar\/\" target=\"_blank\">Mit Pastorin Viveka unterwegs in Enskede<\/a><\/li><\/ul>\n\n\n\n<p>Dankbar f\u00fcr vielerlei Schweden-Impulse und sch\u00f6ne Begegnungen mit <a rel=\"noreferrer noopener\" href=\"https:\/\/www.ichtich.de\/?p=1237\" target=\"_blank\">Birgitta, unserer Kursleiterin vom Herbst 2005 bis Februar 2018<\/a>.<br><br><\/p>\n","protected":false},"excerpt":{"rendered":"<p>Immer wieder backe ich zu einem Geburtstag oder einem anderen Fest schwedische \u201ehallongrottor\u201c, \u201eHimbeerh\u00f6hlen\u201c. F\u00fcr mich hei\u00dfen sie \u201ehallongrottor\u201c \u2013 wenn es denn sein muss, \u00fcbersetze ich sie mit \u201eHimbeergr\u00fcbchen\u201c, das klingt freundlicher als \u201eHimbeerh\u00f6hlen\u201c oder \u201eOchsenaugen\u201c. Die ersten dieser Keksen hatte ich vor sechs oder sieben Jahren nach dem Rezept von Birgitta Rasmusson gebacken. [&hellip;]<\/p>\n","protected":false},"author":1,"featured_media":3227,"comment_status":"closed","ping_status":"closed","sticky":false,"template":"","format":"standard","meta":[],"categories":[60,11,7,8],"tags":[30,33],"_links":{"self":[{"href":"https:\/\/www.ichtich.de\/index.php?rest_route=\/wp\/v2\/posts\/3221"}],"collection":[{"href":"https:\/\/www.ichtich.de\/index.php?rest_route=\/wp\/v2\/posts"}],"about":[{"href":"https:\/\/www.ichtich.de\/index.php?rest_route=\/wp\/v2\/types\/post"}],"author":[{"embeddable":true,"href":"https:\/\/www.ichtich.de\/index.php?rest_route=\/wp\/v2\/users\/1"}],"replies":[{"embeddable":true,"href":"https:\/\/www.ichtich.de\/index.php?rest_route=%2Fwp%2Fv2%2Fcomments&post=3221"}],"version-history":[{"count":13,"href":"https:\/\/www.ichtich.de\/index.php?rest_route=\/wp\/v2\/posts\/3221\/revisions"}],"predecessor-version":[{"id":3240,"href":"https:\/\/www.ichtich.de\/index.php?rest_route=\/wp\/v2\/posts\/3221\/revisions\/3240"}],"wp:featuredmedia":[{"embeddable":true,"href":"https:\/\/www.ichtich.de\/index.php?rest_route=\/wp\/v2\/media\/3227"}],"wp:attachment":[{"href":"https:\/\/www.ichtich.de\/index.php?rest_route=%2Fwp%2Fv2%2Fmedia&parent=3221"}],"wp:term":[{"taxonomy":"category","embeddable":true,"href":"https:\/\/www.ichtich.de\/index.php?rest_route=%2Fwp%2Fv2%2Fcategories&post=3221"},{"taxonomy":"post_tag","embeddable":true,"href":"https:\/\/www.ichtich.de\/index.php?rest_route=%2Fwp%2Fv2%2Ftags&post=3221"}],"curies":[{"name":"wp","href":"https:\/\/api.w.org\/{rel}","templated":true}]}}