{"id":3078,"date":"2022-08-06T11:51:13","date_gmt":"2022-08-06T11:51:13","guid":{"rendered":"https:\/\/www.ichtich.de\/?p=3078"},"modified":"2025-05-02T13:38:48","modified_gmt":"2025-05-02T13:38:48","slug":"sommar-sommar-sommar-schwedische-texte-mit-musik","status":"publish","type":"post","link":"https:\/\/www.ichtich.de\/?p=3078","title":{"rendered":"\u201eSommar, Sommar, Sommar\u201c \u2013 schwedische Texte mit Musik"},"content":{"rendered":"\n<p>Eine \u2013 aus meiner Sicht \u2013 absolut empfehlenswerte Bereicherung zum Lesen schwedischer Texte ist es, die Erz\u00e4hlungen schwedischer \u201eSommarpratare\u201c (\u201eSommer-Redner\u201c) oder \u201eSommarv\u00e4rdar\u201c (\u201eSommer-Gastgeber\u201c) anzuh\u00f6ren. Zur Einstimmung gehe ich dazu gleich mal ins Schwedische \u201edu\u201c \u00fcber, wie du es sicher von deinem letzten IKEA-Besuch kennst: Wenn du schwedische Erz\u00e4hlungen mit passender Musik anh\u00f6ren m\u00f6chtest, musst du im Sommer um 13 Uhr nur das schwedische Radio \u201e<a href=\"https:\/\/sverigesradio.se\/\">Sveriges Radio<\/a>\u201c anschalten. Oder du gehst im Internet auf \u201e<a rel=\"noreferrer noopener\" href=\"https:\/\/sverigesradio.se\/sommarvinterip1\" target=\"_blank\">Sommar och Vinter i P1<\/a>\u201c, klickst es an, und schon bist du bei \u201eSommer und Winter im Programm P1\u201c.<\/p>\n\n\n\n<!--more-->\n\n\n\n<h2>\u201e&#8230; ett av Sveriges Radios stora flaggskepp\u201c<\/h2>\n\n\n\n<p>Wie unter \u201e<a rel=\"noreferrer noopener\" href=\"https:\/\/sverigesradio.se\/artikel\/om-sommar-och-vinter-i-p1\" target=\"_blank\">Om Sommar och Vinter i P1<\/a>\u201c zu erfahren ist, wird diese beliebte Reihe, , seit 1959 gesendet. Dazu werden jedes Jahr Anfang Juni in der mit Spannung erwarteten <a rel=\"noreferrer noopener\" href=\"https:\/\/sverigesradio.se\/avsnitt\/sommarprat-2022-sommarvardar-presenteras\" target=\"_blank\">Sendung <\/a>die \u201eSommarv\u00e4rdar\u201c des bevorstehende Sommers bekanntgegeben. Von Mitte Juni bis Mitte August kannst du dort t\u00e4glich von 13:00 h bis 14:30 h einem Sommarv\u00e4rd zuh\u00f6ren. Etwa alle zehn Minuten wird ein thematisch passendes Musikst\u00fcck eingespielt \u2013 die meisten Sommarv\u00e4rdar geben sich viel M\u00fche in der Wahl geeigneter Musik. Wenn du eine Sendung verpasst hast, kannst du sie in verk\u00fcrzter Form (ohne Musik) herunterladen oder in der App anh\u00f6ren.<\/p>\n\n\n\n<h2>\u201eSommars signaturmelodi\u201c<\/h2>\n\n\n\n<p>Wenn du ein paar Beitr\u00e4ge angeh\u00f6rt hast, kannst du die Erkennungsmelodie bald mitsingen mit den Worten \u201eSommar, sommar, sommar!\u201c. Die Geschichte und die Noten zur Melodie findest du im Beitrag \u201e<a rel=\"noreferrer noopener\" href=\"https:\/\/sverigesradio.se\/artikel\/sommars-signaturmelodi\" target=\"_blank\">Sommars signaturmelodi<\/a>\u201c bzw. unter \u201e<a rel=\"noreferrer noopener\" href=\"https:\/\/sverigesradio.se\/diverse\/appdata\/isidor\/files\/2071\/2224.pdf\" target=\"_blank\">Text och noter \u2013 spela och sjung sj\u00e4lv!<\/a>\u201c.<\/p>\n\n\n\n<blockquote class=\"wp-block-quote\"><p>Sommar, sommar, sommar, det \u00e4r dans i Folkets park. <br>Sommar, sommar, sommar, hj\u00e4rtan sk\u00e4rs i tr\u00e4dens bark. <br>Jag vill viska i ditt \u00f6ra just de orden du vill h\u00f6ra. \u2026<\/p><p>Sommer, Sommer, Sommer, es ist Tanz im Volkspark. <br>Sommer, Sommer, Sommer, Herzen werden in die Rinde der B\u00e4ume geschnitten. <br>Ich m\u00f6chte dir die Worte ins Ohr fl\u00fcstern, die du so gerne h\u00f6rst . \u2026<\/p><cite>Text und Noten zu \u201e<a rel=\"noreferrer noopener\" href=\"https:\/\/sverigesradio.se\/diverse\/appdata\/isidor\/files\/2071\/2224.pdf\" target=\"_blank\">Sommars signaturmelodi<\/a>\u201c (frei \u00fcbersetzt)<\/cite><\/blockquote>\n\n\n\n<h2>Sommarv\u00e4rdar: bloggare, artist, f\u00f6rfattere, bagare, skid\u00e5kare &#8230;<\/h2>\n\n\n\n<p>Wer waren meine ersten Sommarv\u00e4rdar? War es \u201e<a rel=\"noreferrer noopener\" href=\"https:\/\/sverigesradio.se\/avsnitt\/357301\" target=\"_blank\">Underbara Clara<\/a>\u201c, Clara Lidstr\u00f6m, mit ihrem <a rel=\"noreferrer noopener\" href=\"https:\/\/underbaraclaras.se\/\" target=\"_blank\">Blog<\/a>? Oder <a rel=\"noreferrer noopener\" href=\"https:\/\/sverigesradio.se\/avsnitt\/362053\" target=\"_blank\">Rikard Wolff <\/a>oder <a rel=\"noreferrer noopener\" href=\"https:\/\/sverigesradio.se\/avsnitt\/203023\" target=\"_blank\">Jonas Gardell<\/a>, die Skirennl\u00e4uferin <a rel=\"noreferrer noopener\" href=\"https:\/\/sverigesradio.se\/avsnitt\/206\" target=\"_blank\">Anja P\u00e4rson<\/a>, der Schrftsteller <a rel=\"noreferrer noopener\" href=\"https:\/\/sverigesradio.se\/avsnitt\/jan-guillou-2009\" target=\"_blank\">Jan Gouillou<\/a> oder der B\u00e4cker <a rel=\"noreferrer noopener\" href=\"https:\/\/sverigesradio.se\/avsnitt\/116698\" target=\"_blank\">S\u00e9bastien Boudet<\/a>, auf dessen Blog \u201e<a rel=\"noreferrer noopener\" href=\"https:\/\/www.brodpassion.se\/2015\/08\/min-sommar-pa-p1-fast-pa-pappret\/\" target=\"_blank\">Brodpassion<\/a>\u201c ich erstmals seinen Sommar-Text nachlesen konnte? Ganz egal, ob ich den Redner oder die Rednerin gezielt ausgew\u00e4hlt hatte oder einfach nur reingeh\u00f6rt habe, ohne im Voraus viel \u00fcber die Person zu wissen: Jedes Mal gab es etwas Spannendes oder Bewegendes mit gut ausgew\u00e4hlter Musik zu h\u00f6ren und zu erfahren. <\/p>\n\n\n\n<div class=\"wp-block-image is-style-default\"><figure class=\"aligncenter size-full is-resized\"><img loading=\"lazy\" src=\"https:\/\/www.ichtich.de\/wp-content\/uploads\/2022\/08\/Sommar.jpg\" alt=\"\" class=\"wp-image-3090\" width=\"318\" height=\"199\" srcset=\"https:\/\/www.ichtich.de\/wp-content\/uploads\/2022\/08\/Sommar.jpg 635w, https:\/\/www.ichtich.de\/wp-content\/uploads\/2022\/08\/Sommar-300x188.jpg 300w, https:\/\/www.ichtich.de\/wp-content\/uploads\/2022\/08\/Sommar-624x390.jpg 624w\" sizes=\"(max-width: 318px) 100vw, 318px\" \/><\/figure><\/div>\n\n\n\n<p>Du kannst ein beliebiges, zuf\u00e4llig angeklicktes Gespr\u00e4ch aufrufen \u2013 oder du suchst in der Liste der Sommarv\u00e4rdar gezielt eine bestimmte Person oder ein bestimmtes Gebiet, f\u00fcr das du dich interessierst: Sport, Politik, Schauspiel, Musik, Literatur, Kochen, &#8230; Klick einfach den Beitrag an und h\u00f6r rein. Bei \u00e4lteren Beitr\u00e4gen werden dir die ausgeblendeten Musikst\u00fccke angezeigt, die du \u2013 wenn du magst \u2013 per youtube oder spotify einspielen kannst.<\/p>\n\n\n\n<p>Ich habe jetzt erst, 2022, entdeckt, dass man am Ende der Liste mit den Musikst\u00fccken den Beitrag \u201ei text\u201c, anklicken und als Text anzeigen lassen kann. Damit kann man den Beitrag in Ruhe lesen oder auch kopieren und (eventuell mithilfe eines \u00dcbersetzungsprogramms wie https:\/\/www.deepl.com\/translator) \u00fcbersetzen. Um dem Gespr\u00e4ch folgen zu k\u00f6nnen oder nachtr\u00e4glich ein bestimmtes Zitat zu suchen und zu verstehen, ist das echt hilfreich.<\/p>\n\n\n\n<h2>Kleine \u00dcbung auf der Website oder in der App Sveriges Radio Play<\/h2>\n\n\n\n<ol><li>Du gehst auf https:\/\/sverigesradio.se\/, dort auf https:\/\/sverigesradio.se\/sommarvinterip1<\/li><li>Du l\u00e4sst dir die Liste der Sommarv\u00e4rdar des aktuellen Jahres, <a rel=\"noreferrer noopener\" href=\"https:\/\/sverigesradio.se\/artikel\/sommarpratare-2022-hela-listan\" target=\"_blank\">sommarpratare-2022-hela-listan<\/a>, anzeigen oder die Liste aller <a rel=\"noreferrer noopener\" href=\"https:\/\/sverigesradio.se\/artikel\/hitta-sommarprogram-per-ar-och-artionden\" target=\"_blank\">Sommarv\u00e4rdar seit 1959<\/a>. <\/li><li>Du w\u00e4hlst du die Person XY aus und l\u00e4dst ihren Beitrag herunter (\u201eladda ner\u201c).<\/li><li>Unter \u201eMusik som spelats i avsnittet\u201c l\u00e4sst du die eingespielten Musikst\u00fccke anzeigen.<\/li><li>Am Ende der Musik-Liste kannst du \u201eXYs Sommarprat i text 2022-..-..\u201c anklicken und lesen bzw. den Text kopieren und ihn (grob) \u00fcbersetzen lassen. <\/li><\/ol>\n\n\n\n<p>Alles klar? Damit h\u00f6rst du die Stimme der von dir gew\u00e4hlten Person und die von ihr dazu ausgew\u00e4hlte Musik: \u201e&#8230; personliga ber\u00e4ttelser som definierar v\u00e5r tid.\u201c<\/p>\n\n\n\n<p class=\"has-text-align-center\">Und nach Weihnachten kannst du den \u201eVinterv\u00e4rdar\u201c zuh\u00f6ren. <\/p>\n\n\n\n<h2>Ein Beispiel &#8230;<\/h2>\n\n\n\n<p>Wie w\u00e4re es zum Beispiel mit Lydia Sandgren, der Autorin von \u201e<a rel=\"noreferrer noopener\" href=\"https:\/\/www.ichtich.de\/?p=2848\" target=\"_blank\">Samlade Verk<\/a>\u201c, mit ihrem Beitrag \u201eom sin st\u00e4ndigt p\u00e5g\u00e5ende bildningsresa och hungern efter att f\u00e5 skriva\u201c. Du w\u00e4hlst <a rel=\"noreferrer noopener\" href=\"https:\/\/sverigesradio.se\/avsnitt\/lydia-sandgren-sommarprat-2022\" target=\"_blank\">Lydia Sandgren<\/a> aus und l\u00e4dst ihren Beitrag herunter. Unter \u201eMusik som spelats i avsnittet\u201c kannst du die eingespielten Musikst\u00fccke anzeigen lassen (weiter mit \u201eVISA ALL MUSIK\u201c). Am Ende der Musik-Liste klickst du \u201e<a rel=\"noreferrer noopener\" href=\"https:\/\/sverigesradio.se\/artikel\/lydia-sandgrens-sommarprat-i-text\" target=\"_blank\">Lydia Sandgrens Sommarprat i text<\/a>\u201c an und liest den Text (bzw. kopierst und \u00fcbersetzt ihn). <\/p>\n\n\n\n<blockquote class=\"wp-block-quote is-style-plain\"><p>((\u2026)) Ens f\u00f6rsta roman har blivit l\u00e4st och prisbel\u00f6nt. ((&#8230;)) Men sen d\u00e5? Vad g\u00f6r man? <br>F\u00f6r att ta sig an framtiden tror jag man beh\u00f6ver f\u00f6rst\u00e5 n\u00e5got av sin historia, och d\u00e4rf\u00f6r t\u00e4nkte jag prata om min bildningsresa.<\/p><p>((&#8230;)) Dein erster Roman wurde gelesen und mit Preisen ausgezeichnet. ((..)) Aber was dann? Was machst du dann? <br>Um sich der Zukunft zu stellen, muss man, so denke ich, die eigene Geschichte verstehen, und deshalb m\u00f6chte ich \u00fcber meinen Bildungsweg sprechen.<\/p><cite>\u201e<a rel=\"noreferrer noopener\" href=\"https:\/\/sverigesradio.se\/artikel\/lydia-sandgrens-sommarprat-i-text\" target=\"_blank\">Lydia Sandgrens Sommarprat i text<\/a>\u201c (frei \u00fcbersetzt)<\/cite><\/blockquote>\n\n\n\n<p><mark style=\"background-color:rgba(0, 0, 0, 0)\" class=\"has-inline-color has-blue-color\"><strong>Ha kul med att lyssna! Viel Spass beim Zuh\u00f6ren!<\/strong><\/mark><\/p>\n\n\n\n<p><\/p>\n\n\n\n<p><\/p>\n\n\n\n<p><\/p>\n","protected":false},"excerpt":{"rendered":"<p>Eine \u2013 aus meiner Sicht \u2013 absolut empfehlenswerte Bereicherung zum Lesen schwedischer Texte ist es, die Erz\u00e4hlungen schwedischer \u201eSommarpratare\u201c (\u201eSommer-Redner\u201c) oder \u201eSommarv\u00e4rdar\u201c (\u201eSommer-Gastgeber\u201c) anzuh\u00f6ren. Zur Einstimmung gehe ich dazu gleich mal ins Schwedische \u201edu\u201c \u00fcber, wie du es sicher von deinem letzten IKEA-Besuch kennst: Wenn du schwedische Erz\u00e4hlungen mit passender Musik anh\u00f6ren m\u00f6chtest, musst du [&hellip;]<\/p>\n","protected":false},"author":1,"featured_media":3088,"comment_status":"closed","ping_status":"closed","sticky":false,"template":"","format":"standard","meta":[],"categories":[7,15,19],"tags":[34,109,33,112,110,111],"_links":{"self":[{"href":"https:\/\/www.ichtich.de\/index.php?rest_route=\/wp\/v2\/posts\/3078"}],"collection":[{"href":"https:\/\/www.ichtich.de\/index.php?rest_route=\/wp\/v2\/posts"}],"about":[{"href":"https:\/\/www.ichtich.de\/index.php?rest_route=\/wp\/v2\/types\/post"}],"author":[{"embeddable":true,"href":"https:\/\/www.ichtich.de\/index.php?rest_route=\/wp\/v2\/users\/1"}],"replies":[{"embeddable":true,"href":"https:\/\/www.ichtich.de\/index.php?rest_route=%2Fwp%2Fv2%2Fcomments&post=3078"}],"version-history":[{"count":14,"href":"https:\/\/www.ichtich.de\/index.php?rest_route=\/wp\/v2\/posts\/3078\/revisions"}],"predecessor-version":[{"id":3097,"href":"https:\/\/www.ichtich.de\/index.php?rest_route=\/wp\/v2\/posts\/3078\/revisions\/3097"}],"wp:featuredmedia":[{"embeddable":true,"href":"https:\/\/www.ichtich.de\/index.php?rest_route=\/wp\/v2\/media\/3088"}],"wp:attachment":[{"href":"https:\/\/www.ichtich.de\/index.php?rest_route=%2Fwp%2Fv2%2Fmedia&parent=3078"}],"wp:term":[{"taxonomy":"category","embeddable":true,"href":"https:\/\/www.ichtich.de\/index.php?rest_route=%2Fwp%2Fv2%2Fcategories&post=3078"},{"taxonomy":"post_tag","embeddable":true,"href":"https:\/\/www.ichtich.de\/index.php?rest_route=%2Fwp%2Fv2%2Ftags&post=3078"}],"curies":[{"name":"wp","href":"https:\/\/api.w.org\/{rel}","templated":true}]}}