{"id":3047,"date":"2022-07-24T10:04:14","date_gmt":"2022-07-24T10:04:14","guid":{"rendered":"https:\/\/www.ichtich.de\/?p=3047"},"modified":"2025-05-02T13:39:06","modified_gmt":"2025-05-02T13:39:06","slug":"gewagt-redaktion-und-lektorat","status":"publish","type":"post","link":"https:\/\/www.ichtich.de\/?p=3047","title":{"rendered":"Gewagt: \u201eRedaktion und Lektorat\u201c"},"content":{"rendered":"\n<p>In einer Zeit des coronabedingten Stillstands erreichte mich eine Anfrage und damit verbunden eine echte Herausforderung, die die Stille belebte, Schwung in meinen Alltag als freiberufliche Lektorin (bzw.: Redakteurin) brachte und mit vielen Kontakten, Anregungen und Aufgaben mein Leben sehr bereicherte. Es war eine spannende Zeit f\u00fcr mich seit Herbst 2021, als ich die Herausforderung angenommen hatte f\u00fcr einen Lehrauftrag am Zentrum f\u00fcr Buchwissenschaft (ZfB) der LMU M\u00fcnchen. <\/p>\n\n\n\n<!--more-->\n\n\n\n<h2>Unerwartete Anfrage und Herausforderung<\/h2>\n\n\n\n<p>Im Herbst 2021 erreichte mich per Mail die Anfrage meiner langj\u00e4hrigen B\u00fccherfrauen-Freundin, <a rel=\"noreferrer noopener\" href=\"https:\/\/susannebrudermueller.de\" target=\"_blank\">Susanne Bruderm\u00fcller<\/a>, ob ich bereit w\u00e4re f\u00fcr einen Lehrauftrag zum Thema \u201eRedaktion und Lektorat f\u00fcr Masterstudierende\u201c am <a rel=\"noreferrer noopener\" href=\"https:\/\/www.zfb.uni-muenchen.de\/index.html\" target=\"_blank\">Zentrum f\u00fcr Buchwissenschaft der LMU M\u00fcnchen<\/a>. Sie selbst gebe schon l\u00e4nger als <a rel=\"noreferrer noopener\" href=\"https:\/\/www.zfb.uni-muenchen.de\/studium_lehre\/lehrbeauftragte\/brudermueller\/index.html\" target=\"_blank\">Lehrbeauftragte<\/a> diesen Kurs und f\u00fcr den parallel stattfindenden Kurs werde aktuell eine neue Lehrbeauftragte gesucht. Im Telefongespr\u00e4ch erfuhr ich mehr \u00fcber den Kurs und h\u00f6rte dazu Susanne sagen: \u201eDu bist mir sofort eingefallen, als ich nach einer geeigneten Person gefragt wurde. Du bist genau richtig daf\u00fcr.\u201c<\/p>\n\n\n\n<p>Nach zwei, drei Tagen mit \u00dcberlegen und Gespr\u00e4chen mit Mann und Sohn nahm ich den Kontakt auf <a href=\"https:\/\/www.zfb.uni-muenchen.de\/personen\/mitarbeiter\/mueller_helen\/index.html\" data-type=\"URL\" data-id=\"https:\/\/www.zfb.uni-muenchen.de\/personen\/mitarbeiter\/mueller_helen\/index.html\" target=\"_blank\" rel=\"noreferrer noopener\">Frau Dr. Helen M\u00fcller<\/a> am ZfB. Mails wurden ausgetauscht, Telefongespr\u00e4che gef\u00fchrt, ein Lebenslauf verschickt und ein Formblatt der LMU ausgef\u00fcllt. Auch Termine f\u00fcr die geplanten sieben Doppelstunden im Sommersemester 2022, von April bis Juli, wurden vereinbart.<\/p>\n\n\n\n<p>Weitere Gespr\u00e4che folgten, u. a. das sehr hilfreiche Gespr\u00e4ch mit der Zirndorfer B\u00fccherfrau und VFLL-Kollegin <a rel=\"noreferrer noopener\" href=\"https:\/\/www.folio-lektorat.de\/\" target=\"_blank\">Marion Voigt<\/a>, die mir zun\u00e4chst zum Lehrauftragt gratulierte und dann sehr hilfreiche Lekt\u00fcretipps gab. Bei der Sichtung meines B\u00fccherregals entdeckte ich weitere passende Titel \u2013 nicht besonders aktuell, im Endeffekt aber ebenfalls sehr ergiebig f\u00fcr meine Kursvorbereitungen. Schlie\u00dflich besorgte ich mir einen Bibliotheksausweis f\u00fcr die Bibliothek der TU M\u00fcnchen-Weihenstephan und gab erste Fernleihe-Bestellungen auf. <\/p>\n\n\n\n<div class=\"wp-block-image is-style-default\"><figure class=\"aligncenter size-large is-resized\"><img loading=\"lazy\" src=\"https:\/\/www.ichtich.de\/wp-content\/uploads\/2022\/07\/Bibliotehl-TU-Weihenstephan-Dez-2021-1-1024x697.jpg\" alt=\"\" class=\"wp-image-3049\" width=\"512\" height=\"349\" srcset=\"https:\/\/www.ichtich.de\/wp-content\/uploads\/2022\/07\/Bibliotehl-TU-Weihenstephan-Dez-2021-1-1024x697.jpg 1024w, https:\/\/www.ichtich.de\/wp-content\/uploads\/2022\/07\/Bibliotehl-TU-Weihenstephan-Dez-2021-1-300x204.jpg 300w, https:\/\/www.ichtich.de\/wp-content\/uploads\/2022\/07\/Bibliotehl-TU-Weihenstephan-Dez-2021-1-768x522.jpg 768w, https:\/\/www.ichtich.de\/wp-content\/uploads\/2022\/07\/Bibliotehl-TU-Weihenstephan-Dez-2021-1-1536x1045.jpg 1536w, https:\/\/www.ichtich.de\/wp-content\/uploads\/2022\/07\/Bibliotehl-TU-Weihenstephan-Dez-2021-1-2048x1393.jpg 2048w, https:\/\/www.ichtich.de\/wp-content\/uploads\/2022\/07\/Bibliotehl-TU-Weihenstephan-Dez-2021-1-624x425.jpg 624w\" sizes=\"(max-width: 512px) 100vw, 512px\" \/><figcaption>Eingang der Universit\u00e4tsbibliothek der TUM-Weihenstephan im Dezember 2021<\/figcaption><\/figure><\/div>\n\n\n\n<h2>Vorbereitungen<\/h2>\n\n\n\n<p>Ein Gespr\u00e4ch mit dem Vorg\u00e4nger des Lehrauftrags zeigte mir, dass ich \u2013 als freiberufliche Schulbuch-Lektorin\/Redakteurin mit Schwerpunkt Mathematik \u2013 den Kurs ganz anders halten w\u00fcrde als er, angestellter Lektor f\u00fcr Sachbuch und Wissenschaft beim Hanser Verlag M\u00fcnchen. Im Januar sollte ich ein Foto, einen <a rel=\"noreferrer noopener\" href=\"https:\/\/www.zfb.uni-muenchen.de\/studium_lehre\/lehrbeauftragte\/heintzeler\/index.html\" target=\"_blank\">Vorstellungstext <\/a>und eine Beschreibung des Kursinhalts abgeben. Die ersten beiden Punkte waren schnell erledigt, die Kursbeschreibung jedoch verursachte mir manche schlaflose Nacht: Was sollte, was konnte, was musste ich als Inhalt angeben? Was hatte ich mit meinem beruflichen Hintergrund den Master-Studierenden weiterzugeben, was sie nicht eh schon l\u00e4ngst wussten? Schlie\u00dflich hatte ich einen Text verfasst und abgegeben, doch die Fragen, die ich mir selbst gestellt hatte, blieben offen.<\/p>\n\n\n\n<p>Anfang April bekam ich meine \u201eBestellung als Lehrbeauftragte\u201c mit diversen Einweisungen der LMU. Wichtiger als dieses Formular war jedoch der Besuch von Susanne Bruderm\u00fcller in meinem B\u00fcro. Von Susanne erfuhr ich viel \u00fcber den Ablauf und die Organisation des Kurses. Das Wichtigste aber war: Susanne bekr\u00e4ftigte mehrfach, dass meine Art mit meinem ganz eigenen Hintergrund als freiberufliche Lektorin im Bildungsbereich authentisch und genau richtig sei und ich mich nicht mit ihrem Stil oder dem meines Vorg\u00e4ngers vergleichen und messen m\u00fcsse. Diese Sicht: \u201eIch mache es auf meine Art mit!\u201c, war so hilfreich und motivierend. Pl\u00f6tzlich entstanden Ideen, wie ich es angehen k\u00f6nnte.<\/p>\n\n\n\n<p>Ebenfalls sehr hilfreich war das Gespr\u00e4ch mit Melissa, der Freundin unseres Sohnes, die mir aus Sicht einer jungen Frau mit Uni-Masterabschluss erz\u00e4hlen konnte, wie die heutigen Studierenden sind, was sie bewegt, was sie erwarten \u2013 und was ich von ihnen erwarten kann. Auch von ihr bekam ich eine n\u00fctzliche Sichtweise mit auf den Weg: Sie erinnere sich gerne an eine Fortbildungsbeauftragte, die \u2013 gerade als Externe \u2013 einen ganz anderen Ansatz hatte als die langj\u00e4hrigen festangestellten Dozenten und die mit ihrem eigenen Blick Schwung in den Kurs gebracht hatte.<\/p>\n\n\n\n<p>Diese Gespr\u00e4che mit Susanne und Melissa ermutigten mich und verscheuchten Denkblockaden und machten den Blick daf\u00fcr frei, wie <em>ich <\/em>den Kurs halten wollte.<\/p>\n\n\n\n<div class=\"wp-block-image is-style-default\"><figure class=\"aligncenter size-large is-resized\"><img loading=\"lazy\" src=\"https:\/\/www.ichtich.de\/wp-content\/uploads\/2022\/07\/IMG_1759-b-1024x639.jpg\" alt=\"\" class=\"wp-image-3057\" width=\"512\" height=\"320\" srcset=\"https:\/\/www.ichtich.de\/wp-content\/uploads\/2022\/07\/IMG_1759-b-1024x639.jpg 1024w, https:\/\/www.ichtich.de\/wp-content\/uploads\/2022\/07\/IMG_1759-b-300x187.jpg 300w, https:\/\/www.ichtich.de\/wp-content\/uploads\/2022\/07\/IMG_1759-b-768x480.jpg 768w, https:\/\/www.ichtich.de\/wp-content\/uploads\/2022\/07\/IMG_1759-b-1536x959.jpg 1536w, https:\/\/www.ichtich.de\/wp-content\/uploads\/2022\/07\/IMG_1759-b-2048x1279.jpg 2048w, https:\/\/www.ichtich.de\/wp-content\/uploads\/2022\/07\/IMG_1759-b-624x390.jpg 624w\" sizes=\"(max-width: 512px) 100vw, 512px\" \/><figcaption>Gut vorbereitet &#8230;<\/figcaption><\/figure><\/div>\n\n\n\n<h2>\u201eRedaktion und Lektorat\u201c \u2013 die richtige Definition<\/h2>\n\n\n\n<p>Ich stellte es mir so einfach und logisch vor: Gleich zu Beginn w\u00fcrde ich im Kurs eine Definition f\u00fcr \u201eRedaktion\u201c und f\u00fcr \u201eLektorat\u201c geben und die Unterschiede zwischen Redaktion und Lektorat aufzeigen.  Leider war es dann doch nicht so einfach: Meine Recherchen zu den beiden Begriffen im Internet und in diversen Werken, dazu verschiedene Gespr\u00e4che mit VFLL-Kolleginnen und der Blick auf \u201e<a rel=\"noreferrer noopener\" href=\"https:\/\/www.vfll.de\/was-ist-lektorat\/lektorat-von-a-bis-z\/\" target=\"_blank\">Lektorat von A bis Z\u201c <\/a>und in den vom <a rel=\"noreferrer noopener\" href=\"https:\/\/www.vfll.de\/\" target=\"_blank\">VFLL <\/a>herausgegebenen \u201e<a rel=\"noreferrer noopener\" href=\"https:\/\/www.vfll.de\/lekt%C3%BCre\/publikationen\/leitfaden\/\" target=\"_blank\">Leitfaden Freies Lektorat<\/a>&#8221; zeigten mir, dass es keine einheitliche Definition und keinen allgemeing\u00fcltigen Gebrauch der Begriffe gab. Zwei weitere Werke (\u201e<a rel=\"noreferrer noopener\" href=\"https:\/\/www.hdm-stuttgart.de\/mp\/fachbuchtipps\/buchhandel_herstellender\/satz_korrektur\" target=\"_blank\">Satz und Korrektur<\/a>\u201c, Brigitte Witzer, 2003, und  \u201e<a rel=\"noreferrer noopener\" href=\"https:\/\/www.utb.de\/doi\/book\/10.36198\/9783838549279\" target=\"_blank\">Berufsziel Lektorat<\/a>\u201c, G\u00fcnther Fetzer, 2018) haben mir den Weg daf\u00fcr gezeigt, wie ich in den ersten Kursstunden eine Arbeitsdefinition f\u00fcr \u201eRedaktion\u201c und f\u00fcr \u201eLektorat\u201c und einen \u00dcberblick \u00fcber die Workflows f\u00fcr die Abl\u00e4ufe im Verlag geben konnte, die wir sp\u00e4ter, im Laufe des Kurses, im Blick behielten und \u00fcberpr\u00fcften.<\/p>\n\n\n\n<p>\u00c0 propos Arbeitsdefinition: Bei meiner Recherche zum Thema \u201eSchulbuchlektorat\u201c stellte ich fest: Meine Bezeichnung als \u201eLektorin\u201c ist unpassend, passender ist \u201eRedakteurin\u201c. Auch die Bezeichnung meines Arbeitsschwerpunkts \u201eSchulbuch Mathematik\u201c ist zu \u00e4ndern in \u201eBildungsmedien\u201c. Also nicht mehr \u201eLektorin mit Schwerpunkt Schulbuch Mathematik\u201c, sondern \u201eLektorin\/Redakteurin mit dem Schwerpunkt Bildungsmedien f\u00fcr Mathematik\u201c (wen das Thema interessiert: hier mehr zu <a href=\"https:\/\/bildungswelten.info\/was-sind-bildungsmedien\" target=\"_blank\" rel=\"noreferrer noopener\">Bildungsmedien<\/a>).<\/p>\n\n\n\n<p>\u00dcber das Buch \u201eBuchherstellung \u2013 Leitfaden f\u00fcr Verleger, Lektoren und andere Verlagsmitarbeiter\u201c, das seit einer Verlagsfortbildung um 1995 mit <a rel=\"noreferrer noopener\" href=\"https:\/\/input-verlag.de\/impressum\/\" target=\"_blank\">Ralf Plenz<\/a> in meinem Regal steht, entdeckte ich den interessanten <a rel=\"noreferrer noopener\" href=\"https:\/\/input-verlag.de\/podcast\/\" target=\"_blank\">Podcast \u201eDer B\u00fcchermacher\u201c<\/a>. Einige der Podcasts (Nr. 73 bis 76) gehen speziell auf die Arbeit im Lektorat und auf die \u201eEigenschaften des idealen Lektors\u201c ein, und so ergab sich aus den Darstellungen in den Podcasts auch eine Aufgabe, die die Studentinnen im Kurs bearbeiteten und kreativ umsetzten, u.a. in Form einer Mindmap und einer Kinderbuchgeschichte.<\/p>\n\n\n\n<figure class=\"wp-block-image size-large is-resized is-style-default\"><img loading=\"lazy\" src=\"https:\/\/www.ichtich.de\/wp-content\/uploads\/2022\/07\/Literaturschau-1024x558.jpg\" alt=\"\" class=\"wp-image-3054\" width=\"512\" height=\"279\" srcset=\"https:\/\/www.ichtich.de\/wp-content\/uploads\/2022\/07\/Literaturschau-1024x558.jpg 1024w, https:\/\/www.ichtich.de\/wp-content\/uploads\/2022\/07\/Literaturschau-300x163.jpg 300w, https:\/\/www.ichtich.de\/wp-content\/uploads\/2022\/07\/Literaturschau-768x418.jpg 768w, https:\/\/www.ichtich.de\/wp-content\/uploads\/2022\/07\/Literaturschau-1536x837.jpg 1536w, https:\/\/www.ichtich.de\/wp-content\/uploads\/2022\/07\/Literaturschau-2048x1116.jpg 2048w, https:\/\/www.ichtich.de\/wp-content\/uploads\/2022\/07\/Literaturschau-624x340.jpg 624w\" sizes=\"(max-width: 512px) 100vw, 512px\" \/><figcaption>B\u00fccherschau zu Buchherstellung, B\u00fcchermachen, Lektorat, Redaktion, Satz und Korrektur &#8230; <\/figcaption><\/figure>\n\n\n\n<h2>Durchf\u00fchrung des Kurses: Technik und Ablauf <\/h2>\n\n\n\n<p>Ein neuer Laptop war f\u00e4llig, auf dem ich meine PowerPoint-Pr\u00e4sentationen erstellen wollte \u2013 die erste PowerPoint-Pr\u00e4sentation meines Berufsleben (klar: wann muss frau denn als freie Lektorin im HomeOffice etwas vor einem Publikum pr\u00e4sentieren?). Die PowerPoint-Pr\u00e4sentationen gelangen mir so gut, dass ich am Kursende von meinen Studentinnen f\u00fcr die klar strukturierten Darstellungen gelobt wurde \u2013 da kann man schon ein bisschen stolz sein.<\/p>\n\n\n\n<p>Auch die Anzeige mit dem Beamer im LMU-Raum in der Schellingstra\u00dfe musste ge\u00fcbt werden \u2013 mein Dank geht hier an den netten Techniker, der mir geduldig gezeigt hat, was ich wie einstellen muss, damit die Vorf\u00fchrung sicher klappt.<\/p>\n\n\n\n<p>Anfang April bekam ich die Namen der Studentinnen, die den Pflicht-Kurs besuchen wollten (bzw.: besuchen mussten), zugeschickt. Vermutlich wegen der etwas ung\u00fcnstigen Uhrzeit mittwochs von 12 Uhr  bis 14 Uhr hatte ich nur f\u00fcnf Studentinnen, was f\u00fcr die Einarbeitung und f\u00fcr die Gespr\u00e4che im Kurs sicher ein Luxus war. Bei einer Gruppe von 15 Studierenden w\u00e4re ich sicher angespannter in den Kurs gegangen.  Alle zwei Wochen sollte der Kurs stattfinden, und so war ich ab April montags und dienstags mit Kursvorbereitung besch\u00e4ftigt.<\/p>\n\n\n\n<p>Eine grobe Idee f\u00fcr die Folge der Themen hatte ich, aber bei der konkreten Umsetzung ergaben sich Abweichungen von der urspr\u00fcnglichen Idee. Dies f\u00fchrte dann dazu, dass die Abfolge eine in sich schl\u00fcssige Struktur bekam:<\/p>\n\n\n\n<ul><li>Von der Arbeitsdefinition f\u00fcr Redaktion\/Lektorat ging es \u00fcber zum Workflow im Verlag, inklusive <a rel=\"noreferrer noopener\" href=\"https:\/\/prozessoptimierung-sprung.de\/flussdiagramm-erstellen-mit-bpmn-oder-epk\/\" target=\"_blank\">Flussdiagramm und BPM<\/a><a rel=\"noreferrer noopener\" href=\"https:\/\/prozessoptimierung-sprung.de\/flussdiagramm-erstellen-mit-bpmn-oder-epk\/\" target=\"_blank\">B-Tool<\/a>, schlie\u00dflich zu den Aufgaben und den an Redaktion\/Lektorat gestellten Anforderungen.<\/li><li>Nach einem \u00dcberblick \u00fcber die Duden-Korrekturzeichen mit konkreten Korrekturaufgaben kam der Perspektivenwechsel vom Verlag zur Freiberuflichkeit.<\/li><li>Beim Thema \u201eFreiberuflichkeit\u201c ging es von der n\u00f6tigen Ausstattung (B\u00fcro, Website, Netzwerke &#8230;) \u00fcber die Absprachen bei der Auftragsvergabe bis hin zur Frage nach einem angemessenen Honorar f\u00fcr Externe im Vergleich zum Honorar angestellter Lektor:innen\/Redakteur:innen.<\/li><li>Zum Thema \u201eZusammenarbeit zwischen \u00dcbersetzerin und Lektorin\u201c hatten wir eine VFLL-Kollegin als Gast, die <a rel=\"noreferrer noopener\" href=\"http:\/\/reginajooss.com\/lektorat\/\" target=\"_blank\">\u00dcbersetzungslektorin Regina Joo\u00df<\/a>, die auf die besonderen Aufgaben im \u00dcbersetzungslektorat hinwies und praktische \u00dcbungen mitbrachte.<\/li><\/ul>\n\n\n\n<div class=\"wp-block-image is-style-default\"><figure class=\"aligncenter size-large is-resized\"><img loading=\"lazy\" src=\"https:\/\/www.ichtich.de\/wp-content\/uploads\/2022\/07\/Technik-Beamer-1024x532.jpg\" alt=\"\" class=\"wp-image-3055\" width=\"512\" height=\"266\" srcset=\"https:\/\/www.ichtich.de\/wp-content\/uploads\/2022\/07\/Technik-Beamer-1024x532.jpg 1024w, https:\/\/www.ichtich.de\/wp-content\/uploads\/2022\/07\/Technik-Beamer-300x156.jpg 300w, https:\/\/www.ichtich.de\/wp-content\/uploads\/2022\/07\/Technik-Beamer-768x399.jpg 768w, https:\/\/www.ichtich.de\/wp-content\/uploads\/2022\/07\/Technik-Beamer-1536x798.jpg 1536w, https:\/\/www.ichtich.de\/wp-content\/uploads\/2022\/07\/Technik-Beamer-2048x1064.jpg 2048w, https:\/\/www.ichtich.de\/wp-content\/uploads\/2022\/07\/Technik-Beamer-624x324.jpg 624w\" sizes=\"(max-width: 512px) 100vw, 512px\" \/><figcaption>Technik-Check<\/figcaption><\/figure><\/div>\n\n\n\n<h2>R\u00fcckblick \u2013 Fazit<\/h2>\n\n\n\n<p>Die festen Kurstermine, die ich nie wirklich in Frage stellte (trotz Bahnfahrt mit Maske, Mitte Juli bei fast 40\u00b0), f\u00fchrten dazu, dass ich aus der coronabedingten Tr\u00e4gheit in Schwung kam, aus dem Haus ging und mit dem Bus durch Schwabing fuhr. Auf keinen Fall will ich dabei meine Zeit in der <a href=\"https:\/\/www.dompierre.de\/\">Boulangerie Dompierre<\/a> \u00fcbergehen: Die Fotos an der Wand, die Musik, die Tische und St\u00fchle, dazu der <em>caf\u00e9 au lait <\/em>und das <em>pain au chocolat<\/em> erinnerten mich an mein Auslandssemester in Frankreich.<\/p>\n\n\n\n<p>Die Gespr\u00e4che mit den Kolleginnen waren inspirierend und belebend. Das Interesse der Studentinnen am Kurs und die Gr\u00fcndlichkeit und Kreativit\u00e4t, mit der sie die \u00dcbungsaufgaben l\u00f6sten, haben mich begeistert. Spannend f\u00fcr mich war es festzustellen, dass ich scheinbar selbstverst\u00e4ndliche Begriffe und Prozesse des Alltags neu betrachten und definieren musste und dass sich durch diese \u00dcberlegungen neue Sichtweisen f\u00fcr mich auftaten: \u201eLektorin\u201c oder \u201eRedakteurin\u201c? \u201eSchulbuch\u201c oder \u201eBildungsmedien\u201c? Angemessenes Honorar &#8230;<\/p>\n\n\n\n<p>Der R\u00fcckhalt und die Unterst\u00fctzung durch meinen Mann Stefan und die Gespr\u00e4che mit ihm vor und nach meinen Fahrten nach M\u00fcnchen haben das ganze Unternehmen \u00fcberhaupt erst erm\u00f6glicht und bereichert. Und du hattest recht, Susanne: Ich habe etwas weiterzugeben und es ist gut, wenn ich das auf meine Art mache.<\/p>\n\n\n\n<div class=\"wp-block-image is-style-default\"><figure class=\"aligncenter size-large is-resized\"><img loading=\"lazy\" src=\"https:\/\/www.ichtich.de\/wp-content\/uploads\/2022\/07\/Dompierre-1024x1024.jpg\" alt=\"\" class=\"wp-image-3056\" width=\"512\" height=\"512\" srcset=\"https:\/\/www.ichtich.de\/wp-content\/uploads\/2022\/07\/Dompierre-1024x1024.jpg 1024w, https:\/\/www.ichtich.de\/wp-content\/uploads\/2022\/07\/Dompierre-300x300.jpg 300w, https:\/\/www.ichtich.de\/wp-content\/uploads\/2022\/07\/Dompierre-150x150.jpg 150w, https:\/\/www.ichtich.de\/wp-content\/uploads\/2022\/07\/Dompierre-768x768.jpg 768w, https:\/\/www.ichtich.de\/wp-content\/uploads\/2022\/07\/Dompierre-1536x1536.jpg 1536w, https:\/\/www.ichtich.de\/wp-content\/uploads\/2022\/07\/Dompierre-2048x2048.jpg 2048w, https:\/\/www.ichtich.de\/wp-content\/uploads\/2022\/07\/Dompierre-624x624.jpg 624w\" sizes=\"(max-width: 512px) 100vw, 512px\" \/><figcaption><em>Caf\u00e9 au lait<\/em> <em>et<\/em> <em>pain au chocolat: Non, je ne regrette rien &#8230; <\/em><\/figcaption><\/figure><\/div>\n\n\n\n<h2>Epilog<\/h2>\n\n\n\n<p>Im Kurs hatte ich spa\u00dfeshalber auf das Oetinger-Buch \u201e<a rel=\"noreferrer noopener\" href=\"https:\/\/www.oetinger.de\/person\/angelika-kutsch\" target=\"_blank\">Angelika Kutsch erz\u00e4hlt vom B\u00fcchermachen<\/a>\u201c von 1993 hingewiesen, in dem ein M\u00e4dchen mit einem Klassenkameraden dessen Mutter in den Kinderbuchverlag begleitet. Am Tag nach der letzten Kursstunde entdeckte ich in der Freisinger Stadtbibliothe das vor kurzem bei arsEdition erschienene Buch \u201e<a rel=\"noreferrer noopener\" href=\"https:\/\/www.arsedition.de\/produkt\/von-der-idee-zum-buch-11342\" target=\"_blank\">Von der Idee zum Buch<\/a>\u201c, das gut zum \u201eWorkflow im Verlag\u201c gepasst h\u00e4tte.  <\/p>\n\n\n\n<figure class=\"wp-block-image size-large is-resized is-style-default\"><img loading=\"lazy\" src=\"https:\/\/www.ichtich.de\/wp-content\/uploads\/2022\/07\/Buechermachen-1024x695.jpg\" alt=\"\" class=\"wp-image-3063\" width=\"512\" height=\"348\" srcset=\"https:\/\/www.ichtich.de\/wp-content\/uploads\/2022\/07\/Buechermachen-1024x695.jpg 1024w, https:\/\/www.ichtich.de\/wp-content\/uploads\/2022\/07\/Buechermachen-300x204.jpg 300w, https:\/\/www.ichtich.de\/wp-content\/uploads\/2022\/07\/Buechermachen-768x521.jpg 768w, https:\/\/www.ichtich.de\/wp-content\/uploads\/2022\/07\/Buechermachen-1536x1042.jpg 1536w, https:\/\/www.ichtich.de\/wp-content\/uploads\/2022\/07\/Buechermachen-2048x1389.jpg 2048w, https:\/\/www.ichtich.de\/wp-content\/uploads\/2022\/07\/Buechermachen-624x423.jpg 624w\" sizes=\"(max-width: 512px) 100vw, 512px\" \/><figcaption>B\u00fccher machen \u00fcbers B\u00fcchermachen<\/figcaption><\/figure>\n","protected":false},"excerpt":{"rendered":"<p>In einer Zeit des coronabedingten Stillstands erreichte mich eine Anfrage und damit verbunden eine echte Herausforderung, die die Stille belebte, Schwung in meinen Alltag als freiberufliche Lektorin (bzw.: Redakteurin) brachte und mit vielen Kontakten, Anregungen und Aufgaben mein Leben sehr bereicherte. Es war eine spannende Zeit f\u00fcr mich seit Herbst 2021, als ich die Herausforderung [&hellip;]<\/p>\n","protected":false},"author":1,"featured_media":3053,"comment_status":"closed","ping_status":"closed","sticky":false,"template":"","format":"standard","meta":[],"categories":[12,13],"tags":[73,32,58],"_links":{"self":[{"href":"https:\/\/www.ichtich.de\/index.php?rest_route=\/wp\/v2\/posts\/3047"}],"collection":[{"href":"https:\/\/www.ichtich.de\/index.php?rest_route=\/wp\/v2\/posts"}],"about":[{"href":"https:\/\/www.ichtich.de\/index.php?rest_route=\/wp\/v2\/types\/post"}],"author":[{"embeddable":true,"href":"https:\/\/www.ichtich.de\/index.php?rest_route=\/wp\/v2\/users\/1"}],"replies":[{"embeddable":true,"href":"https:\/\/www.ichtich.de\/index.php?rest_route=%2Fwp%2Fv2%2Fcomments&post=3047"}],"version-history":[{"count":12,"href":"https:\/\/www.ichtich.de\/index.php?rest_route=\/wp\/v2\/posts\/3047\/revisions"}],"predecessor-version":[{"id":3074,"href":"https:\/\/www.ichtich.de\/index.php?rest_route=\/wp\/v2\/posts\/3047\/revisions\/3074"}],"wp:featuredmedia":[{"embeddable":true,"href":"https:\/\/www.ichtich.de\/index.php?rest_route=\/wp\/v2\/media\/3053"}],"wp:attachment":[{"href":"https:\/\/www.ichtich.de\/index.php?rest_route=%2Fwp%2Fv2%2Fmedia&parent=3047"}],"wp:term":[{"taxonomy":"category","embeddable":true,"href":"https:\/\/www.ichtich.de\/index.php?rest_route=%2Fwp%2Fv2%2Fcategories&post=3047"},{"taxonomy":"post_tag","embeddable":true,"href":"https:\/\/www.ichtich.de\/index.php?rest_route=%2Fwp%2Fv2%2Ftags&post=3047"}],"curies":[{"name":"wp","href":"https:\/\/api.w.org\/{rel}","templated":true}]}}