{"id":2954,"date":"2022-07-02T15:45:55","date_gmt":"2022-07-02T15:45:55","guid":{"rendered":"https:\/\/www.ichtich.de\/?p=2954"},"modified":"2025-05-02T13:39:46","modified_gmt":"2025-05-02T13:39:46","slug":"verflixt-und-zugenaeht-la-costura-von-isol","status":"publish","type":"post","link":"https:\/\/www.ichtich.de\/?p=2954","title":{"rendered":"Verflixt und zugen\u00e4ht: \u201eLa costura\u201c von Isol"},"content":{"rendered":"\n<p>Der argentinischen Autorin und Illustratorin <em>Marisol Misenta<\/em>, kurz: <em>Isol<\/em>, folge ich seit 2013, als sie bei ihrer Reise zur Verleihung des <em>Astrid Lindgren Memorial Award<\/em> in Stockholm die <em>IJB <\/em>in M\u00fcnchen besucht hatte. So erfuhr ich auch jetzt von ihrem neuen Buch \u201eLa costura\u201c. Der Inhalt des Buches \u2013 soweit ich die Ank\u00fcndigungen auf Spanisch verstand \u2013 machte mich neugierig: Entstanden sei \u201eLa costura\u201c (\u201eN\u00e4hen\u201c) nach einer Reise Isols nach Pal\u00e4stina und es handle vom Wechsel zwischen verschiedenen Kulturen. Ein Buch \u00fcber N\u00e4hen in verschiedenen Kulturen \u2013 so meine Erwartung. Als ich das Buch endlich in meinen H\u00e4nden hielt, entdeckte ich eine wunderbare Geschichte \u00fcber zwei Seiten ein- und desselben bestickten Tuches &#8230;<\/p>\n\n\n\n<!--more-->\n\n\n\n<p>Zuerst ein Blick zur\u00fcck, ins Jahr 2013:<\/p>\n\n\n\n<div class=\"wp-block-image is-style-default\"><figure class=\"aligncenter size-large is-resized\"><img loading=\"lazy\" src=\"https:\/\/www.ichtich.de\/wp-content\/uploads\/2022\/07\/ALMA-2013-1024x674.jpg\" alt=\"\" class=\"wp-image-2974\" width=\"256\" height=\"169\" srcset=\"https:\/\/www.ichtich.de\/wp-content\/uploads\/2022\/07\/ALMA-2013-1024x674.jpg 1024w, https:\/\/www.ichtich.de\/wp-content\/uploads\/2022\/07\/ALMA-2013-300x198.jpg 300w, https:\/\/www.ichtich.de\/wp-content\/uploads\/2022\/07\/ALMA-2013-768x506.jpg 768w, https:\/\/www.ichtich.de\/wp-content\/uploads\/2022\/07\/ALMA-2013-1536x1011.jpg 1536w, https:\/\/www.ichtich.de\/wp-content\/uploads\/2022\/07\/ALMA-2013-2048x1348.jpg 2048w, https:\/\/www.ichtich.de\/wp-content\/uploads\/2022\/07\/ALMA-2013-624x411.jpg 624w\" sizes=\"(max-width: 256px) 100vw, 256px\" \/><\/figure><\/div>\n\n\n\n<p>Bei ihrem Besuch der <em>Internationalen Jugendbibliothek<\/em>, <em>IJB<\/em>, in M\u00fcnchen stellte Isol u.a. das Buch \u201eTener un patito es \u00fatil\u201c vor, \u201eEin Entlein kann so n\u00fctzlich sein\u201c, das vom Wechsel zwischen zwei Seiten handelt: Dieses kleine Aufklapp-Pappbuch mit seinen freundlichen hellen Farben ist f\u00fcr mich ein Buch f\u00fcr frischgeborene Eltern und ihr Kind, die sich auf das Abenteuer des Lebens einlassen und erkennen, wie man als Entlein, als Kind oder als Eltern die gleiche Situation ganz unterschiedlich erleben kann.<\/p>\n\n\n\n<div class=\"wp-block-image is-style-default\"><figure class=\"aligncenter size-full is-resized\"><img loading=\"lazy\" src=\"https:\/\/www.ichtich.de\/wp-content\/uploads\/2022\/07\/Entlein-scaled.jpg\" alt=\"\" class=\"wp-image-2963\" width=\"640\" height=\"321\"\/><\/figure><\/div>\n\n\n\n<p>Etwas \u00e4hnliches wie die zwei Seiten des Entlein-Buchs ist bei \u201eLa costura\u201c zu entdecken: Man sieht die Seiten von ein und derselben Welt auf der Grundlage eines bestickten Tuches \u2013 man muss nur das Tuch wenden und entdeckt in den F\u00e4den der Stickereien eine Stadt mit einem Fluss oder einen Luchs mit f\u00fcnf F\u00fc\u00dfen. <\/p>\n\n\n\n<p>Es war f\u00fcr mich nicht einfach, dieses neue Buch von Isol zu bekommen, zu dem es (noch) keine \u00dcbersetzung ins Deutsche gibt. Die meisten Informationen dazu gab es auf Spanisch und waren f\u00fcr mich nicht leicht zu verstehen. Eine Ausgabe auf Italienisch soll es geben (\u201eIl rammendo\u201c), doch wenn ich Isols neues Buch schon nicht in einer guten deutschen \u00dcbersetzung lesen kann, dann doch lieber gleich das Original auf Spanisch! Wie froh war ich, als ich es bei der internationalen Kinderbuchhandlung <em>mundo azul<\/em> in Berlin entdeckt, bestellt und bezahlt hatte und es zwei Tage sp\u00e4ter aus dem Briefkasten holen konnte.<\/p>\n\n\n\n<p>Gespannt \u00f6ffnete ich das Buch. Um der Geschichte folgen zu k\u00f6nnen, kam nun die Smartphone-\u00dcbersetzung von Google zum Einsatz \u2013 f\u00fcrs Erstellen einer besseren \u00dcbersetzung mit <em>DeepL <\/em>war ich zu ungeduldig. Zwar waren die \u00fcbersetzten S\u00e4tze nicht sch\u00f6n formuliert, ganz ohne eigenen Klang oder Rhythmus, aber dem eigentlichen Gang der Handlung und den \u00dcberlegungen der Hauptperson, \u201eLila\u201c, konnte ich gut folgen:<\/p>\n\n\n\n<p>Inhalt von \u201eLa costura\u201c:<\/p>\n\n\n\n<blockquote class=\"wp-block-quote\"><p>Das M\u00e4dchen Lila verliert immer wieder Dinge und versucht, ihrer Mutter zu erkl\u00e4ren, warum das so ist: Es gibt eine andere Seite, \u201eel Lado de Atr\u00e1s\u201c, und zwischen dieser anderen Welt und der eigenen Welte gibt es L\u00f6cher, durch die Dinge wie ein Regenschirm oder ein Radiergummi einfach hindurchfallen und verlorengehen. Um das Verschwinden weiterer Gegenst\u00e4nde zu verhindern, macht sich Lila daran, die L\u00f6cher zuzun\u00e4hen. Doch nachdem alle L\u00f6cher zugen\u00e4ht sind, muss Lila am Nebel und am Husten der Gro\u00dfmutter erkennen, dass ihre Idee, die L\u00f6cher zuzun\u00e4hen, falsch war. Um ihren Fehler wiedergutzumachen, trennt Lila die N\u00e4hte auf \u2013 und wird daf\u00fcr von der anderen Seite mit einem ganz besonderen weichen karottenfarbigen Ding beschenkt.<\/p><\/blockquote>\n\n\n\n<p>Folgt Lila, die von den beiden Seiten und den L\u00f6chern wei\u00df, selbst jedoch, anders als Alice im Wunderland, auf ihrer Seite bleibt.<\/p>\n\n\n\n<div class=\"wp-block-image is-style-default\"><figure class=\"aligncenter size-large is-resized\"><img loading=\"lazy\" src=\"https:\/\/www.ichtich.de\/wp-content\/uploads\/2022\/07\/psst-1024x1024.jpg\" alt=\"\" class=\"wp-image-2968\" width=\"256\" height=\"256\" srcset=\"https:\/\/www.ichtich.de\/wp-content\/uploads\/2022\/07\/psst-1024x1024.jpg 1024w, https:\/\/www.ichtich.de\/wp-content\/uploads\/2022\/07\/psst-300x300.jpg 300w, https:\/\/www.ichtich.de\/wp-content\/uploads\/2022\/07\/psst-150x150.jpg 150w, https:\/\/www.ichtich.de\/wp-content\/uploads\/2022\/07\/psst-768x768.jpg 768w, https:\/\/www.ichtich.de\/wp-content\/uploads\/2022\/07\/psst-624x624.jpg 624w, https:\/\/www.ichtich.de\/wp-content\/uploads\/2022\/07\/psst.jpg 1123w\" sizes=\"(max-width: 256px) 100vw, 256px\" \/><figcaption>. <\/figcaption><\/figure><\/div>\n\n\n\n<p>Spannend ist es, die beiden Seiten des Tuchs zu erforschen und Unterschiede und Gemeinsamkeiten zu entdecken: die Gro\u00dfmutter und die Kinder am Fluss auf der einen Seite und Lexis und Rolf auf der anderen Seite.<\/p>\n\n\n\n<div class=\"wp-block-image is-style-default\"><figure class=\"aligncenter size-large is-resized\"><img loading=\"lazy\" src=\"https:\/\/www.ichtich.de\/wp-content\/uploads\/2022\/07\/Lila-1024x768.jpg\" alt=\"\" class=\"wp-image-2965\" width=\"256\" height=\"192\" srcset=\"https:\/\/www.ichtich.de\/wp-content\/uploads\/2022\/07\/Lila-1024x768.jpg 1024w, https:\/\/www.ichtich.de\/wp-content\/uploads\/2022\/07\/Lila-300x225.jpg 300w, https:\/\/www.ichtich.de\/wp-content\/uploads\/2022\/07\/Lila-768x576.jpg 768w, https:\/\/www.ichtich.de\/wp-content\/uploads\/2022\/07\/Lila-624x468.jpg 624w, https:\/\/www.ichtich.de\/wp-content\/uploads\/2022\/07\/Lila.jpg 1217w\" sizes=\"(max-width: 256px) 100vw, 256px\" \/><\/figure><\/div>\n\n\n\n<div class=\"wp-block-image is-style-default\"><figure class=\"aligncenter size-large is-resized\"><img loading=\"lazy\" src=\"https:\/\/www.ichtich.de\/wp-content\/uploads\/2022\/07\/Lexis-und-Rolf-1024x768.jpg\" alt=\"\" class=\"wp-image-2964\" width=\"256\" height=\"192\" srcset=\"https:\/\/www.ichtich.de\/wp-content\/uploads\/2022\/07\/Lexis-und-Rolf-1024x768.jpg 1024w, https:\/\/www.ichtich.de\/wp-content\/uploads\/2022\/07\/Lexis-und-Rolf-300x225.jpg 300w, https:\/\/www.ichtich.de\/wp-content\/uploads\/2022\/07\/Lexis-und-Rolf-768x576.jpg 768w, https:\/\/www.ichtich.de\/wp-content\/uploads\/2022\/07\/Lexis-und-Rolf-624x468.jpg 624w, https:\/\/www.ichtich.de\/wp-content\/uploads\/2022\/07\/Lexis-und-Rolf.jpg 1209w\" sizes=\"(max-width: 256px) 100vw, 256px\" \/><\/figure><\/div>\n\n\n\n<p>\u201eEl Lado de Atr\u00e1s\u201c ist f\u00fcr mich eine mit unserer Welt verbundene Welt voller Fantasiewesen, die wir Menschen nur durch die L\u00f6cher, \u201eLos agujeros\u201c, erahnen k\u00f6nnen. Durch diese L\u00f6cher verlieren wir zwar Dinge, wir werden aber auch mit Licht, Luft, Musik und Tr\u00e4umen beschenkt. Die Geschichte mag auch an die Zeile aus Leonard Cohens <em>Anthem <\/em>erinnern: \u201eThere is a crack in everything. That&#8217;s how the light gets in &#8230;\u201c \u2013 eine etwas schwerm\u00fctige Melodie, aber doch passend zu den dunklen Farben des Buches und den \u00dcberg\u00e4ngen in die andere Welt. Das Verschlie\u00dfen der L\u00f6cher und Risse w\u00fcrde uns Licht und die Luft zum Atmen nehmen. <\/p>\n\n\n\n<p>Welcher Kinderbuchverlag wird es wohl wagen, dieses nicht einfache, aber so wunderbare, fantasievolle Kinderbuch auf Deutsch herauszubringen und Isols Bilder und ihre Geschichte mit sch\u00f6n klingenden S\u00e4tzen zu versehen?<\/p>\n\n\n\n<div class=\"wp-block-image is-style-default\"><figure class=\"aligncenter size-large is-resized\"><img loading=\"lazy\" src=\"https:\/\/www.ichtich.de\/wp-content\/uploads\/2022\/07\/Uebersetzung-mit-Potenzial-1024x1007.jpg\" alt=\"\" class=\"wp-image-2969\" width=\"256\" height=\"252\" srcset=\"https:\/\/www.ichtich.de\/wp-content\/uploads\/2022\/07\/Uebersetzung-mit-Potenzial-1024x1007.jpg 1024w, https:\/\/www.ichtich.de\/wp-content\/uploads\/2022\/07\/Uebersetzung-mit-Potenzial-300x295.jpg 300w, https:\/\/www.ichtich.de\/wp-content\/uploads\/2022\/07\/Uebersetzung-mit-Potenzial-768x756.jpg 768w, https:\/\/www.ichtich.de\/wp-content\/uploads\/2022\/07\/Uebersetzung-mit-Potenzial-624x614.jpg 624w, https:\/\/www.ichtich.de\/wp-content\/uploads\/2022\/07\/Uebersetzung-mit-Potenzial.jpg 1173w\" sizes=\"(max-width: 256px) 100vw, 256px\" \/><figcaption>\u00dcbersetzung mit Luft nach oben!<\/figcaption><\/figure><\/div>\n\n\n\n<p>Auf der letzten Seiten des Buches sieht man Isol mit einem bestickten Tuch und man erf\u00e4hrt, dass Isol dieses Tuch von einem Aufenthalt in Pal\u00e4stina mitgebracht hatte:<\/p>\n\n\n\n<blockquote class=\"wp-block-quote\"><p>Tras un viaje a Palestina, la autora ((\u2026 )) volvi\u00f3 con un objeto maravilloso que convirti\u00f3 en historia.  <br>Nach einer Reise nach Pal\u00e4stina kehrte die Autorin ((\u2026)) mit einem wunderbaren Gegenstand zur\u00fcck, den sie in eine Geschichte verwandelte.<\/p><cite>Isol, Fondo de Cultura Econ\u00f3mica de Argentina; deepL-\u00dcbersetzung<\/cite><\/blockquote>\n\n\n\n<p class=\"has-text-align-right\"><mark style=\"background-color:rgba(0, 0, 0, 0);color:#b85232\" class=\"has-inline-color\"><strong>Muchas gracias, Isol, por \u201eflonkus\u201c<\/strong>!<\/mark><\/p>\n\n\n\n<p><\/p>\n\n\n\n<p>Links aller Art<\/p>\n\n\n\n<ul><li><a href=\"http:\/\/isolisol.blogspot.com\/\">Isol<\/a>  <\/li><li><a href=\"http:\/\/isolisol.blogspot.com\/2021\/12\/presentamos-la-costura-en-argentina.html\">Isol: La Costura<\/a> <\/li><li><a href=\"https:\/\/fce.com.ar\/en-los-medios\/isol-busco-que-aparezca-algo-que-yo-no-controle-para-sorprenderme\/\">Isol zur Entsehung des Buches: \u201e\u00bfC\u00f3mo trabajaste sobre ese material?\u201c<\/a><\/li><li><a href=\"https:\/\/fce.com.ar\/quienes-somos\/\">Isol: Fondo de Cultura Econ\u00f3mica de Argentina<\/a><\/li><li><a href=\"https:\/\/www.jungbrunnen.co.at\/gesamtverzeichnis\/bilderbuch\/ein-entlein-kann-so-nuetzlich-sein\/\">Isol: \u201eEin Entlein kann so n\u00fctzlich sein\u201c, Verlag Jungbrunnen Verlag GmbH, Wien, 2013<\/a><\/li><li><a href=\"https:\/\/alma.se\/en\/laureates\/isol\/\">Isol: Astrid Lindgren Memorial Award (ALMA) 2013<\/a><\/li><li><a href=\"https:\/\/www.ijb.de\/home\">Internationale Jugendbiliothek (IJB), Schloss Blutenburg, M\u00fcnchen<\/a><\/li><li><a href=\"https:\/\/mundoazul.de\/collections\/spanisch-spanish-espanol\">Internationale Kinderbuchhandlung \u201emundo azul\u201c in Berlin Prenzlauer Berg<\/a><\/li><li><a href=\"https:\/\/www.deepl.com\/translator\">deepl \u00dcbersetzer<\/a><\/li><li><a href=\"https:\/\/www.youtube.com\/watch?v=c8-BT6y_wYg\">Leonard Cohen: \u201eThere is a crack in everything. That&#8217;s how the light gets in &#8230;\u201c<\/a><\/li><\/ul>\n\n\n\n<p><\/p>\n","protected":false},"excerpt":{"rendered":"<p>Der argentinischen Autorin und Illustratorin Marisol Misenta, kurz: Isol, folge ich seit 2013, als sie bei ihrer Reise zur Verleihung des Astrid Lindgren Memorial Award in Stockholm die IJB in M\u00fcnchen besucht hatte. So erfuhr ich auch jetzt von ihrem neuen Buch \u201eLa costura\u201c. Der Inhalt des Buches \u2013 soweit ich die Ank\u00fcndigungen auf Spanisch [&hellip;]<\/p>\n","protected":false},"author":1,"featured_media":2962,"comment_status":"closed","ping_status":"closed","sticky":false,"template":"","format":"standard","meta":[],"categories":[60,7,4],"tags":[73,81,104,32],"_links":{"self":[{"href":"https:\/\/www.ichtich.de\/index.php?rest_route=\/wp\/v2\/posts\/2954"}],"collection":[{"href":"https:\/\/www.ichtich.de\/index.php?rest_route=\/wp\/v2\/posts"}],"about":[{"href":"https:\/\/www.ichtich.de\/index.php?rest_route=\/wp\/v2\/types\/post"}],"author":[{"embeddable":true,"href":"https:\/\/www.ichtich.de\/index.php?rest_route=\/wp\/v2\/users\/1"}],"replies":[{"embeddable":true,"href":"https:\/\/www.ichtich.de\/index.php?rest_route=%2Fwp%2Fv2%2Fcomments&post=2954"}],"version-history":[{"count":12,"href":"https:\/\/www.ichtich.de\/index.php?rest_route=\/wp\/v2\/posts\/2954\/revisions"}],"predecessor-version":[{"id":2975,"href":"https:\/\/www.ichtich.de\/index.php?rest_route=\/wp\/v2\/posts\/2954\/revisions\/2975"}],"wp:featuredmedia":[{"embeddable":true,"href":"https:\/\/www.ichtich.de\/index.php?rest_route=\/wp\/v2\/media\/2962"}],"wp:attachment":[{"href":"https:\/\/www.ichtich.de\/index.php?rest_route=%2Fwp%2Fv2%2Fmedia&parent=2954"}],"wp:term":[{"taxonomy":"category","embeddable":true,"href":"https:\/\/www.ichtich.de\/index.php?rest_route=%2Fwp%2Fv2%2Fcategories&post=2954"},{"taxonomy":"post_tag","embeddable":true,"href":"https:\/\/www.ichtich.de\/index.php?rest_route=%2Fwp%2Fv2%2Ftags&post=2954"}],"curies":[{"name":"wp","href":"https:\/\/api.w.org\/{rel}","templated":true}]}}