{"id":2848,"date":"2022-02-19T20:52:38","date_gmt":"2022-02-19T20:52:38","guid":{"rendered":"https:\/\/www.ichtich.de\/?p=2848"},"modified":"2025-05-02T20:22:05","modified_gmt":"2025-05-02T20:22:05","slug":"komposition-gesammelter-werke-auspacken-aufschlagen-lesen","status":"publish","type":"post","link":"https:\/\/www.ichtich.de\/?p=2848","title":{"rendered":"Komposition gesammelter Werke \u2013 auspacken, aufschlagen, lesen"},"content":{"rendered":"\n<p>Ann\u00e4herung an ein gut verpacktes Weihnachtesgeschenk gesammelter Werke. Was werde ich beim \u00d6ffnen entdecken? Was kann es sein?<\/p>\n\n\n\n<figure class=\"wp-block-image size-large is-style-default\"><img loading=\"lazy\" width=\"1024\" height=\"576\" src=\"https:\/\/www.ichtich.de\/wp-content\/uploads\/2022\/02\/IMG_1389-1024x576.jpg\" alt=\"\" class=\"wp-image-2849\" srcset=\"https:\/\/www.ichtich.de\/wp-content\/uploads\/2022\/02\/IMG_1389-1024x576.jpg 1024w, https:\/\/www.ichtich.de\/wp-content\/uploads\/2022\/02\/IMG_1389-300x169.jpg 300w, https:\/\/www.ichtich.de\/wp-content\/uploads\/2022\/02\/IMG_1389-768x432.jpg 768w, https:\/\/www.ichtich.de\/wp-content\/uploads\/2022\/02\/IMG_1389-1536x864.jpg 1536w, https:\/\/www.ichtich.de\/wp-content\/uploads\/2022\/02\/IMG_1389-2048x1152.jpg 2048w, https:\/\/www.ichtich.de\/wp-content\/uploads\/2022\/02\/IMG_1389-624x351.jpg 624w\" sizes=\"(max-width: 1024px) 100vw, 1024px\" \/><\/figure>\n\n\n\n<!--more-->\n\n\n\n<p><br>Vielleicht eine DVD?<\/p>\n\n\n\n<figure class=\"wp-block-image size-large is-style-default\"><img loading=\"lazy\" width=\"1024\" height=\"576\" src=\"https:\/\/www.ichtich.de\/wp-content\/uploads\/2022\/02\/IMG_1390-1024x576.jpg\" alt=\"\" class=\"wp-image-2850\" srcset=\"https:\/\/www.ichtich.de\/wp-content\/uploads\/2022\/02\/IMG_1390-1024x576.jpg 1024w, https:\/\/www.ichtich.de\/wp-content\/uploads\/2022\/02\/IMG_1390-300x169.jpg 300w, https:\/\/www.ichtich.de\/wp-content\/uploads\/2022\/02\/IMG_1390-768x432.jpg 768w, https:\/\/www.ichtich.de\/wp-content\/uploads\/2022\/02\/IMG_1390-1536x864.jpg 1536w, https:\/\/www.ichtich.de\/wp-content\/uploads\/2022\/02\/IMG_1390-2048x1152.jpg 2048w, https:\/\/www.ichtich.de\/wp-content\/uploads\/2022\/02\/IMG_1390-624x351.jpg 624w\" sizes=\"(max-width: 1024px) 100vw, 1024px\" \/><\/figure>\n\n\n\n<p>Vielleicht ein Buch, ein Notizbuch?<\/p>\n\n\n\n<figure class=\"wp-block-image size-large is-style-default\"><img loading=\"lazy\" width=\"1024\" height=\"576\" src=\"https:\/\/www.ichtich.de\/wp-content\/uploads\/2022\/02\/IMG_1391-1024x576.jpg\" alt=\"\" class=\"wp-image-2851\" srcset=\"https:\/\/www.ichtich.de\/wp-content\/uploads\/2022\/02\/IMG_1391-1024x576.jpg 1024w, https:\/\/www.ichtich.de\/wp-content\/uploads\/2022\/02\/IMG_1391-300x169.jpg 300w, https:\/\/www.ichtich.de\/wp-content\/uploads\/2022\/02\/IMG_1391-768x432.jpg 768w, https:\/\/www.ichtich.de\/wp-content\/uploads\/2022\/02\/IMG_1391-1536x864.jpg 1536w, https:\/\/www.ichtich.de\/wp-content\/uploads\/2022\/02\/IMG_1391-2048x1151.jpg 2048w, https:\/\/www.ichtich.de\/wp-content\/uploads\/2022\/02\/IMG_1391-624x351.jpg 624w\" sizes=\"(max-width: 1024px) 100vw, 1024px\" \/><\/figure>\n\n\n\n<p><br>Vielleicht ein Buch mit gelbem Umschlag?<\/p>\n\n\n\n<figure class=\"wp-block-image size-large is-style-default\"><img loading=\"lazy\" width=\"1024\" height=\"576\" src=\"https:\/\/www.ichtich.de\/wp-content\/uploads\/2022\/02\/IMG_1392-1024x576.jpg\" alt=\"\" class=\"wp-image-2852\" srcset=\"https:\/\/www.ichtich.de\/wp-content\/uploads\/2022\/02\/IMG_1392-1024x576.jpg 1024w, https:\/\/www.ichtich.de\/wp-content\/uploads\/2022\/02\/IMG_1392-300x169.jpg 300w, https:\/\/www.ichtich.de\/wp-content\/uploads\/2022\/02\/IMG_1392-768x432.jpg 768w, https:\/\/www.ichtich.de\/wp-content\/uploads\/2022\/02\/IMG_1392-1536x864.jpg 1536w, https:\/\/www.ichtich.de\/wp-content\/uploads\/2022\/02\/IMG_1392-2048x1152.jpg 2048w, https:\/\/www.ichtich.de\/wp-content\/uploads\/2022\/02\/IMG_1392-624x351.jpg 624w\" sizes=\"(max-width: 1024px) 100vw, 1024px\" \/><\/figure>\n\n\n\n<p><br>Vielleicht ein dickes Buch mit gelbem Umschlag?<\/p>\n\n\n\n<figure class=\"wp-block-image size-large is-style-default\"><img loading=\"lazy\" width=\"1024\" height=\"576\" src=\"https:\/\/www.ichtich.de\/wp-content\/uploads\/2022\/02\/IMG_1393-1024x576.jpg\" alt=\"\" class=\"wp-image-2854\" srcset=\"https:\/\/www.ichtich.de\/wp-content\/uploads\/2022\/02\/IMG_1393-1024x576.jpg 1024w, https:\/\/www.ichtich.de\/wp-content\/uploads\/2022\/02\/IMG_1393-300x169.jpg 300w, https:\/\/www.ichtich.de\/wp-content\/uploads\/2022\/02\/IMG_1393-768x432.jpg 768w, https:\/\/www.ichtich.de\/wp-content\/uploads\/2022\/02\/IMG_1393-1536x864.jpg 1536w, https:\/\/www.ichtich.de\/wp-content\/uploads\/2022\/02\/IMG_1393-2048x1152.jpg 2048w, https:\/\/www.ichtich.de\/wp-content\/uploads\/2022\/02\/IMG_1393-624x351.jpg 624w\" sizes=\"(max-width: 1024px) 100vw, 1024px\" \/><\/figure>\n\n\n\n<p><br>Vielleicht ein dickes Buch mit gelbem Umschlag und einer richtigen Geschichte?<\/p>\n\n\n\n<figure class=\"wp-block-image size-large is-style-default\"><img loading=\"lazy\" width=\"1024\" height=\"577\" src=\"https:\/\/www.ichtich.de\/wp-content\/uploads\/2022\/02\/IMG_1394-1024x577.jpg\" alt=\"\" class=\"wp-image-2855\" srcset=\"https:\/\/www.ichtich.de\/wp-content\/uploads\/2022\/02\/IMG_1394-1024x577.jpg 1024w, https:\/\/www.ichtich.de\/wp-content\/uploads\/2022\/02\/IMG_1394-300x169.jpg 300w, https:\/\/www.ichtich.de\/wp-content\/uploads\/2022\/02\/IMG_1394-768x433.jpg 768w, https:\/\/www.ichtich.de\/wp-content\/uploads\/2022\/02\/IMG_1394-1536x865.jpg 1536w, https:\/\/www.ichtich.de\/wp-content\/uploads\/2022\/02\/IMG_1394-2048x1154.jpg 2048w, https:\/\/www.ichtich.de\/wp-content\/uploads\/2022\/02\/IMG_1394-624x352.jpg 624w\" sizes=\"(max-width: 1024px) 100vw, 1024px\" \/><\/figure>\n\n\n\n<p><br>Vielleicht ein dickes Buch mit gelbem Umschlag und einer richtigen Geschichte auf Deutsch?<\/p>\n\n\n\n<figure class=\"wp-block-image size-large is-style-default\"><img loading=\"lazy\" width=\"1024\" height=\"575\" src=\"https:\/\/www.ichtich.de\/wp-content\/uploads\/2022\/02\/IMG_1395-1024x575.jpg\" alt=\"\" class=\"wp-image-2856\" srcset=\"https:\/\/www.ichtich.de\/wp-content\/uploads\/2022\/02\/IMG_1395-1024x575.jpg 1024w, https:\/\/www.ichtich.de\/wp-content\/uploads\/2022\/02\/IMG_1395-300x168.jpg 300w, https:\/\/www.ichtich.de\/wp-content\/uploads\/2022\/02\/IMG_1395-768x431.jpg 768w, https:\/\/www.ichtich.de\/wp-content\/uploads\/2022\/02\/IMG_1395-1536x863.jpg 1536w, https:\/\/www.ichtich.de\/wp-content\/uploads\/2022\/02\/IMG_1395-2048x1150.jpg 2048w, https:\/\/www.ichtich.de\/wp-content\/uploads\/2022\/02\/IMG_1395-624x350.jpg 624w\" sizes=\"(max-width: 1024px) 100vw, 1024px\" \/><\/figure>\n\n\n\n<p class=\"has-text-align-left\">\u201e<a href=\"https:\/\/www.mare.de\/gesammelte-werke-8661\">Gesammelte Werke<\/a>\u201c von Lydia Sandgren in der deutschen \u00dcbersetzung von Stefan Pluschkat und Karl-Ludwig Wetzig, 2021 beim <a href=\"https:\/\/www.mare.de\/\">mareverlag<\/a> erschienen. 2020 erschien der Roman \u201e<a href=\"https:\/\/www.albertbonniersforlag.se\/bocker\/263070\/samlade-verk\/\">Samlade Verk<\/a>\u201c von Lydia Sandgren bei <a href=\"https:\/\/d39v2l8er6bcq4.cloudfront.net\/bokbilder3d\/tif\/9789100180409.jpg?timestamp=20190814124736\">Albert Bonniers F\u00f6rlag<\/a> und wurde im gleichen Jahr mit dem \u201e<a href=\"https:\/\/www.augustpriset.se\/augustpriset-genom-aren\/pristagare-2020\">Augustpriset 2020<\/a>\u201c ausgezeichnet als \u201e\u00c5rets svenska sk\u00f6nlitter\u00e4ra bok\u201c und als Liebeserkl\u00e4rung an die Literatur.  <\/p>\n\n\n\n<p>Als ich das dicke Buch mit dem gelben Umschlag ausgepackt hatte, dachte ich zuerst, es sei der <a href=\"https:\/\/shop.duden.de\/products\/duden-die-deutsche-rechtschreibung\">Gelbe Duden<\/a> \u2013 dick und gelb! Dann kam der Schreck: \u201eEin so dickes Buch, mit 874 Seiten?! Wer will das denn lesen?\u201c. Zugleich lag das Buch verlockend in meinen H\u00e4nden, mit seinem Cover, \u00fcber das augen\u00e4hnliche Fische zu gleiten schienen.<\/p>\n\n\n\n<p>Endlich habe ich angefangen zu lesen. Und ich bin fasziniert von der in G\u00f6teborg spielenden Geschichte, vom Wechsel zwischen der Zeit um 1980 und der Zeit 30 Jahre sp\u00e4ter, von realen Personen und B\u00fcchern und von den fiktiven Menschen und B\u00fcchern, die Sandgren in ihrem Roman erschaffen hat. Nun will ich mehr erfahren \u00fcber Martin, Gustav und Cecilia und \u00fcber die Tochter Rakel und den Sohn Elis.<\/p>\n\n\n\n<p>Und ich will herausfinden, was es mit den Augen auf dem Umschlag auf sich hat, den schwarzen Augen und den goldfarbenen Augen. Bei meiner Suche nach der Gestalterin des Umschlags der schwedischen Ausgabe bzw. der deutschen Ausgabe lese ich den Namen: \u201eHeike Sch\u00fcssler\u201c. In Instagram entdecke ich \u201eHeike Sch\u00fcssler Cover Design\u201c unter <a href=\"https:\/\/www.instagram.com\/judgebymycovers\/\">www.instagram.com\/judgebymycovers<\/a> und den Link zu <a href=\"https:\/\/www.judgebymycovers.com\/\">judebymycovers<\/a>, und ich sehe beim Instagram-Eintrag vom 25. M\u00e4rz 2020, wie das Buch aufgebl\u00e4ttert wird und dabei die Farbe auf dem gelben Grund des Umschlags von kaum sichtbarem Gold zu Schwarz wechselt und die Augen mir zublinzeln.<\/p>\n\n\n\n<ul><li><a href=\"https:\/\/www.youtube.com\/watch?v=bpRvCBSDLdQ\">Lydia Sandgren l\u00e4ser ur Samlade verk<\/a> <\/li><li><a href=\"https:\/\/www.youtube.com\/watch?v=VN0mpWCN4og\">Samtal med Lydia Sandgren<\/a><\/li><li><a href=\"https:\/\/www.smakprov.se\/smakprov\/visa\/9789100180409\/partner\/abforlag\/\">Leseprobe \u201eSamlade Verk\u201c<\/a><\/li><li><a href=\"https:\/\/www.mare.de\/media\/pondus_import\/mare_Sandgren_Gesammelte_Werke_LP_inkl_Vita_u_Pressestimmen.pdf\">Leseprobe \u201eGesammelte Werke\u201c<\/a><\/li><\/ul>\n\n\n\n<p><\/p>\n","protected":false},"excerpt":{"rendered":"<p>Ann\u00e4herung an ein gut verpacktes Weihnachtesgeschenk gesammelter Werke. Was werde ich beim \u00d6ffnen entdecken? Was kann es sein?<\/p>\n","protected":false},"author":1,"featured_media":2857,"comment_status":"closed","ping_status":"closed","sticky":false,"template":"","format":"standard","meta":[],"categories":[60,7,4,8],"tags":[73,97,104,96,32],"_links":{"self":[{"href":"https:\/\/www.ichtich.de\/index.php?rest_route=\/wp\/v2\/posts\/2848"}],"collection":[{"href":"https:\/\/www.ichtich.de\/index.php?rest_route=\/wp\/v2\/posts"}],"about":[{"href":"https:\/\/www.ichtich.de\/index.php?rest_route=\/wp\/v2\/types\/post"}],"author":[{"embeddable":true,"href":"https:\/\/www.ichtich.de\/index.php?rest_route=\/wp\/v2\/users\/1"}],"replies":[{"embeddable":true,"href":"https:\/\/www.ichtich.de\/index.php?rest_route=%2Fwp%2Fv2%2Fcomments&post=2848"}],"version-history":[{"count":9,"href":"https:\/\/www.ichtich.de\/index.php?rest_route=\/wp\/v2\/posts\/2848\/revisions"}],"predecessor-version":[{"id":2936,"href":"https:\/\/www.ichtich.de\/index.php?rest_route=\/wp\/v2\/posts\/2848\/revisions\/2936"}],"wp:featuredmedia":[{"embeddable":true,"href":"https:\/\/www.ichtich.de\/index.php?rest_route=\/wp\/v2\/media\/2857"}],"wp:attachment":[{"href":"https:\/\/www.ichtich.de\/index.php?rest_route=%2Fwp%2Fv2%2Fmedia&parent=2848"}],"wp:term":[{"taxonomy":"category","embeddable":true,"href":"https:\/\/www.ichtich.de\/index.php?rest_route=%2Fwp%2Fv2%2Fcategories&post=2848"},{"taxonomy":"post_tag","embeddable":true,"href":"https:\/\/www.ichtich.de\/index.php?rest_route=%2Fwp%2Fv2%2Ftags&post=2848"}],"curies":[{"name":"wp","href":"https:\/\/api.w.org\/{rel}","templated":true}]}}