{"id":2823,"date":"2022-01-16T13:32:48","date_gmt":"2022-01-16T13:32:48","guid":{"rendered":"https:\/\/www.ichtich.de\/?p=2823"},"modified":"2025-05-02T20:22:28","modified_gmt":"2025-05-02T20:22:28","slug":"hans-dumlers-druckgrafisches-werk-in-der-ruhe-liegt-die-kraft","status":"publish","type":"post","link":"https:\/\/www.ichtich.de\/?p=2823","title":{"rendered":"Hans Dumlers druckgrafisches Werk: In der Ruhe liegt die Kraft"},"content":{"rendered":"\n<p>Die <a href=\"https:\/\/galerie13.net\/\">Freisinger Galerie 13 von Fritz Dettenhofer<\/a> begr\u00fc\u00dft das neue Jahr mit einer Jubil\u00e4umsausstellung zum druckgrafischen Werk von Hans Dumler (1922\u20132017), der im April 2022 hundert Jahre alt geworden w\u00e4re. F\u00fcr <a href=\"https:\/\/www.ichtich.de\/?p=2221\">regelm\u00e4\u00dfige Besucher der Galerie 13<\/a> ist Hans Dumler ein bekannter K\u00fcnstler, wurden doch seit 1997 immer wieder Werke Dumlers gezeigt. Kein Wunder also, dass auch bei uns ein Werk von Hans Dumler einen Platz gefunden hat, die Schwarz-wei\u00df- Grafik eines einander zugewandten, sich ber\u00fchrend-umschlingenden Paares.<\/p>\n\n\n\n<!--more-->\n\n\n\n<p>Die Jubil\u00e4umsausstellung umfasst Druckgrafiken von <a href=\"https:\/\/www.hans-dumler.de\/\">Hans Dumler<\/a> aus f\u00fcnf Jahrzehnten: an Pop-Art erinnernde Werke, Werke von Landschaften, Menschengruppen, \u201eMenschen in Rechteckform\u201c und \u201eMenschen in Rundform\u201c (()) \u2013 und auch vier kleinere Bilder und ein gro\u00dfes Bild: \u201eMeine beiden Kater\u201c.<\/p>\n\n\n\n<p>Fr\u00fcher \u2013 vor Corona \u2013 fanden die Ausstellungser\u00f6ffnungen immer an einem Samstag statt, um 16 h trafen sich die G\u00e4ste im oft lichtdurchfluteten Hauptraum der Galerie, sie gr\u00fc\u00dften einander und den Galeristen und seine Frau, wurdem dem K\u00fcnstler\/der K\u00fcnstlerin vorgestellt und lauschten den Einf\u00fchrungsworten, bevor sie sich auf die drei Stockwerke der Galerie verteilten und die Bilder auf sich wirken lie\u00dfen. Die aktuelle Ausstellung findet \u2013 wie schon 2020 und 2021 \u2013 unter Ber\u00fccksichtigung der Hygienevorschriften aus Anlass der COVID-19 Pandemie statt. So wurde der Zeitraum der Er\u00f6ffnung von bisher zwei Stunden ausgedehnt auf zwei Tage mit je acht Stunden, sodass man beim Besuch, selbstverst\u00e4ndlich mit Maske, gerade mal im Vorbeigehen einem anderen Besucherpaar begegnet und, wenn man Gl\u00fcck hat, die Nachlassverwalterin Yvonne Denk trifft und mit ihr ins Gespr\u00e4ch kommt.<\/p>\n\n\n\n<p>Die <a href=\"https:\/\/express.adobe.com\/page\/Q4hf5DtdbYsmt\/\">Er\u00f6ffnungsrede <\/a>zur Ausstellung ist \u201eseit Corona\u201c online zu h\u00f6ren, begleitet von Fotos aus den Ausstellungsr\u00e4umen. Es empfiehlt sich, vor dem Besuch der Ausstellung die Einf\u00fchrung des Theologie- und Philosophie-Professors <a href=\"https:\/\/ralffrisch.de\/\">Ralf Frisch <\/a>anzuh\u00f6ren und sich damit auf Dumlers Grafiken einzustimmen.<\/p>\n\n\n\n<div class=\"wp-block-image is-style-rounded\"><figure class=\"aligncenter size-full is-resized\"><img loading=\"lazy\" src=\"https:\/\/www.ichtich.de\/wp-content\/uploads\/2022\/01\/Streame-Hans-Dumler-\u2013-Klarheit-und-Wahrheit-\u2013-Gedanken-zur-Ausstellung-in-der-galerie-13-\u2013-Teil-1-von-galerie-13-Kostenlos-onl.jpg\" alt=\"\" class=\"wp-image-2824\" width=\"311\" height=\"394\" srcset=\"https:\/\/www.ichtich.de\/wp-content\/uploads\/2022\/01\/Streame-Hans-Dumler-\u2013-Klarheit-und-Wahrheit-\u2013-Gedanken-zur-Ausstellung-in-der-galerie-13-\u2013-Teil-1-von-galerie-13-Kostenlos-onl.jpg 1242w, https:\/\/www.ichtich.de\/wp-content\/uploads\/2022\/01\/Streame-Hans-Dumler-\u2013-Klarheit-und-Wahrheit-\u2013-Gedanken-zur-Ausstellung-in-der-galerie-13-\u2013-Teil-1-von-galerie-13-Kostenlos-onl-236x300.jpg 236w, https:\/\/www.ichtich.de\/wp-content\/uploads\/2022\/01\/Streame-Hans-Dumler-\u2013-Klarheit-und-Wahrheit-\u2013-Gedanken-zur-Ausstellung-in-der-galerie-13-\u2013-Teil-1-von-galerie-13-Kostenlos-onl-807x1024.jpg 807w, https:\/\/www.ichtich.de\/wp-content\/uploads\/2022\/01\/Streame-Hans-Dumler-\u2013-Klarheit-und-Wahrheit-\u2013-Gedanken-zur-Ausstellung-in-der-galerie-13-\u2013-Teil-1-von-galerie-13-Kostenlos-onl-768x975.jpg 768w, https:\/\/www.ichtich.de\/wp-content\/uploads\/2022\/01\/Streame-Hans-Dumler-\u2013-Klarheit-und-Wahrheit-\u2013-Gedanken-zur-Ausstellung-in-der-galerie-13-\u2013-Teil-1-von-galerie-13-Kostenlos-onl-1210x1536.jpg 1210w, https:\/\/www.ichtich.de\/wp-content\/uploads\/2022\/01\/Streame-Hans-Dumler-\u2013-Klarheit-und-Wahrheit-\u2013-Gedanken-zur-Ausstellung-in-der-galerie-13-\u2013-Teil-1-von-galerie-13-Kostenlos-onl-624x792.jpg 624w\" sizes=\"(max-width: 311px) 100vw, 311px\" \/><\/figure><\/div>\n\n\n\n<p>Frisch zitiert dabei Theodor W. Adorno: \u201eGeliebt wirst du einzig, wo du schwach dich zeigen darfst, ohne St\u00e4rke zu provozieren.\u201c In seinem Beitrag \u201eKlarheit und Wahrheit\u201c fordert Frisch mit Verweis auf Dumlers Werk die Zuh\u00f6renden und Betrachtenden auf: \u201eSeht zu, was die Kunst in einer aufgew\u00fchlten und ersch\u00fctternden Welt vermag.\u201c, und er kommt zu dem Schluss: \u201eHans Dumlers Werke schaffen uns einen Ort, an dem wir ruhig werden k\u00f6nnen.\u201c<\/p>\n\n\n\n<div class=\"wp-block-image is-style-rounded\"><figure class=\"aligncenter size-full is-resized\"><img loading=\"lazy\" src=\"https:\/\/www.ichtich.de\/wp-content\/uploads\/2022\/01\/Streame-Hans-Dumler-\u2013-Die-Schwache-Kraft-der-Kunst-\u2013-Gedanken-zur-Ausstellung-in-der-galerie-13-\u2013-Teil-4-von-galerie-13-Kosten.jpg\" alt=\"\" class=\"wp-image-2825\" width=\"311\" height=\"393\" srcset=\"https:\/\/www.ichtich.de\/wp-content\/uploads\/2022\/01\/Streame-Hans-Dumler-\u2013-Die-Schwache-Kraft-der-Kunst-\u2013-Gedanken-zur-Ausstellung-in-der-galerie-13-\u2013-Teil-4-von-galerie-13-Kosten.jpg 1242w, https:\/\/www.ichtich.de\/wp-content\/uploads\/2022\/01\/Streame-Hans-Dumler-\u2013-Die-Schwache-Kraft-der-Kunst-\u2013-Gedanken-zur-Ausstellung-in-der-galerie-13-\u2013-Teil-4-von-galerie-13-Kosten-237x300.jpg 237w, https:\/\/www.ichtich.de\/wp-content\/uploads\/2022\/01\/Streame-Hans-Dumler-\u2013-Die-Schwache-Kraft-der-Kunst-\u2013-Gedanken-zur-Ausstellung-in-der-galerie-13-\u2013-Teil-4-von-galerie-13-Kosten-809x1024.jpg 809w, https:\/\/www.ichtich.de\/wp-content\/uploads\/2022\/01\/Streame-Hans-Dumler-\u2013-Die-Schwache-Kraft-der-Kunst-\u2013-Gedanken-zur-Ausstellung-in-der-galerie-13-\u2013-Teil-4-von-galerie-13-Kosten-768x972.jpg 768w, https:\/\/www.ichtich.de\/wp-content\/uploads\/2022\/01\/Streame-Hans-Dumler-\u2013-Die-Schwache-Kraft-der-Kunst-\u2013-Gedanken-zur-Ausstellung-in-der-galerie-13-\u2013-Teil-4-von-galerie-13-Kosten-1214x1536.jpg 1214w, https:\/\/www.ichtich.de\/wp-content\/uploads\/2022\/01\/Streame-Hans-Dumler-\u2013-Die-Schwache-Kraft-der-Kunst-\u2013-Gedanken-zur-Ausstellung-in-der-galerie-13-\u2013-Teil-4-von-galerie-13-Kosten-624x790.jpg 624w\" sizes=\"(max-width: 311px) 100vw, 311px\" \/><\/figure><\/div>\n\n\n\n<p>Dumlers Werk \u201e<a href=\"https:\/\/express.adobe.com\/page\/Q4hf5DtdbYsmt\/images\/fce590de-b73e-4e87-9fe4-4a99353f3902.jpg?asset_id=7f7b37a4-f85a-4851-b4bb-86b05dd5ef38&amp;img_etag=%22d295c82259ad6945ef4db7335fcc35b4%22&amp;size=2560\">Meine beiden Kater<\/a>\u201c haben es uns besonders angetan, sie sind die passende Erg\u00e4nzung zu unserer kleinen Druckgrafik des einander zugewandten Paars. Der rote Hintergrund mag wohl Unruhe, zur\u00fcckliegende Abenteuer oder K\u00e4mpfe andeuten, doch die Freundlichkeit der einander zugewandten Katzen (wie fr\u00fcher L\u00f6wen) bes\u00e4nftigen und vertreiben b\u00f6se Geister und laden ein zum Ankommen an diesem Ort der Ruhe. <\/p>\n\n\n\n<p>Vielen Dank!<\/p>\n\n\n\n<figure class=\"wp-block-image size-large is-resized is-style-rounded\"><img loading=\"lazy\" src=\"https:\/\/www.ichtich.de\/wp-content\/uploads\/2022\/01\/Dumlers_Kater-1024x548.jpg\" alt=\"\" class=\"wp-image-2829\" width=\"512\" height=\"274\"\/><\/figure>\n\n\n\n<p>Nachtrag \u2013 Kommentar einer lieben Freundin zu \u201eMeine beiden Kater\u201c und dem roten Hintergrund:<\/p>\n\n\n\n<pre class=\"wp-block-preformatted\">Freue mich sehr \u00fcber Deinen bereichernde Bericht; habe es zudem sehr genossen, virtuell durch die Ausstellung \"zu schlendern\",- sehr sehr sch\u00f6\u00f6\u00f6n!!!\n\"Meine beiden Kater\" gef\u00e4llt mir auch seeehr gut.\nF\u00fcr mich symbolisiert der \"rote Hintergrund\" emotionale N\u00e4he und W\u00e4rme.\nDie beiden Kater verk\u00f6rpert zudem f\u00fcr mich eine ausnehmend innige Zweisamkeit.\nUnd selbst beim \"nur so zusammen fl\u00f6zen\" sind deren K\u00f6rper anmutig, deren Bewegungen vermutlich gen\u00fcsslich-grazil.<\/pre>\n","protected":false},"excerpt":{"rendered":"<p>Die Freisinger Galerie 13 von Fritz Dettenhofer begr\u00fc\u00dft das neue Jahr mit einer Jubil\u00e4umsausstellung zum druckgrafischen Werk von Hans Dumler (1922\u20132017), der im April 2022 hundert Jahre alt geworden w\u00e4re. F\u00fcr regelm\u00e4\u00dfige Besucher der Galerie 13 ist Hans Dumler ein bekannter K\u00fcnstler, wurden doch seit 1997 immer wieder Werke Dumlers gezeigt. Kein Wunder also, dass [&hellip;]<\/p>\n","protected":false},"author":1,"featured_media":2842,"comment_status":"closed","ping_status":"closed","sticky":false,"template":"","format":"standard","meta":[],"categories":[16,50,5],"tags":[91,93,92,59],"_links":{"self":[{"href":"https:\/\/www.ichtich.de\/index.php?rest_route=\/wp\/v2\/posts\/2823"}],"collection":[{"href":"https:\/\/www.ichtich.de\/index.php?rest_route=\/wp\/v2\/posts"}],"about":[{"href":"https:\/\/www.ichtich.de\/index.php?rest_route=\/wp\/v2\/types\/post"}],"author":[{"embeddable":true,"href":"https:\/\/www.ichtich.de\/index.php?rest_route=\/wp\/v2\/users\/1"}],"replies":[{"embeddable":true,"href":"https:\/\/www.ichtich.de\/index.php?rest_route=%2Fwp%2Fv2%2Fcomments&post=2823"}],"version-history":[{"count":6,"href":"https:\/\/www.ichtich.de\/index.php?rest_route=\/wp\/v2\/posts\/2823\/revisions"}],"predecessor-version":[{"id":2841,"href":"https:\/\/www.ichtich.de\/index.php?rest_route=\/wp\/v2\/posts\/2823\/revisions\/2841"}],"wp:featuredmedia":[{"embeddable":true,"href":"https:\/\/www.ichtich.de\/index.php?rest_route=\/wp\/v2\/media\/2842"}],"wp:attachment":[{"href":"https:\/\/www.ichtich.de\/index.php?rest_route=%2Fwp%2Fv2%2Fmedia&parent=2823"}],"wp:term":[{"taxonomy":"category","embeddable":true,"href":"https:\/\/www.ichtich.de\/index.php?rest_route=%2Fwp%2Fv2%2Fcategories&post=2823"},{"taxonomy":"post_tag","embeddable":true,"href":"https:\/\/www.ichtich.de\/index.php?rest_route=%2Fwp%2Fv2%2Ftags&post=2823"}],"curies":[{"name":"wp","href":"https:\/\/api.w.org\/{rel}","templated":true}]}}