{"id":2798,"date":"2021-12-09T16:01:49","date_gmt":"2021-12-09T16:01:49","guid":{"rendered":"https:\/\/www.ichtich.de\/?p=2798"},"modified":"2025-05-02T20:22:42","modified_gmt":"2025-05-02T20:22:42","slug":"tueren-und-fenster-oeffnen-im-advent-adventskalender-spiel-als-online-vorstellungsrunde-fuer-gruppen","status":"publish","type":"post","link":"https:\/\/www.ichtich.de\/?p=2798","title":{"rendered":"Fenster \u00f6ffnen im Advent \u2013 Online-Vorstellungsmethode"},"content":{"rendered":"\n<p>Hier stelle ich die Methode einer Vorstellungsrunde f\u00fcr eine berufliche oder private Gruppe von etwa 20 Personen im Advent vor \u2013 in einer schlaflosen Nacht im November von mir in Anlehnung an die Kennenlern-\/Frage-Methode mit Post-it-Zetteln erdacht und mit Kolleg:innen erstmals bei einem Zoomtreffen am 7. Dezember 2021 erprobt.<\/p>\n\n\n\n<!--more-->\n\n\n\n<p><strong>Ablauf der Runde \u201eFenster-\u00f6ffne-dich\u201c<\/strong><\/p>\n\n\n\n<ul><li>Alle Teilnehmende mit Ausnahme der Moderatorin schalten ihr Video und ihr Mikrofon aus, sodass der Zoom-Bildschirm dunkel ist und man nur die Namen der Teilnehmenden sieht (bzw. vereinzelt auch Profilbilder von TN).<\/li><li>Zu Beginn stellt sich die Moderatorin in maximal zwei Minuten vor, beispielsweise zu diesen drei Themen:<ul><li>Name + Arbeitsort,<\/li><li>beruflicher Schwerpunkt,<\/li><li>Lieblingsbrauch oder Lieblingsaktivit\u00e4t im Advent.<\/li><\/ul><\/li><li>Eine weitere Person hat als \u201eKnecht Ruprecht\u201c eine Stoppuhr und ein Gl\u00f6ckchen und klingelt (bei angeschaltetem Mikrofon) nach etwa zwei Minuten, um anzuzeigen, dass das n\u00e4chste Fenster ge\u00f6ffnet werden soll. Mit dem L\u00e4uten soll verhindert werden, dass es gar zu lange Beitr\u00e4ge gibt und die Runde zu lange andauert.<\/li><li>Nach ihrer Vorstellung \u201eklopft\u201c die Moderatorin ans Fenster einer anderen Person, indem sie deren Namen nennt und sagt: \u201eHallo, xxx, zeig&#8217; dich und mach&#8217; dein Fenster auf!\u201c.<\/li><li>Die angesprochene Person schaltet ihr Video und ihr Mikrofon an und stellt sich mit den genannten Punkten vor; anschlie\u00dfend klopft sie bei einem \u201egeschlossenen\u201c Fenster an &#8230;. <\/li><li>&#8230; usw., bis alle Fenster offen sind, d. h. alle Teilnehmende sich vorgestell haben  und alle Videos angeschaltet sind.<\/li><\/ul>\n\n\n\n<p><strong>Vorbereitung<\/strong><\/p>\n\n\n\n<p>Es ist sinnvoll, wenn die Teilnehmenden am PC oder am Laptop sitzen (und nicht mit Smartphone zugeschaltet sind), weil sie so einen besseren \u00dcberblick \u00fcber die Gruppe bzw. \u00fcber den \u201eAdventskalender\u201c haben. Dabei sollten die Teilnehmenden m\u00f6glichst die Galerie-Ansicht w\u00e4hlen, da sie so gut sehen, wessen Fenster noch geschlossen ist, und sie mitverfolgen k\u00f6nnen, wie die T\u00fcrchen sich nach und nach \u00f6ffnen.<\/p>\n\n\n\n<figure class=\"wp-block-image size-large is-style-rounded\"><img loading=\"lazy\" width=\"500\" height=\"358\" src=\"https:\/\/www.ichtich.de\/wp-content\/uploads\/2021\/12\/Bild-n.gif\" alt=\"\" class=\"wp-image-2811\"\/><figcaption>\u201eFenster-\u00f6ffne-dich\u201c: Videokonferenz im Advent<\/figcaption><\/figure>\n\n\n\n<p><strong>Erweiterung<\/strong><\/p>\n\n\n\n<p>Die Idee zu dieser Methode entstand bei der Vorbereitung eines Treffens im Advent, das Bild eines Kalenders mit sich \u00f6ffnenden T\u00fcren bzw. Fenstern war naheliegend. Nat\u00fcrlich kann man die Methode v\u00f6llig ohne Bezug zum Advent anwenden: Bei ausgeschalteten Videos der TN stellt die Moderatorin sich zu vorgegebenen Stichpunkten vor und fordert danach eine andere Person auf, sich vorzustellen. <\/p>\n\n\n\n<p><strong>Dank<\/strong><\/p>\n\n\n\n<p>Mein Dank f\u00fcr die Anregungen, Ideen und Umsetzung der \u201eFenster-\u00f6ffne-dich-Methode\u201c geht an die Trainierinnen und Mitglieder von <a href=\"http:\/\/www.lebensmutig.de\/trainerinnen.php\">Lebensmutig e.V.<\/a>, die technische Tools kreativ nutzen, an die Mitglieder der <a href=\"https:\/\/www.vfll.de\/ueber-uns\/regionalgruppen\/bayern\/\">VFLL-Regionalgruppe Bayern<\/a>, die mich fordern und f\u00f6rdern, an Dagmar K\u00f6hler f\u00fcr die k\u00fcnstlerische Beratung und Ermutigung und an Stefan, der meine Ideen aufgreift und ausschm\u00fcckt. <\/p>\n","protected":false},"excerpt":{"rendered":"<p>Hier stelle ich die Methode einer Vorstellungsrunde f\u00fcr eine berufliche oder private Gruppe von etwa 20 Personen im Advent vor \u2013 in einer schlaflosen Nacht im November von mir in Anlehnung an die Kennenlern-\/Frage-Methode mit Post-it-Zetteln erdacht und mit Kolleg:innen erstmals bei einem Zoomtreffen am 7. Dezember 2021 erprobt.<\/p>\n","protected":false},"author":1,"featured_media":2805,"comment_status":"closed","ping_status":"closed","sticky":false,"template":"","format":"standard","meta":[],"categories":[12,13,5],"tags":[85,89,88,90,86,87],"_links":{"self":[{"href":"https:\/\/www.ichtich.de\/index.php?rest_route=\/wp\/v2\/posts\/2798"}],"collection":[{"href":"https:\/\/www.ichtich.de\/index.php?rest_route=\/wp\/v2\/posts"}],"about":[{"href":"https:\/\/www.ichtich.de\/index.php?rest_route=\/wp\/v2\/types\/post"}],"author":[{"embeddable":true,"href":"https:\/\/www.ichtich.de\/index.php?rest_route=\/wp\/v2\/users\/1"}],"replies":[{"embeddable":true,"href":"https:\/\/www.ichtich.de\/index.php?rest_route=%2Fwp%2Fv2%2Fcomments&post=2798"}],"version-history":[{"count":13,"href":"https:\/\/www.ichtich.de\/index.php?rest_route=\/wp\/v2\/posts\/2798\/revisions"}],"predecessor-version":[{"id":2817,"href":"https:\/\/www.ichtich.de\/index.php?rest_route=\/wp\/v2\/posts\/2798\/revisions\/2817"}],"wp:featuredmedia":[{"embeddable":true,"href":"https:\/\/www.ichtich.de\/index.php?rest_route=\/wp\/v2\/media\/2805"}],"wp:attachment":[{"href":"https:\/\/www.ichtich.de\/index.php?rest_route=%2Fwp%2Fv2%2Fmedia&parent=2798"}],"wp:term":[{"taxonomy":"category","embeddable":true,"href":"https:\/\/www.ichtich.de\/index.php?rest_route=%2Fwp%2Fv2%2Fcategories&post=2798"},{"taxonomy":"post_tag","embeddable":true,"href":"https:\/\/www.ichtich.de\/index.php?rest_route=%2Fwp%2Fv2%2Ftags&post=2798"}],"curies":[{"name":"wp","href":"https:\/\/api.w.org\/{rel}","templated":true}]}}