{"id":2682,"date":"2021-07-09T14:05:32","date_gmt":"2021-07-09T14:05:32","guid":{"rendered":"https:\/\/www.ichtich.de\/?p=2682"},"modified":"2025-05-02T20:23:36","modified_gmt":"2025-05-02T20:23:36","slug":"leben-mit-dem-roll-up-banner-oder-freud-und-leid-im-ehrenamt","status":"publish","type":"post","link":"https:\/\/www.ichtich.de\/?p=2682","title":{"rendered":"Leben und reisen mit dem Roll-up-Banner"},"content":{"rendered":"\n<p>Im Februar 2015 wurde ich zur Sprecherin der VFLL-Regionalgruppe Bayern gew\u00e4hlt, damals noch als 2. Sprecherin, gut versteckt hinter der 1. Sprecherin. In der Zwischenzeit bin ich selbst 1. Sprecherin der Regionalgruppe Bayern und f\u00fchle mich verantwortlich f\u00fcr \u201emeine\u201c RG und \u201emeine\u201c RG-Mitglieder. Was wollte ich damals alles erreichen f\u00fcr die Regionalgruppe?! Fortbildungen organisieren, zu Themenabenden, Lunch-Treffen oder auch zu einer Wanderung einladen, Austauschm\u00f6glichkeiten anbieten und Netzwerke festigen. Dabei hatte ich immer auch den Wunsch, dass die RG-Mitglieder sich gegenseitig kennenlernen und Freundinnen oder Freunde finden, die sie das Berufsleben lang begleiten und mit denen sie Berufliches und Privates besprechen k\u00f6nnen. <\/p>\n\n\n\n<p>Ja \u2013 das waren meine W\u00fcnsche und Pl\u00e4ne, und ich habe sie, so denke ich, in der einen oder anderen Form umgesetzt, wie die <a href=\"https:\/\/www.ichtich.de\/?s=VFLL\">Beitr\u00e4ge auf meinem Blog bzw. auf dem VFLL-Blog<\/a> zeigen.<\/p>\n\n\n\n<div class=\"wp-block-media-text alignwide has-media-on-the-right is-stacked-on-mobile\" style=\"grid-template-columns:auto 15%\"><figure class=\"wp-block-media-text__media\"><img loading=\"lazy\" width=\"420\" height=\"1024\" src=\"https:\/\/www.ichtich.de\/wp-content\/uploads\/2021\/07\/Banner-aufgestellt-ORG-2-420x1024.jpg\" alt=\"\" class=\"wp-image-2714 size-full\" srcset=\"https:\/\/www.ichtich.de\/wp-content\/uploads\/2021\/07\/Banner-aufgestellt-ORG-2-420x1024.jpg 420w, https:\/\/www.ichtich.de\/wp-content\/uploads\/2021\/07\/Banner-aufgestellt-ORG-2-123x300.jpg 123w, https:\/\/www.ichtich.de\/wp-content\/uploads\/2021\/07\/Banner-aufgestellt-ORG-2-768x1871.jpg 768w, https:\/\/www.ichtich.de\/wp-content\/uploads\/2021\/07\/Banner-aufgestellt-ORG-2-841x2048.jpg 841w, https:\/\/www.ichtich.de\/wp-content\/uploads\/2021\/07\/Banner-aufgestellt-ORG-2-624x1520.jpg 624w, https:\/\/www.ichtich.de\/wp-content\/uploads\/2021\/07\/Banner-aufgestellt-ORG-2-scaled.jpg 1051w\" sizes=\"(max-width: 420px) 100vw, 420px\" \/><\/figure><div class=\"wp-block-media-text__content\">\n<p>Tats\u00e4chlich beinhaltet das Ehrenamt jedoch nicht nur H\u00f6hepunkte im Verbandsleben \u2013 es gibt oft auch banal und l\u00e4stig erscheinende Aufgaben zu erledigen, und vielleicht sind diese letztendlich ebenso erf\u00fcllend und belebend wie die besonderen Ereignisse. Genau darum geht es mir hier: um Erlebnisse und Begegnungen mit dem Roll-up-Banner der Regionalgruppe.<\/p>\n<\/div><\/div>\n\n\n\n<!--more-->\n\n\n\n<p>Im April 2016 trat das \u201eRoll-up-Banner\u201c in mein Leben, damals, als in M\u00fcnchen der Selfpublishing-Day stattfand und f\u00fcr den Messestand der Regionalgruppe ein Roll-up-Banner angeschafft wurde. Ich wusste zun\u00e4chst nicht so recht, wie dieses Teil aussieht und wie gro\u00df es ist, sicherheitshalber schlug ich die korrekte Schreibweise im Duden nach: <\/p>\n\n\n\n<blockquote class=\"wp-block-quote\"><p>Roll-up [&#8230;], das; -[s], -s &lt;engl.&gt; (rollbarer Werbetr\u00e4ger)<br>Banner, das; [&#8230;] -s, &#8211; (Fahne; [&#8230;])<\/p><\/blockquote>\n\n\n\n<pre class=\"wp-block-verse\">Ein Foto vom SP-Day zeigt das Roll-up-Banner \nbei seinem ersten Einsatz in M\u00fcnchen: \n<a href=\"https:\/\/www.lektorenverband.de\/was-macht-einen-guten-lektor-eine-gute-lektorin-aus\/\" target=\"_blank\" rel=\"noreferrer noopener\">leuchtend rot f\u00fcr den VFLL werbend<\/a>.<\/pre>\n\n\n\n<p>Erstmals in H\u00e4nden hielt ich das zusammengerollte Banner als \u2013 erstaunlich kleines \u2013 quaderf\u00f6rmiges Paket: ca. 90 cm lang mit 12 cm x 12 cm Grundfl\u00e4che. Das Banner sollte auf Reise gehen, zur regionalen Buchmesse \u201eRegensbuch2016\u201c in Regensburg. Verschicken erschien zu teuer, daher wurde das Roll-up transportiert: mit dem Rad von der Freisinger Innenstadt an den Stadtrand, weiter mit dem Auto zur Tangoparty, wo es einem befreundeten Tanzpaar \u00fcbergeben wurde, das extra f\u00fcr den Transport des Banners mit dem gro\u00dfen PKW gekommen war. Die Tanzfreundin \u00fcbergab das Paket an einer Tankstelle am Rand von Regensburg an die Kollegin, die den VFLL-Stand bei der RegensBuch2016 organisierte.<\/p>\n\n\n\n<pre class=\"wp-block-verse\">Das Roll-up-Banner am gemeinsamen Stand von \nvon VFLL und B\u00fccherfrauen in Regensburg:\n<a href=\"https:\/\/www.lektorenverband.de\/1-regensbuch-buechermenschen-unter-sich\/\" target=\"_blank\" rel=\"noreferrer noopener\">RegensBuch2016-Beitrag<\/a>.<\/pre>\n\n\n\n<p>Nach der RegensBuch2016 lagerte das Banner in Undorf bei Regensburg, bis es im Herbst 2018 wieder ins Freie kam, zu den \u201eLektorentagen\u201c in N\u00fcrnberg, danach gleich wieder zur\u00fcck nach Regensburg zur RegensBuch2018 \u2013 immer pers\u00f6nlich \u00fcbergeben von Kollege an Kollegin und von Kollegin an Kollege.<\/p>\n\n\n\n<p>Im Herbst 2018 fand das Banner ein neues Zuhause beim Regensburger Kollegen, bis dieser es im Fr\u00fchjahr zur <a href=\"https:\/\/www.schreibwerkstatt-bf.de\/2-regionale-buchmesse-im-fichtelgebirge-06-07-april-2019\/\" target=\"_blank\" rel=\"noreferrer noopener\">regionalen Buchmesse nach Wunsiedel<\/a> schickte. Von dort wurde es nach M\u00fcnchen geschickt und wartete in Schwabing auf seinen Einsatz beim \u2013 immer wieder verschobenen, letztendlich ausgefallenen \u2013 \u201eFachbuch-Selfpublishing-Day\u201c. Nach seinem Ausflug 2019 zur Regionalbuchmesse Oberpfalz im Literaturarchiv Sulzbach-Rosenberg wartete das Banner in Regensburg auf den n\u00e4chsten Einsatz, bis der Kollege es im Juni 2021 endlich wieder auf den Weg brachte, zu den <a href=\"https:\/\/texttage.nuernberg.de\/programm\/textualienmarkt\/detail?tx_decicalendar_calendar%5Baction%5D=show&amp;tx_decicalendar_calendar%5Bcontroller%5D=Event&amp;tx_decicalendar_calendar%5Bevent%5D=45&amp;cHash=ea0146eb65c352ddaa7581c81839a16f\">N\u00fcrnberger Texttagen<\/a>.<\/p>\n\n\n\n<pre class=\"wp-block-verse\">Ausflug zur Regionalbuchmesse Oberpfalz 2019 \nim Literaturarchiv Sulzbach-Rosenberg: \n<a href=\"https:\/\/www.lektorenverband.de\/regionalbuchmesse-oberpfalz-2019\/\" target=\"_blank\" rel=\"noreferrer noopener\">Regionalbuchmesse Oberpfalz<\/a>.<\/pre>\n\n\n\n<p>Aktuell liegt das Banner gut eingerollt und verpackt bei der Kollegin in Zirndorf. Wann und auf welchem Weg kommt es wohl wieder ans Licht, und zu welchem Anlass? Ach, das Roll-up-Banner ist geduldig und wird mich, wird uns, wird die Regionalgruppe sicher weiterhin begleiten: leuchtend rot wird es wieder f\u00fcr den VFLL und f\u00fcr das Engagement im Ehrenamt werben und die Menschen miteinander in Kontakt bringen.<\/p>\n\n\n\n<div class=\"wp-block-image is-style-default\"><figure class=\"alignright size-large is-resized\"><img loading=\"lazy\" src=\"https:\/\/www.ichtich.de\/wp-content\/uploads\/2021\/07\/Roll-up-Banner-verpackt-1-1024x699.jpg\" alt=\"\" class=\"wp-image-2686\" width=\"256\" height=\"175\" srcset=\"https:\/\/www.ichtich.de\/wp-content\/uploads\/2021\/07\/Roll-up-Banner-verpackt-1-1024x699.jpg 1024w, https:\/\/www.ichtich.de\/wp-content\/uploads\/2021\/07\/Roll-up-Banner-verpackt-1-300x205.jpg 300w, https:\/\/www.ichtich.de\/wp-content\/uploads\/2021\/07\/Roll-up-Banner-verpackt-1-768x524.jpg 768w, https:\/\/www.ichtich.de\/wp-content\/uploads\/2021\/07\/Roll-up-Banner-verpackt-1-1536x1049.jpg 1536w, https:\/\/www.ichtich.de\/wp-content\/uploads\/2021\/07\/Roll-up-Banner-verpackt-1-624x426.jpg 624w, https:\/\/www.ichtich.de\/wp-content\/uploads\/2021\/07\/Roll-up-Banner-verpackt-1.jpg 1629w\" sizes=\"(max-width: 256px) 100vw, 256px\" \/><figcaption>Foto: Marion Voigt, Zirndorf<\/figcaption><\/figure><\/div>\n\n\n\n<p><\/p>\n","protected":false},"excerpt":{"rendered":"<p>Im Februar 2015 wurde ich zur Sprecherin der VFLL-Regionalgruppe Bayern gew\u00e4hlt, damals noch als 2. Sprecherin, gut versteckt hinter der 1. Sprecherin. In der Zwischenzeit bin ich selbst 1. Sprecherin der Regionalgruppe Bayern und f\u00fchle mich verantwortlich f\u00fcr \u201emeine\u201c RG und \u201emeine\u201c RG-Mitglieder. Was wollte ich damals alles erreichen f\u00fcr die Regionalgruppe?! Fortbildungen organisieren, zu [&hellip;]<\/p>\n","protected":false},"author":1,"featured_media":2685,"comment_status":"closed","ping_status":"closed","sticky":false,"template":"","format":"standard","meta":[],"categories":[16,12,13],"tags":[63,79],"_links":{"self":[{"href":"https:\/\/www.ichtich.de\/index.php?rest_route=\/wp\/v2\/posts\/2682"}],"collection":[{"href":"https:\/\/www.ichtich.de\/index.php?rest_route=\/wp\/v2\/posts"}],"about":[{"href":"https:\/\/www.ichtich.de\/index.php?rest_route=\/wp\/v2\/types\/post"}],"author":[{"embeddable":true,"href":"https:\/\/www.ichtich.de\/index.php?rest_route=\/wp\/v2\/users\/1"}],"replies":[{"embeddable":true,"href":"https:\/\/www.ichtich.de\/index.php?rest_route=%2Fwp%2Fv2%2Fcomments&post=2682"}],"version-history":[{"count":21,"href":"https:\/\/www.ichtich.de\/index.php?rest_route=\/wp\/v2\/posts\/2682\/revisions"}],"predecessor-version":[{"id":3178,"href":"https:\/\/www.ichtich.de\/index.php?rest_route=\/wp\/v2\/posts\/2682\/revisions\/3178"}],"wp:featuredmedia":[{"embeddable":true,"href":"https:\/\/www.ichtich.de\/index.php?rest_route=\/wp\/v2\/media\/2685"}],"wp:attachment":[{"href":"https:\/\/www.ichtich.de\/index.php?rest_route=%2Fwp%2Fv2%2Fmedia&parent=2682"}],"wp:term":[{"taxonomy":"category","embeddable":true,"href":"https:\/\/www.ichtich.de\/index.php?rest_route=%2Fwp%2Fv2%2Fcategories&post=2682"},{"taxonomy":"post_tag","embeddable":true,"href":"https:\/\/www.ichtich.de\/index.php?rest_route=%2Fwp%2Fv2%2Ftags&post=2682"}],"curies":[{"name":"wp","href":"https:\/\/api.w.org\/{rel}","templated":true}]}}