{"id":2621,"date":"2021-03-20T11:32:49","date_gmt":"2021-03-20T11:32:49","guid":{"rendered":"https:\/\/www.ichtich.de\/?p=2621"},"modified":"2025-05-02T20:24:21","modified_gmt":"2025-05-02T20:24:21","slug":"der-schoenste-rock-das-schoenste-kinderbuch-mein-tipp-zum-indiebookday-2021","status":"publish","type":"post","link":"https:\/\/www.ichtich.de\/?p=2621","title":{"rendered":"Der sch\u00f6nste Rock, das sch\u00f6nste Kinderbuch  \u2013 mein Tipp zum Indiebookday 2021"},"content":{"rendered":"\n<p>Vor ein paar Wochen habe ich es in meinem Buchladen gekauft, es sofort gelesen und mich daran erfreut. Seitdem liegt es bereit als mein Indiebook f\u00fcr den <a href=\"https:\/\/www.indiebookday.de\/\">Indiebookday am 20. M\u00e4rz 2021<\/a>, \u201eaus einem unabh\u00e4ngigen\/kleinen\/Indie-Verlag\u201c: \u201e<a href=\"https:\/\/www.kullerkupp-kinderbuch.com\/gute-kinderbuecher\/der-schoenste-rock-der-welt\/\">Der sch\u00f6nste Rock der Welt<\/a>\u201c, ein Kinderbuch ab 4 Jahren von Kertu Sillaste.<\/p>\n\n\n\n<blockquote class=\"wp-block-quote\"><p>\u201eEinst lebte im hohen Norden ein M\u00e4dchen namens Marie. Sie n\u00e4hte f\u00fcr ihre Schwester den sch\u00f6nsten Rock der Welt, rot und reich mit Blumenmustern bestickt &#8230;\u201c<\/p><cite>\u201eDer sch\u00f6nste Rock der Welt\u201c, ein Kinderbuch ab 4 Jahren von Kertu Sillaste; aus dem Estnischen \u00fcbersetzt von Carsten Wilms; Kullerkupp Kinderbuchverlag Berlin; ISBN 978-3-947079-10-0<\/cite><\/blockquote>\n\n\n\n<!--more-->\n\n\n\n<p>Wie sch\u00f6n muss es sein, dieses Buch Kindern vorzulesen und die Bilder zusammen anschauen und dann mit Nadel und Faden kreativ zu werden \u2013 die auf der Verlagsseite angebotenen <a href=\"https:\/\/www.kullerkupp-kinderbuch.com\/wp-content\/uploads\/2021\/03\/schoenste-rock-malvorlagen.pdf\">Malvorlagen <\/a>sind sicher hilfreich bei Anmalen oder Besticken (das m\u00fcsste doch gehen? Solche Ausstickkarten gab es fr\u00fcher schon und gibt es heute immer noch).<\/p>\n\n\n\n<figure class=\"wp-block-image size-large\"><img loading=\"lazy\" width=\"1024\" height=\"792\" src=\"https:\/\/www.ichtich.de\/wp-content\/uploads\/2021\/03\/Indiebook-2-MH-k-1024x792.jpg\" alt=\"\" class=\"wp-image-2624\" srcset=\"https:\/\/www.ichtich.de\/wp-content\/uploads\/2021\/03\/Indiebook-2-MH-k-1024x792.jpg 1024w, https:\/\/www.ichtich.de\/wp-content\/uploads\/2021\/03\/Indiebook-2-MH-k-300x232.jpg 300w, https:\/\/www.ichtich.de\/wp-content\/uploads\/2021\/03\/Indiebook-2-MH-k-768x594.jpg 768w, https:\/\/www.ichtich.de\/wp-content\/uploads\/2021\/03\/Indiebook-2-MH-k-1536x1188.jpg 1536w, https:\/\/www.ichtich.de\/wp-content\/uploads\/2021\/03\/Indiebook-2-MH-k-2048x1584.jpg 2048w, https:\/\/www.ichtich.de\/wp-content\/uploads\/2021\/03\/Indiebook-2-MH-k-624x483.jpg 624w\" sizes=\"(max-width: 1024px) 100vw, 1024px\" \/><\/figure>\n\n\n\n<p>Gerne erfahre ich mehr \u00fcber die Stickmeisterin Marie Mustkivi und \u00fcber die Illustratorin und Autorin <a href=\"https:\/\/www.elk.ee\/?illustrator=kertu-sillaste-2\">Kertu Sillaste<\/a> aus Estland und hoffe darauf, bald weitere B\u00fccher aus dem Kullerkupp Verlag zu entdecken, z. B. das Indiebookday 2021 erschienene Buch \u201e<a href=\"https:\/\/www.kullerkupp-kinderbuch.com\/gute-kinderbuecher\/das-verschwundene-piano\">Das verschwundene Piano<\/a>\u201c. Vielleicht habt ihr Gl\u00fcck und ihr bekommt das Buch in der Buchhandlung bei euch um die Ecke?<\/p>\n\n\n\n<p>PS: Kennt ihr die gelbe Trollblume? Auf Estnisch hei\u00dft sie \u201eKullerkupp\u201c &#8211; ein sch\u00f6n klingender, guter Name f\u00fcr einen <a href=\"https:\/\/www.kullerkupp-kinderbuch.com\/\">Kinderbuchverlag<\/a>: \u201eF\u00fcr viele Menschen im Norden steht die Trollblume f\u00fcr eine unbeschwerte Kindheit in der Natur. Eine Kindheit, die kleinen Pers\u00f6nlichkeiten Zeit und Kraft zum Wachsen gibt.\u201c<\/p>\n","protected":false},"excerpt":{"rendered":"<p>Vor ein paar Wochen habe ich es in meinem Buchladen gekauft, es sofort gelesen und mich daran erfreut. Seitdem liegt es bereit als mein Indiebook f\u00fcr den Indiebookday am 20. M\u00e4rz 2021, \u201eaus einem unabh\u00e4ngigen\/kleinen\/Indie-Verlag\u201c: \u201eDer sch\u00f6nste Rock der Welt\u201c, ein Kinderbuch ab 4 Jahren von Kertu Sillaste. \u201eEinst lebte im hohen Norden ein M\u00e4dchen [&hellip;]<\/p>\n","protected":false},"author":1,"featured_media":2623,"comment_status":"closed","ping_status":"closed","sticky":false,"template":"","format":"standard","meta":[],"categories":[60,72,7,4],"tags":[73,75,74,81,104,32],"_links":{"self":[{"href":"https:\/\/www.ichtich.de\/index.php?rest_route=\/wp\/v2\/posts\/2621"}],"collection":[{"href":"https:\/\/www.ichtich.de\/index.php?rest_route=\/wp\/v2\/posts"}],"about":[{"href":"https:\/\/www.ichtich.de\/index.php?rest_route=\/wp\/v2\/types\/post"}],"author":[{"embeddable":true,"href":"https:\/\/www.ichtich.de\/index.php?rest_route=\/wp\/v2\/users\/1"}],"replies":[{"embeddable":true,"href":"https:\/\/www.ichtich.de\/index.php?rest_route=%2Fwp%2Fv2%2Fcomments&post=2621"}],"version-history":[{"count":7,"href":"https:\/\/www.ichtich.de\/index.php?rest_route=\/wp\/v2\/posts\/2621\/revisions"}],"predecessor-version":[{"id":2633,"href":"https:\/\/www.ichtich.de\/index.php?rest_route=\/wp\/v2\/posts\/2621\/revisions\/2633"}],"wp:featuredmedia":[{"embeddable":true,"href":"https:\/\/www.ichtich.de\/index.php?rest_route=\/wp\/v2\/media\/2623"}],"wp:attachment":[{"href":"https:\/\/www.ichtich.de\/index.php?rest_route=%2Fwp%2Fv2%2Fmedia&parent=2621"}],"wp:term":[{"taxonomy":"category","embeddable":true,"href":"https:\/\/www.ichtich.de\/index.php?rest_route=%2Fwp%2Fv2%2Fcategories&post=2621"},{"taxonomy":"post_tag","embeddable":true,"href":"https:\/\/www.ichtich.de\/index.php?rest_route=%2Fwp%2Fv2%2Ftags&post=2621"}],"curies":[{"name":"wp","href":"https:\/\/api.w.org\/{rel}","templated":true}]}}