{"id":2607,"date":"2021-03-16T14:50:32","date_gmt":"2021-03-16T14:50:32","guid":{"rendered":"https:\/\/www.ichtich.de\/?p=2607"},"modified":"2025-05-02T20:24:33","modified_gmt":"2025-05-02T20:24:33","slug":"selbstbau-hermann-der-inbesitznehmer","status":"publish","type":"post","link":"https:\/\/www.ichtich.de\/?p=2607","title":{"rendered":"Selbstbau: \u201eHermann, der Inbesitznehmer\u201c"},"content":{"rendered":"\n<p>Ich wollte mehr \u00fcber den \u201ePlatznehmer\u201c auf dem Campus Weihenstephan erfahren, dem ich auf meinem <a href=\"https:\/\/www.ichtich.de\/?p=2469\">t\u00e4glichen Weg ins Heimb\u00fcro<\/a> begegne und dessen Blick sich auf das Geb\u00e4ude des Instituts f\u00fcr Landespflege und Botanik richtet. Von seinem Blick lie\u00df ich mich leiten und fragte nach beim \u201e<a href=\"https:\/\/www.lai.ar.tum.de\/lehrstuhl\/\">Lehrstuhl f\u00fcr Landschaftsarchitektur und industrielle Landschaft<\/a>\u201c, kurz \u201eLAI\u201c, der Fakult\u00e4t f\u00fcr Architektur an der TU M\u00fcnchen. \u00dcber das Sekretariat bekam ich freundlicherweise Einblick in das Projekt \u201e<a href=\"https:\/\/www.lai.ar.tum.de\/index.php?id=921\">SELBSTBAU<\/a>\u201c und das gleichnamige sch\u00f6n gestaltete B\u00fcchlein, das von Teamgeist und Experimentierfreude und von unkonventionellen Lehr- und Lernmethoden handelt. <\/p>\n\n\n\n<!--more-->\n\n\n\n<blockquote class=\"wp-block-quote\"><p>In Folge eines Workshops im Sommer 1987 am Lehrstuhl f\u00fcr Landschaftsarchitektur und Planung entstand aus Spa\u00df am Tun und als \u201eGegenposition zur universit\u00e4ren Attit\u00fcden\u201c die Idee f\u00fcr die Figur und in einer spontanen Aktion ging es an die Umsetzung der Idee, ohne Ausf\u00fchrungsplan, Aufriss oder Statik \u2026: Um eine Styroporform wurde eine Gipsform angebracht und getrocknet, das Styropor wieder entfernt, die Gipsform mit Beton bef\u00fcllt und eine Befestigungsstange eingebaut. In einer Januarnacht 1988 wurde die 300 kg schwere Figur namens \u201eHermann\u201c montiert, ihr genauer Sitzplatz ergab sich aus Hermanns Beinl\u00e4nge und der H\u00f6he der Mauer, auf der Hermann sitzen sollte. <\/p><cite>[Nach: <a href=\"https:\/\/www.ar.tum.de\/aktuell\/news-singleview\/article\/vortrag-und-buchvorstellung-selbstbau-mit-peter-latz\/\">SELBSTBAU<\/a>, Lehrstuhl f\u00fcr Landschaftsarchitektur und industrielle Landschaft, TU M\u00fcnchen (Hrsg.), 2014, 978-3-941370-38-8] <\/cite><\/blockquote>\n\n\n\n<figure class=\"wp-block-image size-large\"><img loading=\"lazy\" width=\"1024\" height=\"1024\" src=\"https:\/\/www.ichtich.de\/wp-content\/uploads\/2021\/03\/IMG_8698-1024x1024.jpg\" alt=\"\" class=\"wp-image-2615\" srcset=\"https:\/\/www.ichtich.de\/wp-content\/uploads\/2021\/03\/IMG_8698-1024x1024.jpg 1024w, https:\/\/www.ichtich.de\/wp-content\/uploads\/2021\/03\/IMG_8698-300x300.jpg 300w, https:\/\/www.ichtich.de\/wp-content\/uploads\/2021\/03\/IMG_8698-150x150.jpg 150w, https:\/\/www.ichtich.de\/wp-content\/uploads\/2021\/03\/IMG_8698-768x768.jpg 768w, https:\/\/www.ichtich.de\/wp-content\/uploads\/2021\/03\/IMG_8698-1536x1536.jpg 1536w, https:\/\/www.ichtich.de\/wp-content\/uploads\/2021\/03\/IMG_8698-2048x2048.jpg 2048w, https:\/\/www.ichtich.de\/wp-content\/uploads\/2021\/03\/IMG_8698-624x624.jpg 624w\" sizes=\"(max-width: 1024px) 100vw, 1024px\" \/><\/figure>\n\n\n\n<p>So nahm Hermann also im Januar 1988 seinen Platz auf der Mauer in Besitzt und gibt seither Anlass zum Besuchen, Gr\u00fc\u00dfen, Nachdenken, Herumklettern, R\u00e4tseln, Fotografieren und Schreiben.<\/p>\n\n\n\n<figure class=\"wp-block-image size-large\"><img loading=\"lazy\" width=\"768\" height=\"1024\" src=\"https:\/\/www.ichtich.de\/wp-content\/uploads\/2021\/03\/IMG_8693-768x1024.jpg\" alt=\"\" class=\"wp-image-2614\" srcset=\"https:\/\/www.ichtich.de\/wp-content\/uploads\/2021\/03\/IMG_8693-768x1024.jpg 768w, https:\/\/www.ichtich.de\/wp-content\/uploads\/2021\/03\/IMG_8693-225x300.jpg 225w, https:\/\/www.ichtich.de\/wp-content\/uploads\/2021\/03\/IMG_8693-1152x1536.jpg 1152w, https:\/\/www.ichtich.de\/wp-content\/uploads\/2021\/03\/IMG_8693-1536x2048.jpg 1536w, https:\/\/www.ichtich.de\/wp-content\/uploads\/2021\/03\/IMG_8693-624x832.jpg 624w, https:\/\/www.ichtich.de\/wp-content\/uploads\/2021\/03\/IMG_8693-scaled.jpg 1920w\" sizes=\"(max-width: 768px) 100vw, 768px\" \/><\/figure>\n\n\n\n<p class=\"has-text-align-center\"><strong>DER<\/strong><br><strong>INBESITZNEHMER<br>JAN 1988<\/strong><\/p>\n\n\n\n<p><\/p>\n","protected":false},"excerpt":{"rendered":"<p>Ich wollte mehr \u00fcber den \u201ePlatznehmer\u201c auf dem Campus Weihenstephan erfahren, dem ich auf meinem t\u00e4glichen Weg ins Heimb\u00fcro begegne und dessen Blick sich auf das Geb\u00e4ude des Instituts f\u00fcr Landespflege und Botanik richtet. Von seinem Blick lie\u00df ich mich leiten und fragte nach beim \u201eLehrstuhl f\u00fcr Landschaftsarchitektur und industrielle Landschaft\u201c, kurz \u201eLAI\u201c, der Fakult\u00e4t [&hellip;]<\/p>\n","protected":false},"author":1,"featured_media":2613,"comment_status":"closed","ping_status":"closed","sticky":false,"template":"","format":"standard","meta":[],"categories":[16,50,7,6],"tags":[23,66,41,71],"_links":{"self":[{"href":"https:\/\/www.ichtich.de\/index.php?rest_route=\/wp\/v2\/posts\/2607"}],"collection":[{"href":"https:\/\/www.ichtich.de\/index.php?rest_route=\/wp\/v2\/posts"}],"about":[{"href":"https:\/\/www.ichtich.de\/index.php?rest_route=\/wp\/v2\/types\/post"}],"author":[{"embeddable":true,"href":"https:\/\/www.ichtich.de\/index.php?rest_route=\/wp\/v2\/users\/1"}],"replies":[{"embeddable":true,"href":"https:\/\/www.ichtich.de\/index.php?rest_route=%2Fwp%2Fv2%2Fcomments&post=2607"}],"version-history":[{"count":8,"href":"https:\/\/www.ichtich.de\/index.php?rest_route=\/wp\/v2\/posts\/2607\/revisions"}],"predecessor-version":[{"id":2631,"href":"https:\/\/www.ichtich.de\/index.php?rest_route=\/wp\/v2\/posts\/2607\/revisions\/2631"}],"wp:featuredmedia":[{"embeddable":true,"href":"https:\/\/www.ichtich.de\/index.php?rest_route=\/wp\/v2\/media\/2613"}],"wp:attachment":[{"href":"https:\/\/www.ichtich.de\/index.php?rest_route=%2Fwp%2Fv2%2Fmedia&parent=2607"}],"wp:term":[{"taxonomy":"category","embeddable":true,"href":"https:\/\/www.ichtich.de\/index.php?rest_route=%2Fwp%2Fv2%2Fcategories&post=2607"},{"taxonomy":"post_tag","embeddable":true,"href":"https:\/\/www.ichtich.de\/index.php?rest_route=%2Fwp%2Fv2%2Ftags&post=2607"}],"curies":[{"name":"wp","href":"https:\/\/api.w.org\/{rel}","templated":true}]}}