{"id":260,"date":"2016-07-19T20:47:30","date_gmt":"2016-07-19T20:47:30","guid":{"rendered":"http:\/\/www.ichtich.de\/?p=260"},"modified":"2025-05-03T10:25:42","modified_gmt":"2025-05-03T10:25:42","slug":"260","status":"publish","type":"post","link":"https:\/\/www.ichtich.de\/?p=260","title":{"rendered":"Tango meets Sweden \u2013 Tango p\u00e5 svenska"},"content":{"rendered":"<p style=\"text-align: justify;\">Auch heute noch wird man manchmal von ausw\u00e4rtigen Tangobegeisterten gefragt. \u201eWo kann man in Freising gut Tango tanzen? Gab es da nicht &#8216;mal sch\u00f6ne Milongas im Schl\u00fctercaf\u00e9?\u201c Ja \u2013 die gab es, gibt es heute aber nicht mehr: der Raum war zu eng, der Boden nicht gut \u2013 und vor allem: die aus Finnland stammende DJane Heini hat Freising verlassen. Doch es gibt die Erinnerungen &#8230;<!--more--><\/p>\n<p><img loading=\"lazy\" class=\"wp-image-270 aligncenter\" src=\"http:\/\/www.ichtich.de\/wp-content\/uploads\/2016\/07\/Schl\u00fcter-Innen-e1468963236437-224x300.jpg\" alt=\"Schl\u00fcter-Innen\" width=\"300\" height=\"401\" srcset=\"https:\/\/www.ichtich.de\/wp-content\/uploads\/2016\/07\/Schl\u00fcter-Innen-e1468963236437-224x300.jpg 224w, https:\/\/www.ichtich.de\/wp-content\/uploads\/2016\/07\/Schl\u00fcter-Innen-e1468963236437-768x1028.jpg 768w, https:\/\/www.ichtich.de\/wp-content\/uploads\/2016\/07\/Schl\u00fcter-Innen-e1468963236437-765x1024.jpg 765w, https:\/\/www.ichtich.de\/wp-content\/uploads\/2016\/07\/Schl\u00fcter-Innen-e1468963236437-624x835.jpg 624w, https:\/\/www.ichtich.de\/wp-content\/uploads\/2016\/07\/Schl\u00fcter-Innen-e1468963236437.jpg 968w\" sizes=\"(max-width: 300px) 100vw, 300px\" \/><\/p>\n<p style=\"text-align: justify;\">Die ersten Milongas, auf die wir uns als Tango-Anf\u00e4nger gewagt hatten, fanden im Freisinger Schl\u00fctercaf\u00e9 statt, damals, um 2012\/2013. Als Neulinge versuchten wir zu tanzen und beobachteten, wie die anderen tanzten. Die von Heini aufgelegte Musik waren sch\u00f6n ausgew\u00e4hlte traditionelle St\u00fccke in guter Aufnahmequalit\u00e4t. Langsam lernten wir ihre St\u00fccke kennen, wir fragten uns dabei nicht, ob es alternative Musikrichtungen geben k\u00f6nnte: die Musik klang wie Tango, die Sprache war spanisch \u2013 und wir tanzten Tango, und das war gut so.<\/p>\n<p style=\"text-align: justify;\">Einmal erklang eine Musik, die glich den bisher geh\u00f6rten St\u00fccken, und doch war sie anders: eine sch\u00f6n klingende Stimme sang bekannte St\u00fccke voll Spannung und frischem Schwung \u2013 und die Worte \u2026 \u2013 die Wort&nbsp; \u2026? Die Worte klangen schwedisch?! Ohne beim Tanzen den Inhalt der S\u00e4tze wirklich zu erfassen, war allein schon der Klang der Worte ber\u00fchrend, bewegend \u2013 erhebend. Tangomusik mit schwedischen Worten&nbsp; \u2026 \u2013 entr\u00fcckend!<\/p>\n<p style=\"text-align: justify;\">Von Heini erfuhren wir den Namen des Interpreten mit der bet\u00f6renden Stimme: Rikard Wolff, ein schwedischer S\u00e4nger und Schauspieler, \u2026 In der Folgezeit begegnete er uns immer wieder: als schillernder Motorradfahrer in den \u00c4nglag\u00e5rd-Filmen, in Internet-Videos, in denen er Maria Callas nachahmte oder Preise \u00fcberreicht bekam, und als Heranwachsender und als in Stockholm lebender K\u00fcnstler in seiner Autobiografie \u201eRikitikitavi \u2013 en folkhemsber\u00e4ttelse\u201c oder in der schwedischen Radiosendung \u201eSommar i P1\u201c.<\/p>\n<p style=\"text-align: justify;\"><img loading=\"lazy\" class=\" wp-image-285 aligncenter\" src=\"http:\/\/www.ichtich.de\/wp-content\/uploads\/2016\/07\/Rikard-Wolff-IMG_0870-300x134.jpg\" alt=\"Rikard-Wolff-IMG_0870\" width=\"499\" height=\"223\" srcset=\"https:\/\/www.ichtich.de\/wp-content\/uploads\/2016\/07\/Rikard-Wolff-IMG_0870-300x134.jpg 300w, https:\/\/www.ichtich.de\/wp-content\/uploads\/2016\/07\/Rikard-Wolff-IMG_0870-768x344.jpg 768w, https:\/\/www.ichtich.de\/wp-content\/uploads\/2016\/07\/Rikard-Wolff-IMG_0870-1024x459.jpg 1024w, https:\/\/www.ichtich.de\/wp-content\/uploads\/2016\/07\/Rikard-Wolff-IMG_0870-624x280.jpg 624w, https:\/\/www.ichtich.de\/wp-content\/uploads\/2016\/07\/Rikard-Wolff-IMG_0870.jpg 1225w\" sizes=\"(max-width: 499px) 100vw, 499px\" \/><\/p>\n<p style=\"text-align: justify;\">Heini, die unsere Liebe zu Rikard Wolffs Musik kannte, legte bei ihrer Abschieds-Milonga \u2013 damals schon nicht mehr im Schl\u00fcter, sondern im Lindenkeller \u2013 ein St\u00fcck von Rikard Wolff f\u00fcr uns auf. Und auch heute ist Tangomusik mit dem Klang schwedischer Worte einfach bewegend.<\/p>\n<p style=\"text-align: justify;\">PS:<\/p>\n<p style=\"text-align: justify;\">Rikard Wolffs <a href=\"http:\/\/shop.klicktrack.com\/kkv\/36210\">Tango-CD<\/a><\/p>\n<p>Mehr &#8220;Tango im Norden&#8221; <a href=\"http:\/\/www.ichtich.de\/?p=299\">hier &#8230;<\/a><\/p>\n<p>Sommar &amp; Vinter i P1 : <a href=\"http:\/\/sverigesradio.se\/sida\/avsnitt\/131421?programid=2071\">Rikard Wolff &#8211; Vinter 2012<\/a><\/p>\n<p>Rikard Wolff: \u201e<a href=\"https:\/\/www.youtube.com\/watch?v=wTITAyoobuI\">Ta Min Vals<\/a>\u201c<\/p>\n<p>Eine Mischung aus verschiedenen Puzzleteilen zu Rikard Wolff habe ich <a href=\"https:\/\/www.ichtich.de\/?p=1258#more-1258\">hier<\/a>&nbsp;zusammengestellt.<\/p>\n<p>Foto: Vollmond \u00fcber dem Schl\u00fctercaf\u00e9 in Freising, Juli 2016<\/p>\n","protected":false},"excerpt":{"rendered":"<p>Auch heute noch wird man manchmal von ausw\u00e4rtigen Tangobegeisterten gefragt. \u201eWo kann man in Freising gut Tango tanzen? Gab es da nicht &#8216;mal sch\u00f6ne Milongas im Schl\u00fctercaf\u00e9?\u201c Ja \u2013 die gab es, gibt es heute aber nicht mehr: der Raum war zu eng, der Boden nicht gut \u2013 und vor allem: die aus Finnland stammende [&hellip;]<\/p>\n","protected":false},"author":1,"featured_media":267,"comment_status":"closed","ping_status":"closed","sticky":false,"template":"","format":"standard","meta":[],"categories":[7,15,8],"tags":[34,33,21],"_links":{"self":[{"href":"https:\/\/www.ichtich.de\/index.php?rest_route=\/wp\/v2\/posts\/260"}],"collection":[{"href":"https:\/\/www.ichtich.de\/index.php?rest_route=\/wp\/v2\/posts"}],"about":[{"href":"https:\/\/www.ichtich.de\/index.php?rest_route=\/wp\/v2\/types\/post"}],"author":[{"embeddable":true,"href":"https:\/\/www.ichtich.de\/index.php?rest_route=\/wp\/v2\/users\/1"}],"replies":[{"embeddable":true,"href":"https:\/\/www.ichtich.de\/index.php?rest_route=%2Fwp%2Fv2%2Fcomments&post=260"}],"version-history":[{"count":31,"href":"https:\/\/www.ichtich.de\/index.php?rest_route=\/wp\/v2\/posts\/260\/revisions"}],"predecessor-version":[{"id":1806,"href":"https:\/\/www.ichtich.de\/index.php?rest_route=\/wp\/v2\/posts\/260\/revisions\/1806"}],"wp:featuredmedia":[{"embeddable":true,"href":"https:\/\/www.ichtich.de\/index.php?rest_route=\/wp\/v2\/media\/267"}],"wp:attachment":[{"href":"https:\/\/www.ichtich.de\/index.php?rest_route=%2Fwp%2Fv2%2Fmedia&parent=260"}],"wp:term":[{"taxonomy":"category","embeddable":true,"href":"https:\/\/www.ichtich.de\/index.php?rest_route=%2Fwp%2Fv2%2Fcategories&post=260"},{"taxonomy":"post_tag","embeddable":true,"href":"https:\/\/www.ichtich.de\/index.php?rest_route=%2Fwp%2Fv2%2Ftags&post=260"}],"curies":[{"name":"wp","href":"https:\/\/api.w.org\/{rel}","templated":true}]}}