{"id":2584,"date":"2021-03-02T21:16:06","date_gmt":"2021-03-02T21:16:06","guid":{"rendered":"https:\/\/www.ichtich.de\/?p=2584"},"modified":"2025-05-02T20:25:01","modified_gmt":"2025-05-02T20:25:01","slug":"grosser-hans-gastrosophische-reise-in-das-hamburg-der-kindheit","status":"publish","type":"post","link":"https:\/\/www.ichtich.de\/?p=2584","title":{"rendered":"\u201eGro\u00dfer Hans\u201c \u2013 gastrosophische Reise in das Hamburg der Kindheit"},"content":{"rendered":"\n<p>Beim Zubereiten von schw\u00e4bischem \u201eOfenschlupfer\u201c erz\u00e4hlte mein Liebster immer wieder von einem Gericht aus seiner Jugend, das, wie der Ofenschlupfer, als Resteessen aus trockenen Br\u00f6tchen hergestellt wurde und f\u00fcr dessen Zubereitung man eine besondere Form ben\u00f6tigte. \u201eGro\u00dfer Hans\u201c, so hie\u00df dieses norddeutsche Gericht. Es war sch\u00f6n zu erleben, wie er sich am Geburtstag \u00fcber die Backform freute. Endlich haben wir nun \u201eGro\u00dfen Hans\u201c gekocht und dabei \u00fcber die Erinnerung an Hamburg gesprochen.  <\/p>\n\n\n\n<p><em>Ich erinnere mich &#8230;<\/em><\/p>\n\n\n\n<!--more-->\n\n\n\n<blockquote class=\"wp-block-quote\"><p><em>Ich erinnere mich an die Wohnung meiner Gro\u00dfmutter Gretel. In Hamburg Altona in der Gr\u00fcnebergstra\u00dfe. Als ich noch ein Kind war, vielleicht seitdem ich zw\u00f6lf Jahre alt war, fuhr ich in den Sommerferien immer wieder allein von Konstanz mit dem Zug nach Hamburg. Ein Abenteuer, ich f\u00fchlte mich schon gro\u00df \u2026<\/em><\/p><p>Ich erinnere mich an das Essen und das Kochen in der K\u00fcche (und auch an den ersten Gin Fizz, von dem meine Oma mich probieren lie\u00df \u2013 aber das ist eine andere Geschichte).<\/p><p>Ich erinnere mich besonders an eine der Mahlzeiten: Gro\u00dfer Hans. Ein Brotpudding, praktische Resteverwertung und zugleich ein sehr verf\u00fchrerisches Essen, immer mit Backobstkompott (von dem ich am liebsten die Birnen hatte) und immer gekocht in der alten, angegrauten, etwas verbeulten Form mit dem Deckel, der sich so schlecht schlie\u00dfen und \u00f6ffnen lie\u00df.<\/p><p>W\u00e4hrend der Geruch des k\u00f6chelnden Kompotts sich in der K\u00fcche ausbreitete, kochte der Gro\u00dfe Hans klappernd in seiner Form im Wasserbad. Das \u00d6ffnen der Form war ein magisches Ritual \u2013 und die Freude gro\u00df, wenn der Gro\u00dfe Hans (jedesmal gelungen) pr\u00e4chtig und unversehrt auf dem Servierteller stand.<\/p><p>Verlockend, beinahe zu schade zum Anschneiden \u2013 nur beinahe \u2026<\/p><p>Ich erinnere mich an den Geschmack von Gro\u00dfem Hans mit Backobstkompott. Und daran wie wir am K\u00fcchentisch sa\u00dfen und zusammen gegessen haben. <\/p><\/blockquote>\n\n\n\n<p>Die Idee ist klar: alte Br\u00f6tchen, Milch, Eier, D\u00f6rrobst, die Form ins Wasserbad &#8230; Doch mit welchem Rezept wollen wir die neue Backform einweihen? Mehrere Kochb\u00fccher wurden nach dem Eintrag \u201eGro\u00dfer Hans\u201c durchsucht und schlie\u00dflich die Seite <a href=\"https:\/\/kuechenlatein.com\/grosser-hans-mit-fruchtsauce-und-kasseler\/\">kuechenlatein <\/a>gefunden, an deren Rezept wir uns orientiert haben.  <\/p>\n\n\n\n<figure class=\"wp-block-image size-large\"><img loading=\"lazy\" width=\"1024\" height=\"1024\" src=\"https:\/\/www.ichtich.de\/wp-content\/uploads\/2021\/03\/IMG_6544-1024x1024.jpg\" alt=\"\" class=\"wp-image-2585\" srcset=\"https:\/\/www.ichtich.de\/wp-content\/uploads\/2021\/03\/IMG_6544-1024x1024.jpg 1024w, https:\/\/www.ichtich.de\/wp-content\/uploads\/2021\/03\/IMG_6544-300x300.jpg 300w, https:\/\/www.ichtich.de\/wp-content\/uploads\/2021\/03\/IMG_6544-150x150.jpg 150w, https:\/\/www.ichtich.de\/wp-content\/uploads\/2021\/03\/IMG_6544-768x768.jpg 768w, https:\/\/www.ichtich.de\/wp-content\/uploads\/2021\/03\/IMG_6544-624x624.jpg 624w, https:\/\/www.ichtich.de\/wp-content\/uploads\/2021\/03\/IMG_6544-rotated.jpg 1512w\" sizes=\"(max-width: 1024px) 100vw, 1024px\" \/><\/figure>\n\n\n\n<figure class=\"wp-block-image size-large\"><img loading=\"lazy\" width=\"1024\" height=\"1024\" src=\"https:\/\/www.ichtich.de\/wp-content\/uploads\/2021\/03\/IMG_6562-1024x1024.jpg\" alt=\"\" class=\"wp-image-2586\" srcset=\"https:\/\/www.ichtich.de\/wp-content\/uploads\/2021\/03\/IMG_6562-1024x1024.jpg 1024w, https:\/\/www.ichtich.de\/wp-content\/uploads\/2021\/03\/IMG_6562-300x300.jpg 300w, https:\/\/www.ichtich.de\/wp-content\/uploads\/2021\/03\/IMG_6562-150x150.jpg 150w, https:\/\/www.ichtich.de\/wp-content\/uploads\/2021\/03\/IMG_6562-768x768.jpg 768w, https:\/\/www.ichtich.de\/wp-content\/uploads\/2021\/03\/IMG_6562-624x624.jpg 624w, https:\/\/www.ichtich.de\/wp-content\/uploads\/2021\/03\/IMG_6562-rotated.jpg 1512w\" sizes=\"(max-width: 1024px) 100vw, 1024px\" \/><\/figure>\n\n\n\n<figure class=\"wp-block-image size-large\"><img loading=\"lazy\" width=\"1024\" height=\"1024\" src=\"https:\/\/www.ichtich.de\/wp-content\/uploads\/2021\/03\/IMG_6569-1024x1024.jpg\" alt=\"\" class=\"wp-image-2588\" srcset=\"https:\/\/www.ichtich.de\/wp-content\/uploads\/2021\/03\/IMG_6569-1024x1024.jpg 1024w, https:\/\/www.ichtich.de\/wp-content\/uploads\/2021\/03\/IMG_6569-300x300.jpg 300w, https:\/\/www.ichtich.de\/wp-content\/uploads\/2021\/03\/IMG_6569-150x150.jpg 150w, https:\/\/www.ichtich.de\/wp-content\/uploads\/2021\/03\/IMG_6569-768x768.jpg 768w, https:\/\/www.ichtich.de\/wp-content\/uploads\/2021\/03\/IMG_6569-624x624.jpg 624w, https:\/\/www.ichtich.de\/wp-content\/uploads\/2021\/03\/IMG_6569-rotated.jpg 1512w\" sizes=\"(max-width: 1024px) 100vw, 1024px\" \/><\/figure>\n\n\n\n<figure class=\"wp-block-image size-large\"><img loading=\"lazy\" width=\"1024\" height=\"1024\" src=\"https:\/\/www.ichtich.de\/wp-content\/uploads\/2021\/03\/IMG_6576-1024x1024.jpg\" alt=\"\" class=\"wp-image-2590\" srcset=\"https:\/\/www.ichtich.de\/wp-content\/uploads\/2021\/03\/IMG_6576-1024x1024.jpg 1024w, https:\/\/www.ichtich.de\/wp-content\/uploads\/2021\/03\/IMG_6576-300x300.jpg 300w, https:\/\/www.ichtich.de\/wp-content\/uploads\/2021\/03\/IMG_6576-150x150.jpg 150w, https:\/\/www.ichtich.de\/wp-content\/uploads\/2021\/03\/IMG_6576-768x768.jpg 768w, https:\/\/www.ichtich.de\/wp-content\/uploads\/2021\/03\/IMG_6576-624x624.jpg 624w, https:\/\/www.ichtich.de\/wp-content\/uploads\/2021\/03\/IMG_6576-rotated.jpg 1512w\" sizes=\"(max-width: 1024px) 100vw, 1024px\" \/><\/figure>\n\n\n\n<p>F\u00fcr Erwachsene gab es diesmal noch gebratenes Kassler als rezente Erg\u00e4nzung  dazu &#8230; <\/p>\n\n\n\n<p>Gro\u00dfer Dank an Frau Grimm von <a href=\"https:\/\/www.mein-grimm.de\/kontakt\/freising\/kontaktformular.html\">Mein Grimm<\/a>, \u00fcber die wir die Form trotz Lockdown per Click &amp; Collect bekommen haben! <\/p>\n\n\n\n<p>Vorsicht: Wer das Musical \u201eFreudiana\u201c von Eric Woolfson und Alan Parsons kennt, bekommt beim \u201eGro\u00dfer Hans\u201c-Backen leicht einen Ohrwurm: \u201e<a href=\"https:\/\/www.youtube.com\/watch?v=2bgSuPskqao&amp;t=187s\">Kleiner Hans, kleiner Hans , &#8230;<\/a>\u201c<\/p>\n\n\n\n<p><strong>Unser Rezept-Idee<\/strong><\/p>\n\n\n\n<p><strong>Zutaten<\/strong><\/p>\n\n\n\n<ul><li>ca. 300g altbackene Br\u00f6tchen, gew\u00fcrfelt<\/li><li>ca. 500 ml Milch<\/li><li>4 Eier<\/li><li>60 g Weichweizengrie\u00df<\/li><li>60 g Butter, fl\u00fcssig<\/li><li>50 g Zucker<\/li><li>1 Prise Salz<\/li><li>abgeriebene Schale von 1\/2 Zitrone<\/li><li>1\/4 TL Kardamom, im M\u00f6rser fein zersto\u00dfen<\/li><li>50 g Rosinen<\/li><\/ul>\n\n\n\n<p><strong>Zubereitung<\/strong><\/p>\n\n\n\n<ul><li>Br\u00f6tchenw\u00fcrfel mit lauwarmer Milch \u00fcbergie\u00dfen. <\/li><li>Butter und Zucker schaumig r\u00fchren, Salz, Zitronenabrieb und Gew\u00fcrze zuf\u00fcgen.<\/li><li>Eier nach und nach unterr\u00fchren, danach den Grie\u00df dazugeben. <\/li><li>Eingeweichte Br\u00f6tchenw\u00fcrfel zu der Butter-Eier-Masse geben und vorsichtig vermischen.<\/li><li>Backform mit Butter ausfetten und mit etwas Grie\u00df ausstreuen.<\/li><li>Die Butter-Eier-Br\u00f6tchen-Masse in die Wasserbadform f\u00fcllen und die Form verschlie\u00dfen.<\/li><li>Im Topf ca. 1-1,5 Stunden k\u00f6cheln lassen.<\/li><li>Den Gro\u00dfen Hans auf eine Platte st\u00fcrzen und mit Fruchtsauce und Kasseler servieren.<\/li><\/ul>\n\n\n\n<p><\/p>\n","protected":false},"excerpt":{"rendered":"<p>Beim Zubereiten von schw\u00e4bischem \u201eOfenschlupfer\u201c erz\u00e4hlte mein Liebster immer wieder von einem Gericht aus seiner Jugend, das, wie der Ofenschlupfer, als Resteessen aus trockenen Br\u00f6tchen hergestellt wurde und f\u00fcr dessen Zubereitung man eine besondere Form ben\u00f6tigte. \u201eGro\u00dfer Hans\u201c, so hie\u00df dieses norddeutsche Gericht. Es war sch\u00f6n zu erleben, wie er sich am Geburtstag \u00fcber die [&hellip;]<\/p>\n","protected":false},"author":1,"featured_media":2591,"comment_status":"closed","ping_status":"closed","sticky":false,"template":"","format":"standard","meta":[],"categories":[16,67,11,7,19],"tags":[70,68,69,30],"_links":{"self":[{"href":"https:\/\/www.ichtich.de\/index.php?rest_route=\/wp\/v2\/posts\/2584"}],"collection":[{"href":"https:\/\/www.ichtich.de\/index.php?rest_route=\/wp\/v2\/posts"}],"about":[{"href":"https:\/\/www.ichtich.de\/index.php?rest_route=\/wp\/v2\/types\/post"}],"author":[{"embeddable":true,"href":"https:\/\/www.ichtich.de\/index.php?rest_route=\/wp\/v2\/users\/1"}],"replies":[{"embeddable":true,"href":"https:\/\/www.ichtich.de\/index.php?rest_route=%2Fwp%2Fv2%2Fcomments&post=2584"}],"version-history":[{"count":9,"href":"https:\/\/www.ichtich.de\/index.php?rest_route=\/wp\/v2\/posts\/2584\/revisions"}],"predecessor-version":[{"id":2876,"href":"https:\/\/www.ichtich.de\/index.php?rest_route=\/wp\/v2\/posts\/2584\/revisions\/2876"}],"wp:featuredmedia":[{"embeddable":true,"href":"https:\/\/www.ichtich.de\/index.php?rest_route=\/wp\/v2\/media\/2591"}],"wp:attachment":[{"href":"https:\/\/www.ichtich.de\/index.php?rest_route=%2Fwp%2Fv2%2Fmedia&parent=2584"}],"wp:term":[{"taxonomy":"category","embeddable":true,"href":"https:\/\/www.ichtich.de\/index.php?rest_route=%2Fwp%2Fv2%2Fcategories&post=2584"},{"taxonomy":"post_tag","embeddable":true,"href":"https:\/\/www.ichtich.de\/index.php?rest_route=%2Fwp%2Fv2%2Ftags&post=2584"}],"curies":[{"name":"wp","href":"https:\/\/api.w.org\/{rel}","templated":true}]}}