{"id":2436,"date":"2021-01-08T13:01:38","date_gmt":"2021-01-08T13:01:38","guid":{"rendered":"https:\/\/www.ichtich.de\/?p=2436"},"modified":"2025-05-02T20:25:47","modified_gmt":"2025-05-02T20:25:47","slug":"sternsinger-2021-2","status":"publish","type":"post","link":"https:\/\/www.ichtich.de\/?p=2436","title":{"rendered":"Sternsinger 2021"},"content":{"rendered":"\n<p>Wir haben sie am 6. Januar vermisst: die Sternsinger an unsere T\u00fcr. Doch schlie\u00dflich wurden wir auch in diesem Jahr besucht, wenn auch auf andere Weise: Im Briefkasten fanden wir am Morgen von der katholischen Pfarrgemeinde einen Flyer der <a href=\"https:\/\/www.sternsinger.de\/\">Sternsingeraktion<\/a>, dazu einen Aufkleber mit der Aufschrift <em>20*C+M+B+21<\/em>. <\/p>\n\n\n\n<!--more-->\n\n\n\n<div class=\"wp-block-image\"><figure class=\"aligncenter size-medium\"><img loading=\"lazy\" width=\"300\" height=\"225\" src=\"https:\/\/www.ichtich.de\/wp-content\/uploads\/2021\/01\/IMG_5179-300x225.jpg\" alt=\"\" class=\"wp-image-2437\" srcset=\"https:\/\/www.ichtich.de\/wp-content\/uploads\/2021\/01\/IMG_5179-300x225.jpg 300w, https:\/\/www.ichtich.de\/wp-content\/uploads\/2021\/01\/IMG_5179-1024x768.jpg 1024w, https:\/\/www.ichtich.de\/wp-content\/uploads\/2021\/01\/IMG_5179-768x576.jpg 768w, https:\/\/www.ichtich.de\/wp-content\/uploads\/2021\/01\/IMG_5179-1536x1152.jpg 1536w, https:\/\/www.ichtich.de\/wp-content\/uploads\/2021\/01\/IMG_5179-2048x1536.jpg 2048w, https:\/\/www.ichtich.de\/wp-content\/uploads\/2021\/01\/IMG_5179-624x468.jpg 624w\" sizes=\"(max-width: 300px) 100vw, 300px\" \/><\/figure><\/div>\n\n\n\n<p>Gerne haben wir die Anschrift des vorausgehenden Jahres entfernt und den neuen Text angebracht: <em>20*C+M+B+21<\/em> \u2013 <em>Christus Mansionem Benedicat<\/em>. <\/p>\n\n\n\n<p>Dabei erinnerten wir uns an die bisherigen Besuche, an das Rasseln der Opferb\u00fcchse, an die Anschrift f\u00fcr das neue Jahr und an das Lied der Sternsinger:<\/p>\n\n\n\n<p class=\"has-text-align-left\"><em>Die heiligen drei K\u00f6nige mit ihrigem Stern,<br>die kemman grad ganga, ihr Fraua und Herr&#8217;n.<br>Der Stern hat eana den rechten Weg geb&#8217;n,<br>Mir w\u00fcnsch ma euch G&#8217;sundheit a recht a langs Leb&#8217;n.<\/em><\/p>\n\n\n\n<p><em>Die heiligen drei K\u00f6nige mit ihrigem Stern,<br>die bringen dem Kindl des Opfer so gern.<br>Gebts a was dazua, macht euch selber a Freid,<br>mir miass ma jetz weida, da Weg is no weid.<\/em><\/p>\n\n\n\n<div class=\"wp-block-image\"><figure class=\"alignleft size-medium\"><img loading=\"lazy\" width=\"300\" height=\"173\" src=\"https:\/\/www.ichtich.de\/wp-content\/uploads\/2021\/01\/Sternsinger-1-300x173.jpg\" alt=\"\" class=\"wp-image-2427\" srcset=\"https:\/\/www.ichtich.de\/wp-content\/uploads\/2021\/01\/Sternsinger-1-300x173.jpg 300w, https:\/\/www.ichtich.de\/wp-content\/uploads\/2021\/01\/Sternsinger-1.jpg 614w\" sizes=\"(max-width: 300px) 100vw, 300px\" \/><\/figure><\/div>\n\n\n\n<div class=\"wp-block-image\"><figure class=\"aligncenter size-medium is-resized\"><img src=\"https:\/\/www.ichtich.de\/wp-content\/uploads\/2021\/01\/Sternsinger-2-300x183.jpg\" alt=\"\" class=\"wp-image-2428\" width=\"300\" srcset=\"https:\/\/www.ichtich.de\/wp-content\/uploads\/2021\/01\/Sternsinger-2-300x183.jpg 300w, https:\/\/www.ichtich.de\/wp-content\/uploads\/2021\/01\/Sternsinger-2.jpg 569w\" sizes=\"(max-width: 300px) 100vw, 300px\" \/><\/figure><\/div>\n\n\n\n<p class=\"has-text-align-left\"><em>Jetzt sang ma Vergelt&#8217;s Gott, ihr habts uns was geb&#8217;n.<br>A Schatz is des f\u00fcr euch im ewigen Leb&#8217;n.<br>Mir w\u00fcnsch ma euch no a recht a guats Jahr,<br>da Caspar, da Melchior, da Balthasar.<\/em><\/p>\n\n\n\n<p>Der hier notierte Liedtext wurde von mir aus der Erinnerung an die Besuche in den zur\u00fcckliegenden Jahren aufgeschrieben. Das im Internet gefundene Lied aus Th\u00fcringen mit dem Titel \u201eDie heil&#8217;gen drei K\u00f6nig&#8217; \u2026\u201c, <a href=\"https:\/\/www.sternsinger.de\/sternsingen\/sternsinger-lieder\/#c6650\">z. B. bei Sternsinger.de<\/a>, entspricht nicht der Version, die wir im Freisinger Ortsteil V\u00f6tting immer vorgesungen bekommen hatten. Hier die bei uns gespielte Melodie:<\/p>\n\n\n\n<figure class=\"wp-block-embed-wordpress wp-block-embed is-type-wp-embed is-provider-ichtich\"><div class=\"wp-block-embed__wrapper\">\n<blockquote class=\"wp-embedded-content\" data-secret=\"lSij8jEoKh\"><a href=\"https:\/\/www.ichtich.de\/?attachment_id=2441\">Sternsinger<\/a><\/blockquote><iframe class=\"wp-embedded-content\" sandbox=\"allow-scripts\" security=\"restricted\" style=\"position: absolute; clip: rect(1px, 1px, 1px, 1px);\" title=\"&#8222;Sternsinger&#8220; &#8212; ichtich\" src=\"https:\/\/www.ichtich.de\/?attachment_id=2441&#038;embed=true#?secret=7cAA8ACP3v#?secret=lSij8jEoKh\" data-secret=\"lSij8jEoKh\" width=\"600\" height=\"338\" frameborder=\"0\" marginwidth=\"0\" marginheight=\"0\" scrolling=\"no\"><\/iframe>\n<\/div><\/figure>\n\n\n\n<p>Hinweis: Ein Text \u00fcber das diesj\u00e4hrige Dreik\u00f6nigssingen in Freising findet man in der <a href=\"https:\/\/www.sueddeutsche.de\/muenchen\/freising\/freising-corona-sternsinger-dreikoenigssingen-c-m-b-1.5142640\">S\u00fcddeutschen Zeitung vom 9. Dezember 2020<\/a>, dazu ein R\u00fcckblick von Bernd Feiler auf die Geschichte des Freisinger Dreik\u00f6nigssingens in der <a href=\"https:\/\/www.sueddeutsche.de\/muenchen\/freising\/dreikoenigssingen-ain-ibls-gesang-1.4744956\">S\u00fcddeutschen Zeitung vom 3. Januar 2020<\/a>. <\/p>\n","protected":false},"excerpt":{"rendered":"<p>Wir haben sie am 6. Januar vermisst: die Sternsinger an unsere T\u00fcr. Doch schlie\u00dflich wurden wir auch in diesem Jahr besucht, wenn auch auf andere Weise: Im Briefkasten fanden wir am Morgen von der katholischen Pfarrgemeinde einen Flyer der Sternsingeraktion, dazu einen Aufkleber mit der Aufschrift 20*C+M+B+21.<\/p>\n","protected":false},"author":1,"featured_media":2443,"comment_status":"closed","ping_status":"closed","sticky":false,"template":"","format":"standard","meta":[],"categories":[16,15,17],"tags":[63,37,64],"_links":{"self":[{"href":"https:\/\/www.ichtich.de\/index.php?rest_route=\/wp\/v2\/posts\/2436"}],"collection":[{"href":"https:\/\/www.ichtich.de\/index.php?rest_route=\/wp\/v2\/posts"}],"about":[{"href":"https:\/\/www.ichtich.de\/index.php?rest_route=\/wp\/v2\/types\/post"}],"author":[{"embeddable":true,"href":"https:\/\/www.ichtich.de\/index.php?rest_route=\/wp\/v2\/users\/1"}],"replies":[{"embeddable":true,"href":"https:\/\/www.ichtich.de\/index.php?rest_route=%2Fwp%2Fv2%2Fcomments&post=2436"}],"version-history":[{"count":8,"href":"https:\/\/www.ichtich.de\/index.php?rest_route=\/wp\/v2\/posts\/2436\/revisions"}],"predecessor-version":[{"id":3453,"href":"https:\/\/www.ichtich.de\/index.php?rest_route=\/wp\/v2\/posts\/2436\/revisions\/3453"}],"wp:featuredmedia":[{"embeddable":true,"href":"https:\/\/www.ichtich.de\/index.php?rest_route=\/wp\/v2\/media\/2443"}],"wp:attachment":[{"href":"https:\/\/www.ichtich.de\/index.php?rest_route=%2Fwp%2Fv2%2Fmedia&parent=2436"}],"wp:term":[{"taxonomy":"category","embeddable":true,"href":"https:\/\/www.ichtich.de\/index.php?rest_route=%2Fwp%2Fv2%2Fcategories&post=2436"},{"taxonomy":"post_tag","embeddable":true,"href":"https:\/\/www.ichtich.de\/index.php?rest_route=%2Fwp%2Fv2%2Ftags&post=2436"}],"curies":[{"name":"wp","href":"https:\/\/api.w.org\/{rel}","templated":true}]}}