{"id":2369,"date":"2020-12-18T20:56:38","date_gmt":"2020-12-18T20:56:38","guid":{"rendered":"https:\/\/www.ichtich.de\/?p=2369"},"modified":"2025-05-02T20:25:58","modified_gmt":"2025-05-02T20:25:58","slug":"mein-gotland-oder-ein-sehr-grosses-konzert","status":"publish","type":"post","link":"https:\/\/www.ichtich.de\/?p=2369","title":{"rendered":"Mein Gotland oder: Ein sehr gro\u00dfes Konzert"},"content":{"rendered":"\n<p>Ich habe mir ein Reisebuch gekauft, in dieser Zeit, in der reisen unm\u00f6glich erscheint. Und dann ausgerechnet ein Buch \u00fcber Gotland, gut 2000 km von meinem Zughause?! Das Buch lag so verlockend im Buchladen \u2013 unerwartet, ungeplant, ohne vorherige Empfehlung: \u201e<a href=\"https:\/\/www.mare.de\/mein-gotland-8623\">Mein Gotland \u2013 Erz\u00e4hlungen von Wind, Zeit und Einsamkeit<\/a>\u201c von <a href=\"https:\/\/www.anne-von-canal.de\/b%C3%BCcher\/mein-gotland\/\">Anne von Canal<\/a>, im Hamburger mareverlag gerade erschienen. Nat\u00fcrlich hat mich der Titel gelockt, aber auch die Aufmachung: klein und angenehm in der Hand liegend, auf dem Umschlag sch\u00f6n gezeichnete Versteinerungen und mit einem Leseb\u00e4ndchen versehen. <\/p>\n\n\n\n<!--more-->\n\n\n\n<p>An einem kalten Abend im November beginne ich zu lesen, erwartungsvoll und doch schnell irritiert beim Lesen der ersten Seiten. Anne von Canals Gotland ist eine Winterinsel \u2013 mein Gotland, unser Gotland dagegen eine Sommerinsel. Die Vermischung zwischen Anne von Canals Gegenwart und Vergangenheit, zwischen Erlebtem und Erdachtem verwirrt zun\u00e4chst, bis ich mich einlese und die Wechsel erkennen: hier erz\u00e4hlt die Autorin von Selbst-Erlebtem auf Gotland, dort schildert sie ein fr\u00fcheres Erlebnis, hier wiederum lauscht man einem Gespr\u00e4ch, wie es in der Vorstellung der Autorin stattgefunden hat.<\/p>\n\n\n\n<blockquote class=\"wp-block-quote is-style-default\"><p>\u201eNach Gotland reise ich mit leichtem Gep\u00e4ck. [\u2026] <br>Ich werde eine Insel. <br>Ein Grenzland zwischen Fiktion und Wirklichkeit, wie so viele Inseln vor mir.\u201c<\/p><cite>Anne von Canal, Mein Gotland, 2020, S. 32<\/cite><\/blockquote>\n\n\n\n<p>In Kapitel 3, ab S. 33, wird aus der Winterinsel des Buches die mir bekannte Sommerinsel vom August 2015: Bei der Schilderung der Fahrt mit der Autof\u00e4hre auf die kleinere Insel F\u00e5r\u00f6 erinnere ich mich an unsere \u00dcberfahrt, ich sehe unsere Ankunft auf der Insel und fahre mit Anne von Canal \u00fcber die Insel: \u201eeinmal so herum und einmal entgegengesetzt\u201c.<\/p>\n\n\n\n<figure class=\"wp-block-image size-large\"><img loading=\"lazy\" width=\"1024\" height=\"768\" src=\"https:\/\/www.ichtich.de\/wp-content\/uploads\/2020\/12\/F\u00e4hre-Far\u00f6-1024x768.jpg\" alt=\"\" class=\"wp-image-2379\" srcset=\"https:\/\/www.ichtich.de\/wp-content\/uploads\/2020\/12\/F\u00e4hre-Far\u00f6-1024x768.jpg 1024w, https:\/\/www.ichtich.de\/wp-content\/uploads\/2020\/12\/F\u00e4hre-Far\u00f6-300x225.jpg 300w, https:\/\/www.ichtich.de\/wp-content\/uploads\/2020\/12\/F\u00e4hre-Far\u00f6-768x576.jpg 768w, https:\/\/www.ichtich.de\/wp-content\/uploads\/2020\/12\/F\u00e4hre-Far\u00f6-1536x1152.jpg 1536w, https:\/\/www.ichtich.de\/wp-content\/uploads\/2020\/12\/F\u00e4hre-Far\u00f6-2048x1536.jpg 2048w, https:\/\/www.ichtich.de\/wp-content\/uploads\/2020\/12\/F\u00e4hre-Far\u00f6-624x468.jpg 624w\" sizes=\"(max-width: 1024px) 100vw, 1024px\" \/><\/figure>\n\n\n\n<p>Beim Lesen der Beschreibung von \u201eKutens Bensin\u201c, wo Anne von Canal an einem kalten Winterabend ankommt, sehe ich den Hof mit dem Autowrack vor mir, hell in kr\u00e4ftigen Farben und sommerwarm. Auf einem handgemalten Schild lese ich: \u201eLaterna Magica \u2013 Bokhandel\u201c und \u201ePrix Nobel de Litteratur Bob Dylan\u201c \u2013 Vorhersage der im Herbst 2016 erfolgten <a href=\"https:\/\/www.nobelprize.org\/prizes\/literature\/2016\/dylan\/facts\/\">Preisverleihung an Bob Dylan<\/a>.<\/p>\n\n\n\n<blockquote class=\"wp-block-quote\"><p>\u201eDies ist ein guter Ort, um verloren zu sein. Vielleicht der beste.\u201c<\/p><cite>Anne von Canal, Mein Gotland, 2020, S. 45<\/cite><\/blockquote>\n\n\n\n<div class=\"wp-container-1 wp-block-group\"><div class=\"wp-block-group__inner-container\">\n<figure class=\"wp-block-image size-large\"><img loading=\"lazy\" width=\"1024\" height=\"638\" src=\"https:\/\/www.ichtich.de\/wp-content\/uploads\/2020\/12\/SchwedenWrack-1024x638.jpg\" alt=\"\" class=\"wp-image-2391\" srcset=\"https:\/\/www.ichtich.de\/wp-content\/uploads\/2020\/12\/SchwedenWrack-1024x638.jpg 1024w, https:\/\/www.ichtich.de\/wp-content\/uploads\/2020\/12\/SchwedenWrack-300x187.jpg 300w, https:\/\/www.ichtich.de\/wp-content\/uploads\/2020\/12\/SchwedenWrack-768x478.jpg 768w, https:\/\/www.ichtich.de\/wp-content\/uploads\/2020\/12\/SchwedenWrack-1536x957.jpg 1536w, https:\/\/www.ichtich.de\/wp-content\/uploads\/2020\/12\/SchwedenWrack-2048x1275.jpg 2048w, https:\/\/www.ichtich.de\/wp-content\/uploads\/2020\/12\/SchwedenWrack-624x389.jpg 624w\" sizes=\"(max-width: 1024px) 100vw, 1024px\" \/><\/figure>\n<\/div><\/div>\n\n\n\n<figure class=\"wp-block-image size-large\"><img loading=\"lazy\" width=\"1024\" height=\"768\" src=\"https:\/\/www.ichtich.de\/wp-content\/uploads\/2020\/12\/IMG_7912-1-1024x768.jpg\" alt=\"\" class=\"wp-image-2381\" srcset=\"https:\/\/www.ichtich.de\/wp-content\/uploads\/2020\/12\/IMG_7912-1-1024x768.jpg 1024w, https:\/\/www.ichtich.de\/wp-content\/uploads\/2020\/12\/IMG_7912-1-300x225.jpg 300w, https:\/\/www.ichtich.de\/wp-content\/uploads\/2020\/12\/IMG_7912-1-768x576.jpg 768w, https:\/\/www.ichtich.de\/wp-content\/uploads\/2020\/12\/IMG_7912-1-1536x1152.jpg 1536w, https:\/\/www.ichtich.de\/wp-content\/uploads\/2020\/12\/IMG_7912-1-2048x1536.jpg 2048w, https:\/\/www.ichtich.de\/wp-content\/uploads\/2020\/12\/IMG_7912-1-624x468.jpg 624w\" sizes=\"(max-width: 1024px) 100vw, 1024px\" \/><\/figure>\n\n\n\n<figure class=\"wp-block-image size-large\"><img loading=\"lazy\" width=\"1024\" height=\"732\" src=\"https:\/\/www.ichtich.de\/wp-content\/uploads\/2020\/12\/Dylan-Ausschnitt-2-1024x732.jpg\" alt=\"\" class=\"wp-image-2393\" srcset=\"https:\/\/www.ichtich.de\/wp-content\/uploads\/2020\/12\/Dylan-Ausschnitt-2-1024x732.jpg 1024w, https:\/\/www.ichtich.de\/wp-content\/uploads\/2020\/12\/Dylan-Ausschnitt-2-300x214.jpg 300w, https:\/\/www.ichtich.de\/wp-content\/uploads\/2020\/12\/Dylan-Ausschnitt-2-768x549.jpg 768w, https:\/\/www.ichtich.de\/wp-content\/uploads\/2020\/12\/Dylan-Ausschnitt-2-624x446.jpg 624w, https:\/\/www.ichtich.de\/wp-content\/uploads\/2020\/12\/Dylan-Ausschnitt-2.jpg 1205w\" sizes=\"(max-width: 1024px) 100vw, 1024px\" \/><\/figure>\n\n\n\n<figure class=\"wp-block-image size-large\"><img loading=\"lazy\" width=\"1024\" height=\"768\" src=\"https:\/\/www.ichtich.de\/wp-content\/uploads\/2020\/12\/Gute_Glass-1024x768.jpg\" alt=\"\" class=\"wp-image-2385\" srcset=\"https:\/\/www.ichtich.de\/wp-content\/uploads\/2020\/12\/Gute_Glass-1024x768.jpg 1024w, https:\/\/www.ichtich.de\/wp-content\/uploads\/2020\/12\/Gute_Glass-300x225.jpg 300w, https:\/\/www.ichtich.de\/wp-content\/uploads\/2020\/12\/Gute_Glass-768x576.jpg 768w, https:\/\/www.ichtich.de\/wp-content\/uploads\/2020\/12\/Gute_Glass-1536x1152.jpg 1536w, https:\/\/www.ichtich.de\/wp-content\/uploads\/2020\/12\/Gute_Glass-2048x1536.jpg 2048w, https:\/\/www.ichtich.de\/wp-content\/uploads\/2020\/12\/Gute_Glass-624x468.jpg 624w\" sizes=\"(max-width: 1024px) 100vw, 1024px\" \/><\/figure>\n\n\n\n<p>Das Buch mit seinen Geschichten und den Anmerkungen und Literaturangaben auf seinen letzten Seiten enth\u00e4lt viele weitere Entdeckungen und Begegnungen, u. a. mit Regiss\u00f6ren Ingmar Bergman, dem Jungen Mats in Norrgats Konditorei, den Internieretn in Lager Lingen, der Liebe in Fridhem, der Weinbau in Hablingbo, &#8230;  Am st\u00e4rksten hat mich aber das letzte Kapitel ber\u00fchrt. <\/p>\n\n\n\n<p>In Kapitel 10, auf den letzten zehn Seiten des Buches macht Anne von Canal dem Lesenden bzw. dem Vorlesenden und dem Zuh\u00f6renden ein besonderes Geschenk: Sie berichtet, wie aus der Spinnerei eines Einzelnen, des Ethnologen und Musikers Owe Ronstr\u00f6m, ein gro\u00dfes, ja sogar: ein ziemlich gro\u00dfes Konzert wurde: \u201e<a href=\"https:\/\/sverigesradio.se\/artikel\/5458851\">Klockrent &#8211; en Mycket Stor Konsert<\/a>\u201c, \u201eGlockenrein \u2013 ein sehr gro\u00dfes Konzert\u201c, eine <a href=\"https:\/\/static-cdn.sr.se\/images\/94\/2729699_1200_675.jpg?preset=1200x675\">Komposition f\u00fcr 200 Glocken<\/a>, live und direkt \u00fcbertragen aus den Kirchen Gotlands im Juni 2013.<\/p>\n\n\n\n<p>Anne von Canal beschreibt den Ablauf dieses Konzerts, bei dem 200 Glocken der \u00fcber die ganze Insel verstreuten Kirchen Gotlands nach einem exakt ausget\u00fcftelten Plan zu schlagen anfangen und der Klang dieser Glocken an das schwedische Radio per Handy \u00fcbertragen wird und von dort gesendet wird. Nein, die Glocken schlagen nicht alle gleichzeitig zusammen, sondern nach einem genauen Plan, wann welche Glocke an der Reihe ist und mit anderen zusammenklingen soll, bis schlie\u00dflich zum Konzertabschluss im Tutti die Glocken Gotlands ein gewaltiges Instrument bilden und zusammen zu h\u00f6ren sind.<\/p>\n\n\n\n<blockquote class=\"wp-block-quote\"><p>Die Glocke von H\u00f6rnse macht den Anfang [\u2026] ein Weckruf. Sechs einsame Schl\u00e4ge, klar und sauber. \u2026. <br>Nach zwanzig Sekunden \u00fcbernimmt kaum acht Kilometer n\u00f6rdlich das Team in der bizarr geformten Kirche von K\u00e4llungen [\u2026] L\u00e4uten, sende. Es klappt. <br>Und jetzt betritt Kr\u00e4klingbos Glocke z\u00f6gernd die B\u00fchne und stimmt, ein wenig eingesch\u00fcchtert von der schieren Gr\u00f6\u00dfe, vorsichtig ihren Ton an. [\u2026] Dann beginnt die Glocke zu erz\u00e4hlen, [\u2026] von einem wie Hans-Erik zum Beispiel, der [\u2026] gerade das Handy h\u00e4lt und vor der Kirche steht, in der er getauft, konfirmiert und mit rosa Blume im Knopfloch verheiratet wurde, der den Ton seiner Glocke aufnimmt, die vermutlich auch schon seine Eltern und Gro\u00dfeltern durchs Leben begleitet hat; [\u2026]<\/p><cite>Anne von Canal, Mein Gotland, 2020, S. 129-131<\/cite><\/blockquote>\n\n\n\n<p>Zum Klang der Glocke von <a href=\"https:\/\/www.guteinfo.com\/index.asp?id=181\">Ganthem <\/a>zitiert Anne von Canal die bekannte Meditation XVII, \u201eNo Man Is an Island\u201c, von John Donne (1572-1631):<\/p>\n\n\n\n<blockquote class=\"wp-block-quote\"><p>\u201eNo man is an island, entire of itself; \u2026 ; <br>any man\u2019s death diminishes me, because I am involved in mankind, <br>and therefore never send to know for whom the bell tolls; it tolls for thee.\u201d<\/p><cite>Anne von Canal, Mein Gotland, 2020, S. 134\/135<\/cite><\/blockquote>\n\n\n\n<p>Der Glockenklang verbindet uns, auf Gotland im Juni 2013 und im Sommer 2015, aber auch heute: \u201eit tolls for thee\u201c, bei Taufe, Trauung und Beerdigung, er begleitet uns am Morgen, am Mittag und am Abend, \u201ewenn zur Ruh die Glocken l\u00e4uten\u201c, am Werktag und am Feiertag, Zuhause und auf Reisen, in frohen und in traurigen Stunden. Das Gef\u00fchl des Miteinander-Verbundenseins trotz Abstandhaltens ohne direkten Kontakt tr\u00f6stet und erhebt mich.<\/p>\n\n\n\n<p>Wer jetzt neugierig auf den Text \u00fcber das sehr gro\u00dfe Konzert geworden ist, sollte sich das Buch besorgen, es lesen und im Anschluss daran das Konzert auf \u201e<a href=\"http:\/\/klockrent.ompom.se\/\">Klockrent<\/a>\u201c oder auf <a href=\"https:\/\/sverigesradio.se\/avsnitt\/202969\">sverigesradio<\/a> anh\u00f6ren.<\/p>\n\n\n\n<p><a href=\"http:\/\/klockrent.ompom.se\/wp-content\/uploads\/2012\/09\/Karta-%C3%B6ver-Gotlands-kyrkor.pdf\">Karte <\/a>von Gotlands 100 Kirchen<\/p>\n\n\n\n<p><a href=\"https:\/\/www.youtube.com\/watch?v=C_UBWlYdGdQ\">Gothems bidrag till \u201eKlockrent \u2013 En Stor Konsert\u201c. Daniel Lindstr\u00f6m \u00e4r klockare<\/a> \u2013 der Beitrag der Kirche von Gothem. <\/p>\n\n\n\n<p>Meditation XVII, \u201e<a href=\"https:\/\/www.youtube.com\/watch?v=_mfus7QCeWU\">No Man Is an Island<\/a>\u201c, von John Donne<\/p>\n\n\n\n<figure class=\"wp-block-image size-large\"><img loading=\"lazy\" width=\"1024\" height=\"576\" src=\"https:\/\/www.ichtich.de\/wp-content\/uploads\/2020\/12\/IMG_9430-Visby-schmal-1024x576.jpg\" alt=\"\" class=\"wp-image-2392\" srcset=\"https:\/\/www.ichtich.de\/wp-content\/uploads\/2020\/12\/IMG_9430-Visby-schmal-1024x576.jpg 1024w, https:\/\/www.ichtich.de\/wp-content\/uploads\/2020\/12\/IMG_9430-Visby-schmal-300x169.jpg 300w, https:\/\/www.ichtich.de\/wp-content\/uploads\/2020\/12\/IMG_9430-Visby-schmal-768x432.jpg 768w, https:\/\/www.ichtich.de\/wp-content\/uploads\/2020\/12\/IMG_9430-Visby-schmal-1536x864.jpg 1536w, https:\/\/www.ichtich.de\/wp-content\/uploads\/2020\/12\/IMG_9430-Visby-schmal-2048x1152.jpg 2048w, https:\/\/www.ichtich.de\/wp-content\/uploads\/2020\/12\/IMG_9430-Visby-schmal-624x351.jpg 624w\" sizes=\"(max-width: 1024px) 100vw, 1024px\" \/><\/figure>\n\n\n\n<p><br><\/p>\n\n\n\n<p>Angaben zum Buch:<br>Anne von Canal: Mein Gotland \u2013 Erz\u00e4hlungen von Wind, Zeit und Einsamkeit,<br>gebunden mit Schutzumschlag und Leseb\u00e4ndchen, 144 Seiten,<br>ISBN: 978-3-86648-623-2<br>mareverlag, Hamburg, 2020 (https:\/\/www.mare.de\/)<\/p>\n\n\n\n<p> <br><\/p>\n\n\n\n<p><\/p>\n\n\n\n<p><br><br><\/p>\n","protected":false},"excerpt":{"rendered":"<p>Ich habe mir ein Reisebuch gekauft, in dieser Zeit, in der reisen unm\u00f6glich erscheint. Und dann ausgerechnet ein Buch \u00fcber Gotland, gut 2000 km von meinem Zughause?! Das Buch lag so verlockend im Buchladen \u2013 unerwartet, ungeplant, ohne vorherige Empfehlung: \u201eMein Gotland \u2013 Erz\u00e4hlungen von Wind, Zeit und Einsamkeit\u201c von Anne von Canal, im Hamburger [&hellip;]<\/p>\n","protected":false},"author":1,"featured_media":2396,"comment_status":"closed","ping_status":"closed","sticky":false,"template":"","format":"standard","meta":[],"categories":[60,7,4,15,17,8],"tags":[73,62,104,32,58,34,33],"_links":{"self":[{"href":"https:\/\/www.ichtich.de\/index.php?rest_route=\/wp\/v2\/posts\/2369"}],"collection":[{"href":"https:\/\/www.ichtich.de\/index.php?rest_route=\/wp\/v2\/posts"}],"about":[{"href":"https:\/\/www.ichtich.de\/index.php?rest_route=\/wp\/v2\/types\/post"}],"author":[{"embeddable":true,"href":"https:\/\/www.ichtich.de\/index.php?rest_route=\/wp\/v2\/users\/1"}],"replies":[{"embeddable":true,"href":"https:\/\/www.ichtich.de\/index.php?rest_route=%2Fwp%2Fv2%2Fcomments&post=2369"}],"version-history":[{"count":20,"href":"https:\/\/www.ichtich.de\/index.php?rest_route=\/wp\/v2\/posts\/2369\/revisions"}],"predecessor-version":[{"id":2935,"href":"https:\/\/www.ichtich.de\/index.php?rest_route=\/wp\/v2\/posts\/2369\/revisions\/2935"}],"wp:featuredmedia":[{"embeddable":true,"href":"https:\/\/www.ichtich.de\/index.php?rest_route=\/wp\/v2\/media\/2396"}],"wp:attachment":[{"href":"https:\/\/www.ichtich.de\/index.php?rest_route=%2Fwp%2Fv2%2Fmedia&parent=2369"}],"wp:term":[{"taxonomy":"category","embeddable":true,"href":"https:\/\/www.ichtich.de\/index.php?rest_route=%2Fwp%2Fv2%2Fcategories&post=2369"},{"taxonomy":"post_tag","embeddable":true,"href":"https:\/\/www.ichtich.de\/index.php?rest_route=%2Fwp%2Fv2%2Ftags&post=2369"}],"curies":[{"name":"wp","href":"https:\/\/api.w.org\/{rel}","templated":true}]}}