{"id":234,"date":"2016-07-17T11:01:33","date_gmt":"2016-07-17T11:01:33","guid":{"rendered":"http:\/\/www.ichtich.de\/?p=234"},"modified":"2025-05-03T10:25:52","modified_gmt":"2025-05-03T10:25:52","slug":"wieso-ausgerechnet-schweden","status":"publish","type":"post","link":"https:\/\/www.ichtich.de\/?p=234","title":{"rendered":"Wieso ausgerechnet Schweden?"},"content":{"rendered":"<p><strong> Wie kommt man blo\u00df darauf, Schwedisch zu lernen?<\/strong><\/p>\n<p style=\"padding-left: 30px; text-align: justify;\">Da sind zuerst einmal die Vorstellungen, die du aus B\u00fcchern und Filmen vermittelt bekommen hast, mit Pippi Langstrumpf, Michel (auf Schwedisch: Emil) aus L\u00f6nneberga und Lisa, Lasse, Bosse und den Nachbarskindern in Bullerb\u00fc und mit der Melodie aus Saltkrokan, die du als Kind an hei\u00dfen Sommernachmittagen am neu gekauften Fernsehger\u00e4t geh\u00f6rt hast. Oder Erz\u00e4hlungen von Verwandten, die in den Sechziger-Jahren im Sommer mit Sack und Pack nach Norden fuhren und in der Mitternachtssonne nur schlecht schlafen konnten &#8230;. Und dann liegt pl\u00f6tzlich diese Einladung zur Hochzeit in Sm\u00e5land auf dem Tisch, dazu die Frage: \u201eWollen wir uns auf den weiten Weg machen \u2013 nur wegen einer Hochzeit?\u201c Ja \u2013 so wird es wohl gewesen sein mit der ersten Neugier auf Schweden.<!--more--><\/p>\n<p style=\"text-align: center; padding-left: 30px;\"><strong><img loading=\"lazy\" class=\"wp-image-254 aligncenter\" src=\"http:\/\/www.ichtich.de\/wp-content\/uploads\/2016\/07\/kyrkan-1998-1-300x217.jpg\" alt=\"kyrkan-1998\" width=\"400\" height=\"289\" srcset=\"https:\/\/www.ichtich.de\/wp-content\/uploads\/2016\/07\/kyrkan-1998-1-300x217.jpg 300w, https:\/\/www.ichtich.de\/wp-content\/uploads\/2016\/07\/kyrkan-1998-1-768x555.jpg 768w, https:\/\/www.ichtich.de\/wp-content\/uploads\/2016\/07\/kyrkan-1998-1-1024x739.jpg 1024w, https:\/\/www.ichtich.de\/wp-content\/uploads\/2016\/07\/kyrkan-1998-1-624x451.jpg 624w\" sizes=\"(max-width: 400px) 100vw, 400px\" \/><\/strong><\/p>\n<p style=\"text-align: justify;\">In einer alten Kirche im Juli erlebst du den Gottesdienst\/<em><span style=\"color: #000000;\">gudstj\u00e4nst <\/span><\/em><span style=\"color: #000000;\">mit der Trauung\/<\/span><em><span style=\"color: #000000;\">vigsel<\/span><\/em> in der Kirche\/<em>kyrka<\/em> von Granhult, dazu h\u00f6rst und singst du bekannte und neue Melodien mit sonderbar klingenden Worten: \u201eK\u00e4rleken kommer och k\u00e4rleken g\u00e5r \u2026\u201c. Und du hast immer mehr Spa\u00df an Ortsnamen und Worten wie Botillabo, <em>br\u00f6llop<\/em> und <em><span style=\"color: #000000;\">k\u00e4rlek<\/span><\/em>.<\/p>\n<p style=\"padding-left: 30px; text-align: justify;\"><span style=\"color: #000000;\">K\u00e4rlek <\/span>&#8211; Liebe? In meinem etymologischen Kurz-W\u00f6rterbuch (Elias Wess\u00e9n; \u201eV\u00e5ra ord \u2013 kortfattad etymologisk ordbok\u201c, Norstedt &amp; S\u00f6ner) lese ich: \u201ek\u00e4rlek\u201c ist zusammengesetzt aus \u201ek\u00e4r\u201c von lateinisch \u201ecarus\u201c, \u201elieb\u201c und dem Suffix \u201elek\u201c. \u201eK\u00e4rlek\u201c \u2013 \u201eLieb-heit\u201c? Sehr viel besser gef\u00e4llt mir der Bezug zum schwedischen Verb \u201eleka\u201c, \u201espielen\u201c. \u201eK\u00e4rlek\u201c \u2013 \u201eLiebesspiel\u201c \u2013 das gibt der etwas schwerf\u00e4llig wirkenden carus-Liebe Lockerheit, Luftigkeit und Verlockung.<\/p>\n<p><strong>Was bringst du von Schweden nach Hause mit?<\/strong><\/p>\n<p style=\"padding-left: 30px; text-align: justify;\">Erinnerungen an einen (feuchten) Sommer in einem weiten Land mit gr\u00fcnen Birkenw\u00e4ldern und gro\u00dfen Seen, von Steinmauern eingefassten Grundst\u00fccken und rot gef\u00e4rbten H\u00e4usern mit blau-gelben Flaggen davor, dazu neue Freunde, eine Sch\u00fcrze mit Elchmuster, eine Vase von Ulrica Hydman-Vallien aus dem \u201eGlasreich\u201c, eine Musik-CD von Lisa Ekdahl, ein Liederbuch mit Noten des aus Tschechien stammenden Jazzmusikers Georg Riedel zu Texten von Astrid Lindgren, ein Kochbuch mit leckeren Rezepten darin \u2026 und die wachsende Sehnsucht\/<em><span style=\"color: #000000;\">l\u00e4ngtan <\/span><\/em>nach <a href=\"http:\/\/www.ichtich.de\/?p=354\">weiteren Erlebnissen in Schweden<\/a>.<\/p>\n<p style=\"text-align: justify;\">PS:<br>Meine etymologischen Wortspielereien zu k\u00e4rlek\u201c bzw. \u201elek\u201c sind mit Vorsicht zu genie\u00dfen \u2013 schlie\u00dflich habe ich nur das verk\u00fcrzte\/kortfattad W\u00f6rterbuch zur Hand. Zu \u201elek\u201c findet man dort auch Verweise auf \u201eLaich\u201c, wie in \u201eFischlaich\u201c. Dazu verr\u00e4t mir dann mein \u201eBlauer Duden \u2013 das Herkunftsw\u00f6rterbuch\u201c:<\/p>\n<p style=\"padding-left: 30px; text-align: justify;\"><em>Laich<\/em>: Der Ausdruck f\u00fcr die zur Befruchtung im Wasser abgelegten Eier von Wassertieren geht zur\u00fcck auf gleichbed. sp\u00e4tmhd. <em>Leich<\/em>, das eigentlich \u201eLiebesspiel\u201c bedeutet und identisch ist mit mhd. <em>Leich <\/em>\u201eTonst\u00fcck, Melodie, Gesang\u201c (urspr\u00fcnglich \u201eSpiel, Tanz\u201c vgl. Leich). Beachte dazu das verwandte schwed. <em>lek<\/em>, das \u201eSpiel\u201c und \u201eLiebesspiel\u201c (der Tiere) Paarungsakt, \u201eLaich\u201c bedeutet.<\/p>\n<p>Lieder zu Sommer, Sehnsucht und Liebe:<\/p>\n<ul>\n<li>Idas sommarvisa:<br>\u201e<a href=\"https:\/\/www.youtube.com\/watch?v=Fm8W2SuKyA8\">Du ska inte tro det blir sommar ifall inte n\u00e5\u2019n s\u00e4tter fart.<\/a>\u201c<br>(Text: Astrid Lindgren; Musik: Georg Riedel.<br><a href=\"https:\/\/www.blkm.de\/Materialien\/Lieder\/Idas-Sommerlied\">https:\/\/www.blkm.de\/Materialien\/Lieder\/Idas-Sommerlied<\/a> )<\/li>\n<li>\u201e<a href=\"https:\/\/www.youtube.com\/watch?v=Wmn4WMYeU2o\">\u00d6ver berg och dal som en mjuk koral \u2026<\/a>\u201c<br>(Psalm 752; Text och musik: Tore Littmarck 1988)<\/li>\n<li>\u201e<a href=\"https:\/\/www.youtube.com\/watch?v=cp1qLS2uUBY\">I Folkviseton: K\u00e4rleken kommer och k\u00e4rleken g\u00e5r \u2026<\/a>\u201c<br>(Text: Nils Ferlin)<\/li>\n<li>\u201e<a href=\"https:\/\/www.youtube.com\/watch?v=NXE90JFNjhU\">Av l\u00e4ngtan till dig<\/a>&#8220;:<br>(Text: \u00c5sa Jinder, Musik: Janne Krantz. Gesungen von Cajsa Stina \u00c5kerstr\u00f6m)<\/li>\n<li>Lisa Ekdahl: \u201e<a href=\"https:\/\/www.youtube.com\/watch?v=T_b1txv9dbk\">Vem vet<\/a>&#8220;<\/li>\n<li>Lisa Ekdahl: \u201e<a href=\"https:\/\/www.youtube.com\/watch?v=-udUmnUWKRM\">\u00d6ppna upp ditt f\u00f6nster<\/a>&#8220;<\/li>\n<li>Lisa Ekdahl \u201e<a href=\"https:\/\/www.youtube.com\/watch?v=TG_EmCkX5MA\">Flyg vilda f\u00e5gel<\/a>&#8220;<\/li>\n<\/ul>\n\n\n<p><\/p>\n","protected":false},"excerpt":{"rendered":"<p>Wie kommt man blo\u00df darauf, Schwedisch zu lernen? Da sind zuerst einmal die Vorstellungen, die du aus B\u00fcchern und Filmen vermittelt bekommen hast, mit Pippi Langstrumpf, Michel (auf Schwedisch: Emil) aus L\u00f6nneberga und Lisa, Lasse, Bosse und den Nachbarskindern in Bullerb\u00fc und mit der Melodie aus Saltkrokan, die du als Kind an hei\u00dfen Sommernachmittagen am [&hellip;]<\/p>\n","protected":false},"author":1,"featured_media":239,"comment_status":"closed","ping_status":"closed","sticky":false,"template":"","format":"standard","meta":[],"categories":[7,15,8,9],"tags":[44,33],"_links":{"self":[{"href":"https:\/\/www.ichtich.de\/index.php?rest_route=\/wp\/v2\/posts\/234"}],"collection":[{"href":"https:\/\/www.ichtich.de\/index.php?rest_route=\/wp\/v2\/posts"}],"about":[{"href":"https:\/\/www.ichtich.de\/index.php?rest_route=\/wp\/v2\/types\/post"}],"author":[{"embeddable":true,"href":"https:\/\/www.ichtich.de\/index.php?rest_route=\/wp\/v2\/users\/1"}],"replies":[{"embeddable":true,"href":"https:\/\/www.ichtich.de\/index.php?rest_route=%2Fwp%2Fv2%2Fcomments&post=234"}],"version-history":[{"count":25,"href":"https:\/\/www.ichtich.de\/index.php?rest_route=\/wp\/v2\/posts\/234\/revisions"}],"predecessor-version":[{"id":3471,"href":"https:\/\/www.ichtich.de\/index.php?rest_route=\/wp\/v2\/posts\/234\/revisions\/3471"}],"wp:featuredmedia":[{"embeddable":true,"href":"https:\/\/www.ichtich.de\/index.php?rest_route=\/wp\/v2\/media\/239"}],"wp:attachment":[{"href":"https:\/\/www.ichtich.de\/index.php?rest_route=%2Fwp%2Fv2%2Fmedia&parent=234"}],"wp:term":[{"taxonomy":"category","embeddable":true,"href":"https:\/\/www.ichtich.de\/index.php?rest_route=%2Fwp%2Fv2%2Fcategories&post=234"},{"taxonomy":"post_tag","embeddable":true,"href":"https:\/\/www.ichtich.de\/index.php?rest_route=%2Fwp%2Fv2%2Ftags&post=234"}],"curies":[{"name":"wp","href":"https:\/\/api.w.org\/{rel}","templated":true}]}}