{"id":2274,"date":"2020-10-05T19:01:27","date_gmt":"2020-10-05T19:01:27","guid":{"rendered":"https:\/\/www.ichtich.de\/?p=2274"},"modified":"2025-05-03T10:12:15","modified_gmt":"2025-05-03T10:12:15","slug":"essen-und-reisen-erinnern-und-schreiben","status":"publish","type":"post","link":"https:\/\/www.ichtich.de\/?p=2274","title":{"rendered":"Essen und Reisen, Erinnern und Schreiben"},"content":{"rendered":"\n<p>Als Lekt\u00fcre f\u00fcr den Herbst empfehle ich zwei B\u00fccher und zwei Blogbeitr\u00e4ge, die zum Erinnern, Erz\u00e4hlen und Schreiben anregen: <\/p>\n\n\n\n<!--more-->\n\n\n\n<p><a href=\"https:\/\/www.diogenes.ch\/leser\/titel\/doris-doerrie\/leben-schreiben-atmen-9783257070699.html\">Doris D\u00f6rrie, \u201eLeben, schreiben, atmen &#8211; Eine Einladung zum Schreiben\u201c<\/a>, erschienen im Diogenes Verlag im September 2019, ISBN 978-3-257-07069-9, <\/p>\n\n\n\n<p><a href=\"https:\/\/www.diogenes.ch\/leser\/titel\/doris-doerrie\/die-welt-auf-dem-teller-9783257070514.html\">Doris D\u00f6rrie, \u201eDie Welt auf dem Teller\u201c<\/a>, erschienen im Diogenes Verlag im August 2020, ISBN 978-3-257-07051-4.<\/p>\n\n\n\n<p>Wer die Probeseiten zu den beiden D\u00f6rrie-B\u00e4nden liest, wei\u00df schnell, ob er\/sie mehr als nur die Probeseiten lesen m\u00f6chte.<\/p>\n\n\n\n<p>Aufmerksam auf D\u00f6rries B\u00fccher wurde ich durch den Blogbeitrag von <a href=\"https:\/\/www.sinnundverstand.net\/die-noch-warme-baguette-trostpudding-und-eine-schnitzelkoenigin-die-weltaufdemteller\/\">Wibke Ladwig, \u201eDie noch warme Baguette, Trostpudding und eine Schnitzelk\u00f6nigin #Die WeltaufdemTeller\u201c<\/a><\/p>\n\n\n\n<p>Nun hat Wibke Ladwig ein \u201eBlogst\u00f6ckchen\u201c geworfen und andere gebeten, eines ihrer Themen aufzugreifen und im eigenen Blog dar\u00fcber zu schreiben, rund um \u201egeschichten-vom-essen-und-kochen\u201c. <\/p>\n\n\n\n<p>Wie das geht mit dem Blogst\u00f6ckchen, beschreibt Wibke Ladwig hier: <a href=\"https:\/\/www.sinnundverstand.net\/blogstoeckchen-dieweltaufdemteller-geschichten-vom-essen-und-kochen\/\">Wibke Ladwig: \u201eBlogst\u00f6ckchen #DieWeltaufdemTeller: Geschichten vom Essen und Kochen\u201c<\/a><\/p>\n\n\n\n<p>Dabei stellt sie in ihrem Beitrag Fragen wie:<\/p>\n\n\n\n<ul><li><em>Gl\u00fcck, Heimat, Trost, Abenteuer oder &#8220;Igittigitt&#8221;: Wonach schmeckte Deine Kindheit?,<\/em><br>&#8230;.<\/li><li><em>Ein Gericht in einem anderen Land, ein Essen aus einer anderen Kultur, gepfl\u00fcckt oder gekauft an einem anderen Ort \u2013 nimm\u2018 uns mit auf eine Reise. Woran erinnerst Du Dich?<\/em><\/li><\/ul>\n\n\n\n<p>Und sie beendet ihren Beitrag mit:<\/p>\n\n\n\n<blockquote class=\"wp-block-quote\"><p>\u00dcber Essen und Kochen zu lesen, \u00fcber Essen und Kochen zu schreiben, das ist fast so gut wie an einem gedeckten Tisch zu sitzen.<\/p><cite><a href=\"https:\/\/www.sinnundverstand.net\/blogstoeckchen-dieweltaufdemteller-geschichten-vom-essen-und-kochen\/\">Wibke Ladwig: \u201eBlogst\u00f6ckchen #DieWeltaufdemTeller: Geschichten vom Essen und Kochen\u201c<\/a><\/cite><\/blockquote>\n\n\n\n<p>Wer gerne nachdenkt und \u2013 allein oder im Gespr\u00e4ch mit anderen \u2013 Erinnerungen aufleben l\u00e4sst, wer gerne kocht und gerne isst, wer gerne schreibt und gerne liest, darf sich auf vergn\u00fcgliche Stunden freuen.<\/p>\n\n\n\n<p class=\"has-text-align-right\">Viel Spa\u00df beim Lesen, Erinnern, Erz\u00e4hlen und Schreiben!<\/p>\n\n\n\n<p class=\"has-text-align-right\"><\/p>\n","protected":false},"excerpt":{"rendered":"<p>Als Lekt\u00fcre f\u00fcr den Herbst empfehle ich zwei B\u00fccher und zwei Blogbeitr\u00e4ge, die zum Erinnern, Erz\u00e4hlen und Schreiben anregen:<\/p>\n","protected":false},"author":1,"featured_media":2293,"comment_status":"closed","ping_status":"closed","sticky":false,"template":"","format":"standard","meta":[],"categories":[60,11,4],"tags":[30,104,32,44,41],"_links":{"self":[{"href":"https:\/\/www.ichtich.de\/index.php?rest_route=\/wp\/v2\/posts\/2274"}],"collection":[{"href":"https:\/\/www.ichtich.de\/index.php?rest_route=\/wp\/v2\/posts"}],"about":[{"href":"https:\/\/www.ichtich.de\/index.php?rest_route=\/wp\/v2\/types\/post"}],"author":[{"embeddable":true,"href":"https:\/\/www.ichtich.de\/index.php?rest_route=\/wp\/v2\/users\/1"}],"replies":[{"embeddable":true,"href":"https:\/\/www.ichtich.de\/index.php?rest_route=%2Fwp%2Fv2%2Fcomments&post=2274"}],"version-history":[{"count":10,"href":"https:\/\/www.ichtich.de\/index.php?rest_route=\/wp\/v2\/posts\/2274\/revisions"}],"predecessor-version":[{"id":2295,"href":"https:\/\/www.ichtich.de\/index.php?rest_route=\/wp\/v2\/posts\/2274\/revisions\/2295"}],"wp:featuredmedia":[{"embeddable":true,"href":"https:\/\/www.ichtich.de\/index.php?rest_route=\/wp\/v2\/media\/2293"}],"wp:attachment":[{"href":"https:\/\/www.ichtich.de\/index.php?rest_route=%2Fwp%2Fv2%2Fmedia&parent=2274"}],"wp:term":[{"taxonomy":"category","embeddable":true,"href":"https:\/\/www.ichtich.de\/index.php?rest_route=%2Fwp%2Fv2%2Fcategories&post=2274"},{"taxonomy":"post_tag","embeddable":true,"href":"https:\/\/www.ichtich.de\/index.php?rest_route=%2Fwp%2Fv2%2Ftags&post=2274"}],"curies":[{"name":"wp","href":"https:\/\/api.w.org\/{rel}","templated":true}]}}