{"id":2234,"date":"2020-08-01T19:22:26","date_gmt":"2020-08-01T19:22:26","guid":{"rendered":"https:\/\/www.ichtich.de\/?p=2234"},"modified":"2025-05-03T10:12:44","modified_gmt":"2025-05-03T10:12:44","slug":"oldguys-green-spires-im-weltwald","status":"publish","type":"post","link":"https:\/\/www.ichtich.de\/?p=2234","title":{"rendered":"Oldguy&#8217;s \u201eGreen spires\u201c im Weltwald"},"content":{"rendered":"\n<p>Unz\u00e4hlige Male war ich schon hier, im <a href=\"https:\/\/www.weltwald.de\/\">Weltwald<\/a> im Kranzberger Forst nahe Freising, und genoss dabei die immer wieder wechselnden Farben der Bl\u00e4tter und die Ruhe auf den gro\u00dfen und kleinen Wegen, oft mit einer Freundin oder dem Ehemann im Gespr\u00e4ch oder gemeinsam schweigend, dankbar f\u00fcr die kurze Zeit ohne Pflicht oder Ziel. Die von mir f\u00fcr die VFLL-Regionalgruppe organisierte F\u00fchrung im Juli 2020 verschaffte mir einen neuen Zugang zum Weltwald.<\/p>\n\n\n\n<!--more-->\n\n\n\n<p><\/p>\n\n\n\n<div class=\"wp-block-image\"><figure class=\"alignleft size-medium is-resized\"><img src=\"https:\/\/www.ichtich.de\/wp-content\/uploads\/2020\/08\/IMG_6528-k-218x300.jpg\" alt=\"\" class=\"wp-image-2240\" width=\"200\" srcset=\"https:\/\/www.ichtich.de\/wp-content\/uploads\/2020\/08\/IMG_6528-k-218x300.jpg 218w, https:\/\/www.ichtich.de\/wp-content\/uploads\/2020\/08\/IMG_6528-k-745x1024.jpg 745w, https:\/\/www.ichtich.de\/wp-content\/uploads\/2020\/08\/IMG_6528-k-768x1056.jpg 768w, https:\/\/www.ichtich.de\/wp-content\/uploads\/2020\/08\/IMG_6528-k-1117x1536.jpg 1117w, https:\/\/www.ichtich.de\/wp-content\/uploads\/2020\/08\/IMG_6528-k-1490x2048.jpg 1490w, https:\/\/www.ichtich.de\/wp-content\/uploads\/2020\/08\/IMG_6528-k-624x858.jpg 624w, https:\/\/www.ichtich.de\/wp-content\/uploads\/2020\/08\/IMG_6528-k-scaled.jpg 1862w\" sizes=\"(max-width: 218px) 100vw, 218px\" \/><\/figure><\/div>\n\n\n\n<p><a href=\"https:\/\/www.weltwald.de\/service\/kontakt-anfahrt.html\">Stephan Huber<\/a> von den Bayerischen Staatsforsten begr\u00fc\u00dfte uns an einem hei\u00dfen Juli-Nachmittag beim \u201eEisweiher\u201c, dem Weltwald-Parkplatz P2. Vom Zucker-Ahorn-Pavillon aus bogen wir in einen Weg ein, gleich darauf ging es nach rechts \u2013 und schon waren wir auf einem Weg in der Abteilung Nordamerika, den ich in diese Richtung so noch nie gegangen war. Alle paar Schritte blieben wir stehen, um etwas zu entdecken und zu erfahren: \u00fcber die Bitternuss, die Eiche, die Ulme &#8230; \u2013 und \u00fcber die Sch\u00f6nheit der B\u00e4ume und die Liebe zum Wald.<\/p>\n\n\n\n<p><\/p>\n\n\n\n<p>Vorbei ging es an einer Bank, auf der ein Bild mit einem Gedicht befestigt war, und weiter zur <a href=\"https:\/\/www.weltwald.de\/weltwald-entdecken\/kunst-und-kultur.html\">Figur \u201eIch gehe durch den Wald\u201c<\/a> und an der Kreuzung in einen Weg, an dem viele Douglasien stehen. Bei der Kirche St. Clemens machten wir eine Pause, gingen \u00fcber den Friedhof und in die Kirche, die die gerade anwesenden Messner f\u00fcr uns \u00f6ffneten, und erfuhren mehr \u00fcber die Geschichte des kleinen Weilers <a href=\"https:\/\/www.weltwald.de\/weltwald-entdecken\/geschichte-des-weltwaldes.html\">Oberberghausen<\/a>. Anschlie\u00dfend drehten wir eine Runde durch das <a href=\"https:\/\/www.weltwald.de\/weltwald-verstehen\/spezialsammlungen\/botanikum.html\">Botanikum<\/a> und besuchten den neu eingerichteten <a href=\"https:\/\/www.weltwald.de\/weltwald-entdecken\/europa-garten.html\">Europa-Garten<\/a> am h\u00f6chsten Punkt des Weltwalds.<\/p>\n\n\n\n<p>Doch zur\u00fcck zu meinem eigentlichen Thema, zu dieser Bank, an der wir bei Beginn der F\u00fchrung so schnell und achtlos vorbeizogen. Sie ist eine der B\u00e4nk im Weltwald \u201ean besonders lauschigen Pl\u00e4tzen\u201c, \u201ewo der Ausblick am sch\u00f6nsten ist\u201c, aus Douglasienholz gefertigt, einem Baum gewidmet und mit einem Gedicht, u. a. von Heinrich Heine, Theodor Fontane, Christian Morgenstern &#8230; , versehen.<\/p>\n\n\n\n<blockquote class=\"wp-block-quote\"><p>\u201e\u2026 Jede Bank ist einem bestimmten Baum gewidmet; z.B. der Ulme, der Birne, der Weide usw. Hier kann man eine Pause einlegen und vielleicht auch das Gedicht zum Baum lesen, das an der Lehne angebracht ist. Ganz in der N\u00e4he der Bank findet man nat\u00fcrlich ein sch\u00f6nes Exemplar der charakterisierten Baumgattung. <\/p><cite>(https:\/\/www.weltwald.de\/weltwald-entdecken\/entspannen.html)<\/cite><\/blockquote>\n\n\n\n<p>Eine sch\u00f6ne \u00dcbersicht \u00fcber die verschiedenen B\u00e4nke, ihre Namen und Standorte, dazu auch Fotos der jeweiligen Bank und des ihr gewidmeten Baums findet man im <a href=\"https:\/\/www.arcgis.com\/apps\/MapTour\/index.html?appid=cade0e2aa0ae431d98e9cbdaeda3222d&amp;webmap=a88d94005a1b48a988965b50d8e3ecbc\">Internet<\/a>.<\/p>\n\n\n\n<p>Zwei Tage nach der F\u00fchrung wollte ich diese eine Bank nochmals aufsuchen und das zugeh\u00f6rige Gedicht in Ruhe lesen. Zuerst verirrte ich mich auf der Suche nach der Bank, doch dann fand ich sie und stellte fest: Die Bank ist der Douglasie, als \u201egreen spires\u201c, \u201egr\u00fcne Spitzen\u201c, \u201egr\u00fcne Wipfel\u201c bezeichnet, gewidmet, mit \u201eoldguy\u201c als Autor des Gedichts.<\/p>\n\n\n\n<p>Und hier mein R\u00e4tsel f\u00fcr diesen Sommer:<\/p>\n\n\n\n<ul><li>Wer ist dieser \u201eOldguy\u201c, der Autor des Gedichts?<\/li><li>Wann und wo hat \u201eOldguy\u201c, das Gedicht geschrieben?<\/li><\/ul>\n\n\n\n<blockquote class=\"wp-block-quote\"><p>Green spires touch the morning clouds, <br>collecting their teardrops, <br>and drinking their moistened breath.<br>Green spires sweep the sky in their extended plea to heaven <br>and push aside the mist of doubts surrounding mankind.<br>Green spires, fingers of heaven&#8217;s gate, <br>comb the clouds as they pass, <br>shaking loose the song birds <br>hidden within their emerald boughs.<br>Green spires with golden glow, <br>would that I might share the sunshine <br>caressing your splendor.<\/p><cite>&#8220;oldguy&#8221;<\/cite><\/blockquote>\n\n\n\n<p>Frei \u00fcbersetzt:<\/p>\n\n\n\n<blockquote class=\"wp-block-quote\"><p>Gr\u00fcne Spitzen ber\u00fchren die Morgenwolken, <br>sammeln ihre Tr\u00e4nentropfen auf und trinken ihren feuchten Atem.<br>Gr\u00fcne Spitzen fegen den Himmel \u00fcber sich <br>mit ihrem weiten Ruf an das Himmlische <br>und schieben den Nebel der Zweifel, der die Menschheit umgibt, beiseite.<br>Gr\u00fcne Spitzen, Finger des Himmelstors, durchk\u00e4mmen die vorbeiziehenden Wolken <br>und sch\u00fctteln die in ihren Smaragdzweigen versteckten Singv\u00f6gel los.<br>Gr\u00fcne Spitzen mit eurem goldenem Schein, <br>ach k\u00f6nnte ich den Sonnenschein weitergeben, <br>der eure Pracht liebkost!<\/p><cite>&#8220;oldguy&#8221;<\/cite><\/blockquote>\n\n\n\n<figure class=\"wp-block-image size-large\"><img loading=\"lazy\" width=\"1920\" height=\"2560\" src=\"https:\/\/www.ichtich.de\/wp-content\/uploads\/2020\/08\/IMG_6579-scaled.jpg\" alt=\"\" class=\"wp-image-2243\" srcset=\"https:\/\/www.ichtich.de\/wp-content\/uploads\/2020\/08\/IMG_6579-scaled.jpg 1920w, https:\/\/www.ichtich.de\/wp-content\/uploads\/2020\/08\/IMG_6579-225x300.jpg 225w, https:\/\/www.ichtich.de\/wp-content\/uploads\/2020\/08\/IMG_6579-1152x1536.jpg 1152w, https:\/\/www.ichtich.de\/wp-content\/uploads\/2020\/08\/IMG_6579-1536x2048.jpg 1536w, https:\/\/www.ichtich.de\/wp-content\/uploads\/2020\/08\/IMG_6579-624x832.jpg 624w\" sizes=\"(max-width: 1920px) 100vw, 1920px\" \/><\/figure>\n\n\n\n<p><\/p>\n\n\n\n<p><\/p>\n","protected":false},"excerpt":{"rendered":"<p>Unz\u00e4hlige Male war ich schon hier, im Weltwald im Kranzberger Forst nahe Freising, und genoss dabei die immer wieder wechselnden Farben der Bl\u00e4tter und die Ruhe auf den gro\u00dfen und kleinen Wegen, oft mit einer Freundin oder dem Ehemann im Gespr\u00e4ch oder gemeinsam schweigend, dankbar f\u00fcr die kurze Zeit ohne Pflicht oder Ziel. Die von [&hellip;]<\/p>\n","protected":false},"author":1,"featured_media":2241,"comment_status":"closed","ping_status":"closed","sticky":false,"template":"","format":"standard","meta":[],"categories":[16,4,6,5],"tags":[35,79],"_links":{"self":[{"href":"https:\/\/www.ichtich.de\/index.php?rest_route=\/wp\/v2\/posts\/2234"}],"collection":[{"href":"https:\/\/www.ichtich.de\/index.php?rest_route=\/wp\/v2\/posts"}],"about":[{"href":"https:\/\/www.ichtich.de\/index.php?rest_route=\/wp\/v2\/types\/post"}],"author":[{"embeddable":true,"href":"https:\/\/www.ichtich.de\/index.php?rest_route=\/wp\/v2\/users\/1"}],"replies":[{"embeddable":true,"href":"https:\/\/www.ichtich.de\/index.php?rest_route=%2Fwp%2Fv2%2Fcomments&post=2234"}],"version-history":[{"count":9,"href":"https:\/\/www.ichtich.de\/index.php?rest_route=\/wp\/v2\/posts\/2234\/revisions"}],"predecessor-version":[{"id":2251,"href":"https:\/\/www.ichtich.de\/index.php?rest_route=\/wp\/v2\/posts\/2234\/revisions\/2251"}],"wp:featuredmedia":[{"embeddable":true,"href":"https:\/\/www.ichtich.de\/index.php?rest_route=\/wp\/v2\/media\/2241"}],"wp:attachment":[{"href":"https:\/\/www.ichtich.de\/index.php?rest_route=%2Fwp%2Fv2%2Fmedia&parent=2234"}],"wp:term":[{"taxonomy":"category","embeddable":true,"href":"https:\/\/www.ichtich.de\/index.php?rest_route=%2Fwp%2Fv2%2Fcategories&post=2234"},{"taxonomy":"post_tag","embeddable":true,"href":"https:\/\/www.ichtich.de\/index.php?rest_route=%2Fwp%2Fv2%2Ftags&post=2234"}],"curies":[{"name":"wp","href":"https:\/\/api.w.org\/{rel}","templated":true}]}}