{"id":2221,"date":"2020-06-27T08:50:13","date_gmt":"2020-06-27T08:50:13","guid":{"rendered":"https:\/\/www.ichtich.de\/?p=2221"},"modified":"2025-05-03T10:12:55","modified_gmt":"2025-05-03T10:12:55","slug":"35-jahre-galerie-13","status":"publish","type":"post","link":"https:\/\/www.ichtich.de\/?p=2221","title":{"rendered":"35 JAHRE GALERIE 13"},"content":{"rendered":"\n<p>Vor 35 Jahren hat Fritz Dettenhofer mit zwei Freunden in Freising die Galerie gegr\u00fcndet, 1993 verlegte er sie in die Dr.-Karl-Schuster-Stra\u00dfe; doch der Name der ersten Adresse, Johannisstra\u00dfe 13, blieb der Galerie erhalten: <a href=\"http:\/\/galerie13.net\/\">Galerie 13<\/a>. <\/p>\n\n\n\n<p>F\u00fcr uns sind es gerade \u201e16 Jahre Galerie 13\u201c: Zum Jahreswechsel 2003\/2004 zogen wir zu dritt an den Vogelherd. An unserem ersten Wochenende in der neuen Wohnung lie\u00dfen wir die Umzugskisten hinter uns und gingen zu der \u2013 uns bis dahin unbekannten \u2013 Galerie zur Vernissage.<\/p>\n\n\n\n<!--more-->\n\n\n\n<p>Im Laufe der Jahre folgten viele solcher Nachmittage mit einem Besuch in der Galerie, samstags um 16 h. Wir h\u00f6rten den Einf\u00fchrungen zu und erfuhren dabei viel \u00fcber die K\u00fcnstlerinnen und K\u00fcnstlerin: \u00fcber ihr Leben, ihre Arbeitsbedingungen und ihren jeweiligen Stil. Man traf dort andere Besucher, immer wieder lernte wir neue kennen und freuten uns, Bekannte vom letzten Besuch wiederzusehen. Jede und  jeder wurde vom Galeristen mit Handschlag begr\u00fc\u00dft, immer fand er Zeit f\u00fcr ein kurzes Gespr\u00e4ch. Gemeinsam zeigten wir uns unsere jeweiligen Favoriten und \u00fcberlegten, ob wir dieses oder jedes Werk kaufen wollten. Unsere damals noch leeren W\u00e4nde f\u00fcllten sich im Laufe der Jahre. Auf unsere ersten Bilder&nbsp;\u2013\u201eSalzburg\u201c, \u201eDresden\u201c und \u201eHund im Englischen Garten\u201c von Konrad Winter&nbsp;\u2013 folgten Werke von Hans Dumler, Rupprecht Geiger, Roland Helmer, Manfred Jaletzky, Bodo Rott &#8230;<\/p>\n\n\n\n<p>Ab und zu gingen wir \u2013 gemeinsam oder allein \u2013 in die Galerie, um in Ruhe die Bilder anzusehen und auf uns wirken zu lassen. Immer ergab sich dabei ein Gespr\u00e4ch mit Fritz: wir unterhielten uns mit ihm dar\u00fcber, was wir an den einzelnen Werken entdeckten und welche Assoziationen wir dazu hatten \u2026. Fast immer schien bei diesen Besuchen die Sonne und erf\u00fcllte den Raum mit wunderbarem Licht. Die von <a href=\"https:\/\/spark.adobe.com\/page\/S2NGUA6y0tzhU\/\">Paulo Mulatinho erstellte Online-Pr\u00e4sentation zu \u201e35 Jahre Galerie 13\u201c<\/a> l\u00e4sst uns eintauchen in dieses Erlebnis.  <\/p>\n\n\n\n<p>Alles zusammen \u2013 der begeisterte Galerist, die K\u00fcnstlerinnen und K\u00fcnstler und ihre Werke, die Begegnungen mit bekannten und mit neuen Besuchern, das Licht und die Stimmung in den Ausstellungsr\u00e4umen \u2013 ist ein immer wieder anregendes, wohltuendes Erlebnis. Vielen Dank!<\/p>\n","protected":false},"excerpt":{"rendered":"<p>Vor 35 Jahren hat Fritz Dettenhofer mit zwei Freunden in Freising die Galerie gegr\u00fcndet, 1993 verlegte er sie in die Dr.-Karl-Schuster-Stra\u00dfe; doch der Name der ersten Adresse, Johannisstra\u00dfe 13, blieb der Galerie erhalten: Galerie 13. F\u00fcr uns sind es gerade \u201e16 Jahre Galerie 13\u201c: Zum Jahreswechsel 2003\/2004 zogen wir zu dritt an den Vogelherd. An [&hellip;]<\/p>\n","protected":false},"author":1,"featured_media":2224,"comment_status":"closed","ping_status":"closed","sticky":false,"template":"","format":"standard","meta":[],"categories":[16,50],"tags":[91,93,59],"_links":{"self":[{"href":"https:\/\/www.ichtich.de\/index.php?rest_route=\/wp\/v2\/posts\/2221"}],"collection":[{"href":"https:\/\/www.ichtich.de\/index.php?rest_route=\/wp\/v2\/posts"}],"about":[{"href":"https:\/\/www.ichtich.de\/index.php?rest_route=\/wp\/v2\/types\/post"}],"author":[{"embeddable":true,"href":"https:\/\/www.ichtich.de\/index.php?rest_route=\/wp\/v2\/users\/1"}],"replies":[{"embeddable":true,"href":"https:\/\/www.ichtich.de\/index.php?rest_route=%2Fwp%2Fv2%2Fcomments&post=2221"}],"version-history":[{"count":5,"href":"https:\/\/www.ichtich.de\/index.php?rest_route=\/wp\/v2\/posts\/2221\/revisions"}],"predecessor-version":[{"id":2227,"href":"https:\/\/www.ichtich.de\/index.php?rest_route=\/wp\/v2\/posts\/2221\/revisions\/2227"}],"wp:featuredmedia":[{"embeddable":true,"href":"https:\/\/www.ichtich.de\/index.php?rest_route=\/wp\/v2\/media\/2224"}],"wp:attachment":[{"href":"https:\/\/www.ichtich.de\/index.php?rest_route=%2Fwp%2Fv2%2Fmedia&parent=2221"}],"wp:term":[{"taxonomy":"category","embeddable":true,"href":"https:\/\/www.ichtich.de\/index.php?rest_route=%2Fwp%2Fv2%2Fcategories&post=2221"},{"taxonomy":"post_tag","embeddable":true,"href":"https:\/\/www.ichtich.de\/index.php?rest_route=%2Fwp%2Fv2%2Ftags&post=2221"}],"curies":[{"name":"wp","href":"https:\/\/api.w.org\/{rel}","templated":true}]}}