{"id":2206,"date":"2020-05-20T19:35:29","date_gmt":"2020-05-20T19:35:29","guid":{"rendered":"https:\/\/www.ichtich.de\/?p=2206"},"modified":"2025-05-03T10:13:11","modified_gmt":"2025-05-03T10:13:11","slug":"gemeindefest-feiern","status":"publish","type":"post","link":"https:\/\/www.ichtich.de\/?p=2206","title":{"rendered":"Gemeindefest feiern"},"content":{"rendered":"\n<p><\/p>\n\n\n\n<p>Seit 25 Jahren sind wir regelm\u00e4\u00dfig dabei, beim Gemeindefest der <a href=\"https:\/\/www.freising-evangelisch.de\/\">Christi-Himmelfahrts-Kirche in Freising<\/a>. Dieses Fest ist fester Bestandteil in unserem Jahrablauf, zwischen Ostern und den Sommerferien. Selbst in der Zeit des Gemeindehausumbaus hatten wir gefeiert und das neue Gemeindehaus mit Bausteinen geplant. Sollte das in diesem Jahr nicht m\u00f6glich sein? Ich suche nach einer anderen Form des Feierns, ich blicke zur\u00fcck und rufe mir die fr\u00fcheren Feste in Erinnerung.<\/p>\n\n\n\n<!--more-->\n\n\n\n<p>Wir waren damals noch neu in Freising, lebten in der Innenstadt und blieben eher zuf\u00e4llig beim Fest im Gemeindegarten zwischen Pfarrhaus, Gemeindehaus und Kirche h\u00e4ngen. Dort standen Biertische bereit und Sonnenschirme, die vor der brennenden Sonne sch\u00fctzten, und es gab Essens- und Getr\u00e4nkemarken zu kaufen. Ich sehe euch noch, wie ihr dort gesessen seid und Essensgutscheine verkauft habt, und ich wei\u00df, wie spannend es f\u00fcr alle \u2013 vor allem f\u00fcr die Messnerin \u2013 war, ob das Wetter mitmacht. Meistens war das der Fall, nur selten musste das Fest ins Gemeindehaus verlegt werden.<\/p>\n\n\n\n<p>Der Festtag begann mit einem besonderen Gottesdienst in der Kirche, manche Besucher kamen aber auch erst nach dem Gottesdienst zum Fest dazu. Nach dem Gottesdienst ging man in den Garten,wo der Posaunenchor Musik spielte, der Pfarrer bzw. die Pfarrerin ein Gru\u00dfwort hielt und schlie\u00dflich ein Bierfass anstach. F\u00fcr die Kinder gab es w\u00e4hrend dessen Ballspiele, Schminken, Luftballonfiguren, und alle warteten auf die Er\u00f6ffnung des Mittags-B\u00fcffets.<\/p>\n\n\n\n<p>Das Warten in der langen Schlange vor den B\u00fcffet-Tischen lohnte sich, denn das angebotene Essen ersparte das Kochen zuhause, und der Schweinbraten oder die vegetarische Lasagne mit Kn\u00f6del, Kartoffelsalat und buntem Salat hatte Tradition bei den Gemeindemitgliedern. Beim Warten in der Schlange und beim Essen an den Biertischen kam man miteinander ins Gespr\u00e4ch und erfuhr, aus welcher Ecke Deutschlands die Tischnachbarn nach Freising gekommen waren, seit wann sie hier leben, wie sie leben und was sie beruflich machen \u2013 und welchen Bezug sie zur Kirche und zur Gemeinde haben.<\/p>\n\n\n\n<p>Zwischen Mittagessen und Kaffeetrinken gab es meist Musik vom Posaunenchor und Sketche und f\u00fcr die Kinder eine Kaspertheatervorf\u00fchrung oder eine Zaubervorf\u00fchrung. Der Kuchen zum Kaffee oder zur Limo war von den Gemeindemitgliedern gebacken und mitgebracht worden. Ach, wie gerne w\u00fcrde ich heute Abend f\u00fcrs Fest meine Lieblings-Schnecken backen und zum Fest mitbringen!<\/p>\n\n\n\n<p>Meist wollten wir \u201enur kurz vorbeschauen\u201c \u2013 und blieben doch l\u00e4nger da, erlebten Gemeinschaft, erfuhren Neues aus der Gemeinde und lernten neue und langj\u00e4hrige Gemeindemitglieder kennen. Erf\u00fcllt sa\u00df man gegen Ende des Fests bei der Abschlussandacht in der Kirche, um dann nach hause zu radeln und den Festtag ausklingen zu lassen.<\/p>\n\n\n\n<p>Zur\u00fcck zum Start: Womit begann das Fest eigentlich? Irgendwann im Fr\u00fchjahr (oder bereits im Winter?) fand sich eine Gruppe zusammen, die Ideen f\u00fcr das Fest sammelte: Wer bereitet den Gottesdienst vor? Wer k\u00fcmmert sich um das Fest im Garten? Was wird den Kindern geboten? Ich erinnere mich an Gottesdienste, an Texte und Geschichten, die ich dort geh\u00f6rt und erlebt habe: Die Geschichte einer Karawane, die durch die W\u00fcste zog, mit den Liedern: \u201e\u201eA-Karawani, E-Karawani, I-Karawani\u201c und \u201eWir haben Gottes Spuren festgestellt \u2026\u201c. Zu einem Gottesdienst mit dem Thema \u201eWei\u00dft du, wo der Himmel ist?\u201c finde ich in einer E-Mail die damals gesungenen Lieder. Lasst sie uns auch in diesem Jahr singen: <br>\u201eIch singe dir mit Herz und Mund\u201c (EG 324), <br>\u201eWo Menschen sich vergessen \u2026, da ber\u00fchren sich Himmel und Erde\u201c (Liederheft 075),<br>\u201eDer Himmel geht \u00fcber allen auf \u2026\u201c (EG 562).<\/p>\n\n\n\n<figure class=\"wp-block-image size-large is-resized\"><img loading=\"lazy\" src=\"https:\/\/www.ichtich.de\/wp-content\/uploads\/2020\/05\/Saffransbullar-Himmelfahrt-2020-k-1024x887.jpg\" alt=\"\" class=\"wp-image-2213\" width=\"502\" height=\"434\" srcset=\"https:\/\/www.ichtich.de\/wp-content\/uploads\/2020\/05\/Saffransbullar-Himmelfahrt-2020-k-1024x887.jpg 1024w, https:\/\/www.ichtich.de\/wp-content\/uploads\/2020\/05\/Saffransbullar-Himmelfahrt-2020-k-300x260.jpg 300w, https:\/\/www.ichtich.de\/wp-content\/uploads\/2020\/05\/Saffransbullar-Himmelfahrt-2020-k-768x665.jpg 768w, https:\/\/www.ichtich.de\/wp-content\/uploads\/2020\/05\/Saffransbullar-Himmelfahrt-2020-k-1536x1331.jpg 1536w\" sizes=\"(max-width: 502px) 100vw, 502px\" \/><figcaption>Doch noch gebacken: Saffransbullar, schwedische Safranschnecken<\/figcaption><\/figure>\n","protected":false},"excerpt":{"rendered":"<p>Seit 25 Jahren sind wir regelm\u00e4\u00dfig dabei, beim Gemeindefest der Christi-Himmelfahrts-Kirche in Freising. Dieses Fest ist fester Bestandteil in unserem Jahrablauf, zwischen Ostern und den Sommerferien. Selbst in der Zeit des Gemeindehausumbaus hatten wir gefeiert und das neue Gemeindehaus mit Bausteinen geplant. Sollte das in diesem Jahr nicht m\u00f6glich sein? Ich suche nach einer anderen [&hellip;]<\/p>\n","protected":false},"author":1,"featured_media":2208,"comment_status":"closed","ping_status":"closed","sticky":false,"template":"","format":"standard","meta":[],"categories":[16,17],"tags":[58,37],"_links":{"self":[{"href":"https:\/\/www.ichtich.de\/index.php?rest_route=\/wp\/v2\/posts\/2206"}],"collection":[{"href":"https:\/\/www.ichtich.de\/index.php?rest_route=\/wp\/v2\/posts"}],"about":[{"href":"https:\/\/www.ichtich.de\/index.php?rest_route=\/wp\/v2\/types\/post"}],"author":[{"embeddable":true,"href":"https:\/\/www.ichtich.de\/index.php?rest_route=\/wp\/v2\/users\/1"}],"replies":[{"embeddable":true,"href":"https:\/\/www.ichtich.de\/index.php?rest_route=%2Fwp%2Fv2%2Fcomments&post=2206"}],"version-history":[{"count":6,"href":"https:\/\/www.ichtich.de\/index.php?rest_route=\/wp\/v2\/posts\/2206\/revisions"}],"predecessor-version":[{"id":2216,"href":"https:\/\/www.ichtich.de\/index.php?rest_route=\/wp\/v2\/posts\/2206\/revisions\/2216"}],"wp:featuredmedia":[{"embeddable":true,"href":"https:\/\/www.ichtich.de\/index.php?rest_route=\/wp\/v2\/media\/2208"}],"wp:attachment":[{"href":"https:\/\/www.ichtich.de\/index.php?rest_route=%2Fwp%2Fv2%2Fmedia&parent=2206"}],"wp:term":[{"taxonomy":"category","embeddable":true,"href":"https:\/\/www.ichtich.de\/index.php?rest_route=%2Fwp%2Fv2%2Fcategories&post=2206"},{"taxonomy":"post_tag","embeddable":true,"href":"https:\/\/www.ichtich.de\/index.php?rest_route=%2Fwp%2Fv2%2Ftags&post=2206"}],"curies":[{"name":"wp","href":"https:\/\/api.w.org\/{rel}","templated":true}]}}