{"id":199,"date":"2016-06-28T16:27:12","date_gmt":"2016-06-28T16:27:12","guid":{"rendered":"http:\/\/www.ichtich.de\/?p=199"},"modified":"2025-05-03T10:26:09","modified_gmt":"2025-05-03T10:26:09","slug":"grau-blau-geringelt","status":"publish","type":"post","link":"https:\/\/www.ichtich.de\/?p=199","title":{"rendered":"Grau-blau geringelt \u2026"},"content":{"rendered":"<p style=\"text-align: justify;\">Im Sommer 2014 las ich im Schlosspark der Akademie Tutzing am Starnberger See das Buch \u201eDer Junge und die Taube\u201c von Meir Shalev, im Original \u201eJona we-Na&#8217;ar\u201c und erfuhr dabei vieles \u00fcber \u201eBrieftauben\u201c, \u201ehoming pigeons\u201c.<\/p>\n<p><!--more--><\/p>\n<p style=\"padding-left: 30px;\"><span style=\"color: #808080;\">\u201eWende den Blick nicht von ihr ab, denn sie wird dem Auge sehr schnell entschwinden, schneller als du denkst.\u201c<br \/>\nDas M\u00e4dchen sagte: \u201eSie wird in dem Moment verschwinden, in dem der Wartende sie sieht.\u201c<br \/>\nDoktor Laufer sagte: \u201eDas ist unm\u00f6glich. Das kann nicht sein.\u201c<br \/>\nDas M\u00e4dchen sagte: \u201eAber so wird es sein.\u201c Und Doktor Laufer sah ihren Gesichtsausdruck und sp\u00fcrte, da\u00df sie entgegen aller Logik recht hatte.<\/span><\/p>\n<p>Und ich lernte, beim Heimkommen mein Zuhause zu begr\u00fc\u00dfen:<\/p>\n<p style=\"padding-left: 30px;\"><span style=\"color: #808080;\">Ich steckte den schl\u00fcssel ein und drehte. Du dr\u00fccktest die Klinke, machtest die T\u00fcr auf und sagtest \u201eSchalom, Haus\u2026\u201c ins k\u00fchle Halbd\u00e4mmern. \u201eSagt ihr auch Schalom, Haus\u201c, wies sie uns an, \u201eund h\u00f6rt gut hin, denn es gr\u00fc\u00dft euch zur\u00fcck.\u201c [\u2026]<br \/>\nUnd das Haus freute sich auch auf uns, atmete auf und antwortete, wie du es versprochen hattest.&nbsp;<\/span><\/p>\n<p style=\"padding-left: 30px;\"><img loading=\"lazy\" class=\"wp-image-205 alignnone\" src=\"http:\/\/www.ichtich.de\/wp-content\/uploads\/2016\/06\/Taube-01-e1467285575686-218x300.jpg\" alt=\"Taube 01\" width=\"200\" height=\"275\" srcset=\"https:\/\/www.ichtich.de\/wp-content\/uploads\/2016\/06\/Taube-01-e1467285575686-218x300.jpg 218w, https:\/\/www.ichtich.de\/wp-content\/uploads\/2016\/06\/Taube-01-e1467285575686-768x1055.jpg 768w, https:\/\/www.ichtich.de\/wp-content\/uploads\/2016\/06\/Taube-01-e1467285575686-745x1024.jpg 745w, https:\/\/www.ichtich.de\/wp-content\/uploads\/2016\/06\/Taube-01-e1467285575686-624x858.jpg 624w\" sizes=\"(max-width: 200px) 100vw, 200px\" \/><\/p>\n<p style=\"text-align: justify;\">Noch w\u00e4hrend ich das Buch las, entdeckte ich im Schlosspark die Bronzefigur eines Jungen, der eine Taube \u201eaufl\u00e4sst\u201c \u2013 f\u00fcr mich ein passenderes Bild als \u201el\u2019enfant au pigeon\u201c von Pablo Picasso, das auf meinem Exemplar von \u201eDer Junge mit der Taube\u201c abgebildet war.<\/p>\n<p style=\"padding-left: 30px;\"><img loading=\"lazy\" class=\"wp-image-206 alignnone\" src=\"http:\/\/www.ichtich.de\/wp-content\/uploads\/2016\/06\/Taube-02-300x224.jpg\" alt=\"Taube-02\" width=\"400\" height=\"299\" srcset=\"https:\/\/www.ichtich.de\/wp-content\/uploads\/2016\/06\/Taube-02-300x224.jpg 300w, https:\/\/www.ichtich.de\/wp-content\/uploads\/2016\/06\/Taube-02-768x574.jpg 768w, https:\/\/www.ichtich.de\/wp-content\/uploads\/2016\/06\/Taube-02-1024x765.jpg 1024w, https:\/\/www.ichtich.de\/wp-content\/uploads\/2016\/06\/Taube-02-624x466.jpg 624w\" sizes=\"(max-width: 400px) 100vw, 400px\" \/><\/p>\n<p style=\"text-align: justify;\">Zur\u00fcck aus dem Urlaub musste der Mirabellenbaum im Garten gef\u00e4llt werden, der unter der Last seiner Fr\u00fcchte zusammengebrochen war. Die frei gewordene Stelle im Garten (oder was war es sonst?) lockte&nbsp; eine Brieftaube an: Zehn&nbsp; Tage lang besuchte sie den Garten, marschierte darin herum und pickte sich etwas zu essen, ohne sich von mir st\u00f6ren zu lassen. Bis auf einen Meter lie\u00df sie mich an sich heran \u2013 so nahe, dass ich an einem ihrer Ringe eine Telefonnummer ablesen konnte: 07121. Die Nummer kannte ich, die hatten die Eltern fr\u00fcher als Vorwahl. Ich freute mich \u00fcber den Besuch der Taube aus Schwaben! Schlie\u00dflich konnte ich die ganze Telefonnummer ablesen und sie w\u00e4hlen: \u201eHaben Sie Brieftauben?\u201c, \u201eJa, mein Mann &#8230;\u201c.<\/p>\n<p style=\"padding-left: 30px;\"><img loading=\"lazy\" class=\"wp-image-210 alignnone\" src=\"http:\/\/www.ichtich.de\/wp-content\/uploads\/2016\/06\/Taube-04-300x159.jpg\" alt=\"Taube-04\" width=\"400\" height=\"212\" srcset=\"https:\/\/www.ichtich.de\/wp-content\/uploads\/2016\/06\/Taube-04-300x159.jpg 300w, https:\/\/www.ichtich.de\/wp-content\/uploads\/2016\/06\/Taube-04-768x406.jpg 768w, https:\/\/www.ichtich.de\/wp-content\/uploads\/2016\/06\/Taube-04-1024x541.jpg 1024w, https:\/\/www.ichtich.de\/wp-content\/uploads\/2016\/06\/Taube-04-624x330.jpg 624w, https:\/\/www.ichtich.de\/wp-content\/uploads\/2016\/06\/Taube-04.jpg 1706w\" sizes=\"(max-width: 400px) 100vw, 400px\" \/><\/p>\n<p style=\"text-align: justify;\">Ich erfuhr, dass zwei Wochen zuvor Tauben aus Reutlingen in der N\u00e4he von Landshut aufgelassen worden waren. Dann war ein Unwetter aufgekommen, das die Taube am Heimflug gehindert hatte. Und ich bekam Anweisungen: Ich solle der Taube Wasser und K\u00f6rner geben, denn wenn sie wieder stark sei, schaffe sie es bis nach Hause, vor allem, da demn\u00e4chst wieder in Bayern ein Schwarm Tauben aufgelassen w\u00fcrde:<\/p>\n<p style=\"padding-left: 30px;\"><span style=\"color: #808080;\">\u201eDie Taube ist schlau, wenn sie die anderen Tauben sieht, wird sie mitfliegen!\u201c<\/span><\/p>\n<p style=\"text-align: justify;\">Es gelang mir, die Taube einzufangen und zu einem Freisinger Taubenz\u00fcchtern zu bringen. Ihr&nbsp; Besitzer holte sie einige Zeit sp\u00e4ter dort ab und brachte mir bei seiner Fahrt hierher Blumen.<\/p>\n<p style=\"padding-left: 30px;\"><span style=\"color: #808080;\">Das Gef\u00fchl des zierlichen Taubenk\u00f6rpers in meinen H\u00e4nden ist f\u00fcr mich unvergesslich.<\/span><\/p>\n<p style=\"text-align: justify;\">Eine Freundin \u2013 mit dem Blick der K\u00fcnstlerin \u2013 machte mich aufmerksam, als sie die Fotos von mir und der Taube sah:<\/p>\n<p style=\"padding-left: 30px;\"><span style=\"color: #808080;\">&#8220;Ihr beide passt &nbsp;gut zusammen: beide grau-blau geringelt.<br \/>\nKein Wunder, dass die Taube gerade bei dir gelandet ist!&#8221;<br \/>\n<\/span><\/p>\n<p style=\"padding-left: 30px;\"><img loading=\"lazy\" class=\"wp-image-209 alignnone\" src=\"http:\/\/www.ichtich.de\/wp-content\/uploads\/2016\/06\/Taube-08-c-300x203.jpg\" alt=\"Taube-08-c\" width=\"400\" height=\"271\" srcset=\"https:\/\/www.ichtich.de\/wp-content\/uploads\/2016\/06\/Taube-08-c-300x203.jpg 300w, https:\/\/www.ichtich.de\/wp-content\/uploads\/2016\/06\/Taube-08-c-768x519.jpg 768w, https:\/\/www.ichtich.de\/wp-content\/uploads\/2016\/06\/Taube-08-c-1024x692.jpg 1024w, https:\/\/www.ichtich.de\/wp-content\/uploads\/2016\/06\/Taube-08-c-624x422.jpg 624w, https:\/\/www.ichtich.de\/wp-content\/uploads\/2016\/06\/Taube-08-c.jpg 1471w\" sizes=\"(max-width: 400px) 100vw, 400px\" \/><\/p>\n<p><span style=\"color: #808080;\">(Zitate aus: Meir Shalev, \u201eDer Junge und die Taube\u201c, Diogenes Verlag AG Z\u00fcrich, 2007 (S. 50f und S. 127f); Umschlagbild \u201eL\u2019enfant au pigeon\u201c von Pablo Picasso.<br \/>\nBronzefigur \u201eJ\u00fcngling mit Taube &#8211; Franziskus von Assisi\u201c von Gregor Kruk, 1949.)<\/span><\/p>\n<p style=\"padding-left: 30px;\"><img loading=\"lazy\" class=\"wp-image-207 alignright\" src=\"http:\/\/www.ichtich.de\/wp-content\/uploads\/2016\/06\/Taube-03-225x300.jpg\" alt=\"Taube-03\" width=\"200\" height=\"267\" srcset=\"https:\/\/www.ichtich.de\/wp-content\/uploads\/2016\/06\/Taube-03-225x300.jpg 225w, https:\/\/www.ichtich.de\/wp-content\/uploads\/2016\/06\/Taube-03-768x1024.jpg 768w, https:\/\/www.ichtich.de\/wp-content\/uploads\/2016\/06\/Taube-03-624x832.jpg 624w\" sizes=\"(max-width: 200px) 100vw, 200px\" \/><\/p>\n","protected":false},"excerpt":{"rendered":"<p>Im Sommer 2014 las ich im Schlosspark der Akademie Tutzing am Starnberger See das Buch \u201eDer Junge und die Taube\u201c von Meir Shalev, im Original \u201eJona we-Na&#8217;ar\u201c und erfuhr dabei vieles \u00fcber \u201eBrieftauben\u201c, \u201ehoming pigeons\u201c.<\/p>\n","protected":false},"author":1,"featured_media":208,"comment_status":"closed","ping_status":"closed","sticky":false,"template":"","format":"standard","meta":[],"categories":[4,6],"tags":[73,104,32,58,41],"_links":{"self":[{"href":"https:\/\/www.ichtich.de\/index.php?rest_route=\/wp\/v2\/posts\/199"}],"collection":[{"href":"https:\/\/www.ichtich.de\/index.php?rest_route=\/wp\/v2\/posts"}],"about":[{"href":"https:\/\/www.ichtich.de\/index.php?rest_route=\/wp\/v2\/types\/post"}],"author":[{"embeddable":true,"href":"https:\/\/www.ichtich.de\/index.php?rest_route=\/wp\/v2\/users\/1"}],"replies":[{"embeddable":true,"href":"https:\/\/www.ichtich.de\/index.php?rest_route=%2Fwp%2Fv2%2Fcomments&post=199"}],"version-history":[{"count":17,"href":"https:\/\/www.ichtich.de\/index.php?rest_route=\/wp\/v2\/posts\/199\/revisions"}],"predecessor-version":[{"id":2650,"href":"https:\/\/www.ichtich.de\/index.php?rest_route=\/wp\/v2\/posts\/199\/revisions\/2650"}],"wp:featuredmedia":[{"embeddable":true,"href":"https:\/\/www.ichtich.de\/index.php?rest_route=\/wp\/v2\/media\/208"}],"wp:attachment":[{"href":"https:\/\/www.ichtich.de\/index.php?rest_route=%2Fwp%2Fv2%2Fmedia&parent=199"}],"wp:term":[{"taxonomy":"category","embeddable":true,"href":"https:\/\/www.ichtich.de\/index.php?rest_route=%2Fwp%2Fv2%2Fcategories&post=199"},{"taxonomy":"post_tag","embeddable":true,"href":"https:\/\/www.ichtich.de\/index.php?rest_route=%2Fwp%2Fv2%2Ftags&post=199"}],"curies":[{"name":"wp","href":"https:\/\/api.w.org\/{rel}","templated":true}]}}