{"id":19,"date":"2016-05-30T19:26:16","date_gmt":"2016-05-30T19:26:16","guid":{"rendered":"http:\/\/www.ichtich.de\/?p=19"},"modified":"2025-05-03T10:27:07","modified_gmt":"2025-05-03T10:27:07","slug":"anfang-und-ende-mit-einem-punkt","status":"publish","type":"post","link":"https:\/\/www.ichtich.de\/?p=19","title":{"rendered":"Anfang und Ende mit einem PUNKT"},"content":{"rendered":"<p style=\"text-align: justify;\">Ein Buch sollte drin sein in meiner Schult\u00fcte, ganz klar. Hatte ich \u00fcberhaupt eine Schult\u00fcte? Egal \u2013 ein Buch geh\u00f6rte selbstverst\u00e4ndlich dazu zum Beginn meiner Schulzeit, damals, Mitte der 60er-Jahre.&nbsp; <!--more--><\/p>\n<p style=\"text-align: justify;\">Ein dickes Buch mit spannender Geschichten hatte ich mir gew\u00fcnscht. War es \u201ePinocchio\u201c? Ich wei\u00df es nicht \u2013 &nbsp;denn bekommen habe ich das gew\u00fcnschte Buch nicht. Stattdessen hatte mein Vater sich bei seinem Freund, Buchh\u00e4ndler Schneider von der evangelischen Buchhandlung in Heilbronn, beraten lassen, hat wohl selbst dort gest\u00f6bert \u2013 oder hat sonst woher die Empfehlung f\u00fcr dieses gerade neu erschienene Buch bekommen. Und er wurde f\u00fcndig \u2013 ja, dieses Buch wollte er mir an meinem ersten Schultag mitgeben \u2026<\/p>\n<p style=\"text-align: justify;\">In meiner Erinnerung empfand ich damals das mir zugedachte Buch als Entt\u00e4uschung: ein Bilderbuch, keine richtige Geschichte, nur Punkte, Striche und nur ganz wenig Text \u2013 viel zu wenig Text f\u00fcr die Schulanf\u00e4ngerin, die bald lesen k\u00f6nnen wollte. Erst viele Jahre sp\u00e4ter habe ich erkannt, welchen Schatz ich bekommen hatte, und ich werde noch heute ber\u00fchrt von den einfachen Bildern und Worten des Buches \u201eDER PUNKT\u201c des amerikanischen Autors Cliff Roberts, 1965 in der \u00dcbersetzung von James Kr\u00fcss beim Verlag Friedrich Oetinger in Hamburg erschienen.<\/p>\n<p style=\"text-align: justify;\">Wer das Buch selbst als Kind angeschaut und gelesen hat, dem klingen die vertrauten Worte \u2013 alle in Gro\u00dfbuchstaben geschrieben \u2013 im Ohr:<\/p>\n<p style=\"text-align: justify;\"><img loading=\"lazy\" class=\" wp-image-25 aligncenter\" src=\"http:\/\/www.ichtich.de\/wp-content\/uploads\/2016\/05\/Ein_Punkt-300x215.jpg\" alt=\"Ein_Punkt\" width=\"420\" height=\"301\" srcset=\"https:\/\/www.ichtich.de\/wp-content\/uploads\/2016\/05\/Ein_Punkt-300x215.jpg 300w, https:\/\/www.ichtich.de\/wp-content\/uploads\/2016\/05\/Ein_Punkt-768x550.jpg 768w, https:\/\/www.ichtich.de\/wp-content\/uploads\/2016\/05\/Ein_Punkt-1024x733.jpg 1024w, https:\/\/www.ichtich.de\/wp-content\/uploads\/2016\/05\/Ein_Punkt-624x447.jpg 624w\" sizes=\"(max-width: 420px) 100vw, 420px\" \/><\/p>\n<p>Und weiter:<\/p>\n<p style=\"padding-left: 30px;\">NUN ZIEH IHN LANG<br \/>\nDANN WIRD&#8217;S EIN STRICH<\/p>\n<p style=\"text-align: justify;\">Und so entsteht aus einem runden Kreis, zwei Punkten und zwei Strichen schlie\u00dflich ein Gesicht. Hinzu kommt eine \u2013 traditionelle \u2013 Familie: Vater, Mutter, Tochter, Sohn \u2013 mit Haus, ein Baum davor, in einer Stadt. Es kommen andere St\u00e4dte und noch mehr Menschen dazu, und jeder ist anders und lacht und weint &#8230;<\/p>\n<p style=\"padding-left: 30px;\">WIE DU<\/p>\n<p style=\"text-align: justify;\">Schlie\u00dflich sieht man die Menschen und St\u00e4dte als Teil der Welt:<\/p>\n<p style=\"padding-left: 30px;\">DIE WELT,<br \/>\nDIE SO GROSSM\u00c4CHTIG PRUNKT,<br \/>\nDIE IST VON OBEN NUR<br \/>\nEIN PUNKT<\/p>\n<p style=\"text-align: justify;\">Ich bin ihnen dankbar \u2013 dem Autor Cliff Roberts, seinem \u00dcbersetzer James Kr\u00fcss, dem Oetinger Verlag, dem Buchh\u00e4ndler Schneider und meinem Vater \u2013 f\u00fcr diese wunderbare Einf\u00fchrung in die Welt der Bilder, Menschen und St\u00e4dte, der Buchstaben, Worte, Texte und B\u00fccher.<\/p>\n<p style=\"text-align: left;\"><span style=\"color: #808080;\">(Zitate aus: Cliff Roberts: DER PUNKT, Verlag Friedrich Oetinger, Hamburg, 1965, aus dem Amerikanischen \u00fcbertragen von James Kr\u00fcss)<\/span><\/p>\n<p style=\"text-align: left;\"><span style=\"color: #808080;\">(Foto: (c) 2016 by Mirjam Heintzeler)<\/span><\/p>\n","protected":false},"excerpt":{"rendered":"<p>Ein Buch sollte drin sein in meiner Schult\u00fcte, ganz klar. Hatte ich \u00fcberhaupt eine Schult\u00fcte? Egal \u2013 ein Buch geh\u00f6rte selbstverst\u00e4ndlich dazu zum Beginn meiner Schulzeit, damals, Mitte der 60er-Jahre.&nbsp;<\/p>\n","protected":false},"author":1,"featured_media":25,"comment_status":"closed","ping_status":"closed","sticky":false,"template":"","format":"standard","meta":[],"categories":[60,4],"tags":[42,104,32,58,41],"_links":{"self":[{"href":"https:\/\/www.ichtich.de\/index.php?rest_route=\/wp\/v2\/posts\/19"}],"collection":[{"href":"https:\/\/www.ichtich.de\/index.php?rest_route=\/wp\/v2\/posts"}],"about":[{"href":"https:\/\/www.ichtich.de\/index.php?rest_route=\/wp\/v2\/types\/post"}],"author":[{"embeddable":true,"href":"https:\/\/www.ichtich.de\/index.php?rest_route=\/wp\/v2\/users\/1"}],"replies":[{"embeddable":true,"href":"https:\/\/www.ichtich.de\/index.php?rest_route=%2Fwp%2Fv2%2Fcomments&post=19"}],"version-history":[{"count":10,"href":"https:\/\/www.ichtich.de\/index.php?rest_route=\/wp\/v2\/posts\/19\/revisions"}],"predecessor-version":[{"id":2291,"href":"https:\/\/www.ichtich.de\/index.php?rest_route=\/wp\/v2\/posts\/19\/revisions\/2291"}],"wp:featuredmedia":[{"embeddable":true,"href":"https:\/\/www.ichtich.de\/index.php?rest_route=\/wp\/v2\/media\/25"}],"wp:attachment":[{"href":"https:\/\/www.ichtich.de\/index.php?rest_route=%2Fwp%2Fv2%2Fmedia&parent=19"}],"wp:term":[{"taxonomy":"category","embeddable":true,"href":"https:\/\/www.ichtich.de\/index.php?rest_route=%2Fwp%2Fv2%2Fcategories&post=19"},{"taxonomy":"post_tag","embeddable":true,"href":"https:\/\/www.ichtich.de\/index.php?rest_route=%2Fwp%2Fv2%2Ftags&post=19"}],"curies":[{"name":"wp","href":"https:\/\/api.w.org\/{rel}","templated":true}]}}