{"id":1658,"date":"2018-08-31T09:42:01","date_gmt":"2018-08-31T09:42:01","guid":{"rendered":"https:\/\/www.ichtich.de\/?p=1658"},"modified":"2025-05-03T10:17:03","modified_gmt":"2025-05-03T10:17:03","slug":"finnischer-tango-nicht-nur-in-freising","status":"publish","type":"post","link":"https:\/\/www.ichtich.de\/?p=1658","title":{"rendered":"Finnischer Tango, nicht nur in Freising"},"content":{"rendered":"<p>Dass Finnland und Tango eng miteinander verbunden sind, erfuhren und erlebten wir in ganz unterschiedlichen Begegnungen: beim Tanz mit Heini Soutamo-Kohlrausch und Peter Ripota in Freising, beim H\u00f6ren und Lesen von&nbsp;M. A. Numminen, auf unserer Reise nach Helsinki und auf der F\u00e4hre nach Tallin &#8230;<\/p>\n<p><!--more--><\/p>\n<p>Unsere aus Finnland stammende Tango-Lehrerin Heini Soutamo-Kohlrausch legte auf ihren Milongas in Freising \u00fcberwiegend argentinischen Tango, aber auch finnischen Tango auf. Auf den Milongas <a href=\"http:\/\/tango.peter-ripota.de\/tangodenostalgi-de-3442.html\">Tango de Neostalgia<\/a> h\u00f6rten wir wieder finnischen Tango, den&nbsp;der aus Wien stammende DJ Peter Ripota gerne auflegte. Im Film <a href=\"http:\/\/www.gebrueder-beetz.de\/produktionen\/mittsommernachtstango\">Mittsommernachtstango<\/a>&nbsp;begleiteten wir drei argentinische Musiker durch Finnland auf ihrer Suche nach dem finnischen Tango und h\u00f6rten dabei das bekannte finnische Lied <a href=\"https:\/\/m.youtube.com\/watch?v=QYyI0BJkyNg\">Satumaa<\/a>.<\/p>\n<p>Kein Wunder also, dass wir bei unserer Fahrt nach Helsinki unsere Tanzschuhe dabei hatten und auch Adressen (genauer: eine Adresse), wo wir w\u00e4hrend unseres Aufenthalts Tango tanzen wollten.<\/p>\n<p>Zur Einstimmung auf unsere Reise hatte Stefan das Buch <a href=\"http:\/\/haffmans-tolkemitt.de\/programm\/m-a-numminen-tango-ist-meine-leidenschaft-2\/\">Tango ist meine Leidenschaft<\/a> von M. A. Numminen gelesen und festgestellt: Die Rahmenhandlung um den 35-j\u00e4hrige Virtanen, der Plato \u00fcbertreffen will, indem er erst mit 36 Jahren zum ersten Mal mit einer Frau schl\u00e4ft, sei eher absurd; aus den Beschreibungen vonVirtanens Tanzerlebnissen erf\u00e4hrt man jedoch einiges \u00fcber die damalige Tangowelt Finnlands, insbesondere Helsinkis.<\/p>\n<p>Den Namen \u201eNumminen\u201c hatten wir fr\u00fcher schon geh\u00f6rt, nicht erst jetzt als Autor: in <i>Mittsommernachtstango<\/i> sahen wir Numminen im Gespr\u00e4ch mit den argentinischen Musikern, geh\u00f6rt haben wir ihn bei Peters Milongas, u.a. mit dem Lied <a href=\"https:\/\/m.youtube.com\/watch?v=rx1FMGduFHQ\">Ich und meine Braut sa\u00dfen in dem Park von unserm Parlament<\/a>.&nbsp;Diesen Platz, \u201cin dem Park von unserm Parlament\u201c haben wir nun in Helsinki gesucht. Dazu brauchten wir zuerst den Text auf Finnisch. Das Internet gab &nbsp;uns das <a href=\"https:\/\/www.musixmatch.com\/lyrics\/M-A-Numminen\/Naiseni-kanssa-eduskuntatalon-puistossa\">Lied auf Finnisch:&nbsp;<\/a>\u201eNaiseni kanssa eduskuntatalon puistossa\u201c &nbsp;und dazu ein <a href=\"https:\/\/m.youtube.com\/watch?v=h8OLsf_Z3rI\">Video mit Numminen im&nbsp;<\/a><a href=\"https:\/\/m.youtube.com\/watch?v=h8OLsf_Z3rI\"><i>eduskuntatalon puistossa<\/i><\/a><a href=\"https:\/\/m.youtube.com\/watch?v=h8OLsf_Z3rI\"><em>.<\/em><\/a><\/p>\n<p>Im Nieselregen samt einer mitgebrachten Flasche Rotwein sa\u00dfen wir schlie\u00dflich <i>eduskuntatalon puistossa.&nbsp;&nbsp;<\/i><\/p>\n<p><img loading=\"lazy\" class=\"wp-image-1692 aligncenter size-large\" src=\"https:\/\/www.ichtich.de\/wp-content\/uploads\/2018\/08\/09D59750-18E0-4A80-B38A-8FCB2AF89BD2-1024x769.jpeg\" alt=\"\" width=\"625\" height=\"469\" srcset=\"https:\/\/www.ichtich.de\/wp-content\/uploads\/2018\/08\/09D59750-18E0-4A80-B38A-8FCB2AF89BD2-1024x769.jpeg 1024w, https:\/\/www.ichtich.de\/wp-content\/uploads\/2018\/08\/09D59750-18E0-4A80-B38A-8FCB2AF89BD2-300x225.jpeg 300w, https:\/\/www.ichtich.de\/wp-content\/uploads\/2018\/08\/09D59750-18E0-4A80-B38A-8FCB2AF89BD2-768x577.jpeg 768w, https:\/\/www.ichtich.de\/wp-content\/uploads\/2018\/08\/09D59750-18E0-4A80-B38A-8FCB2AF89BD2-624x468.jpeg 624w, https:\/\/www.ichtich.de\/wp-content\/uploads\/2018\/08\/09D59750-18E0-4A80-B38A-8FCB2AF89BD2.jpeg 1348w\" sizes=\"(max-width: 625px) 100vw, 625px\" \/><\/p>\n<p>*** Einschub ***<br \/>\nIn Bernd Giesekings Buch &#8220;Finne dich selbst&#8221; (Fischer Taschenbuch, 5. Auflage, M\u00e4rz 2014, S. 218) lese ich, wie der Ich-Erz\u00e4hler von Numminens Lied &#8220;Ich mit meiner Braut im Parlamentspark&#8221; erf\u00e4hrt: &#8220;Das Lied wurde verboten [&#8230;] Es hie\u00df, das Lied verf\u00fchre zum Alkoholtrinken in der \u00d6ffentlichkeit und sei eine Verleumdung des finnischen Parlaments.&#8221; Numminen habe gesagt, dass der finnische Tango eine Mischung von deutschen M\u00e4rschen und russischer Romanze sei und als Geh-Tango extra gemacht sei f\u00fcr finnische M\u00e4nner: &#8220;Sie gehen den Tango in eine Richtung, bis ein Hindernis kommt. Dann drehen sie sich um und schieben in die andere Richtung.&#8221;<\/p>\n<p>Und die Musik, und der heutige finnische Tango?<\/p>\n<p>Auf der F\u00e4hre nach Tallin h\u00f6rte Stefan finnischen Tango, gesungen von <a href=\"https:\/\/susannaheikki.fi\">Susanna Heikki<\/a>, und er sah den (eher \u00e4lteren) Tanzpaaren zu. Wir selbst tanzten am Abend Tango argentino im <a href=\"https:\/\/www.tango.fi\/el-atico\">El \u00c1tico<\/a>.<\/p>\n<p><img loading=\"lazy\" class=\"wp-image-1694 aligncenter size-large\" src=\"https:\/\/www.ichtich.de\/wp-content\/uploads\/2018\/08\/1CB244C6-1BEE-43A9-B478-0B59947EFEF3-708x1024.jpeg\" alt=\"\" width=\"625\" height=\"904\" srcset=\"https:\/\/www.ichtich.de\/wp-content\/uploads\/2018\/08\/1CB244C6-1BEE-43A9-B478-0B59947EFEF3-708x1024.jpeg 708w, https:\/\/www.ichtich.de\/wp-content\/uploads\/2018\/08\/1CB244C6-1BEE-43A9-B478-0B59947EFEF3-208x300.jpeg 208w, https:\/\/www.ichtich.de\/wp-content\/uploads\/2018\/08\/1CB244C6-1BEE-43A9-B478-0B59947EFEF3-768x1110.jpeg 768w, https:\/\/www.ichtich.de\/wp-content\/uploads\/2018\/08\/1CB244C6-1BEE-43A9-B478-0B59947EFEF3-624x902.jpeg 624w, https:\/\/www.ichtich.de\/wp-content\/uploads\/2018\/08\/1CB244C6-1BEE-43A9-B478-0B59947EFEF3.jpeg 1162w\" sizes=\"(max-width: 625px) 100vw, 625px\" \/><\/p>\n","protected":false},"excerpt":{"rendered":"<p>Dass Finnland und Tango eng miteinander verbunden sind, erfuhren und erlebten wir in ganz unterschiedlichen Begegnungen: beim Tanz mit Heini Soutamo-Kohlrausch und Peter Ripota in Freising, beim H\u00f6ren und Lesen von&nbsp;M. A. Numminen, auf unserer Reise nach Helsinki und auf der F\u00e4hre nach Tallin &#8230;<\/p>\n","protected":false},"author":1,"featured_media":1693,"comment_status":"closed","ping_status":"closed","sticky":false,"template":"","format":"standard","meta":[],"categories":[55,7,4,15,18],"tags":[104,58,34,44,21],"_links":{"self":[{"href":"https:\/\/www.ichtich.de\/index.php?rest_route=\/wp\/v2\/posts\/1658"}],"collection":[{"href":"https:\/\/www.ichtich.de\/index.php?rest_route=\/wp\/v2\/posts"}],"about":[{"href":"https:\/\/www.ichtich.de\/index.php?rest_route=\/wp\/v2\/types\/post"}],"author":[{"embeddable":true,"href":"https:\/\/www.ichtich.de\/index.php?rest_route=\/wp\/v2\/users\/1"}],"replies":[{"embeddable":true,"href":"https:\/\/www.ichtich.de\/index.php?rest_route=%2Fwp%2Fv2%2Fcomments&post=1658"}],"version-history":[{"count":38,"href":"https:\/\/www.ichtich.de\/index.php?rest_route=\/wp\/v2\/posts\/1658\/revisions"}],"predecessor-version":[{"id":1811,"href":"https:\/\/www.ichtich.de\/index.php?rest_route=\/wp\/v2\/posts\/1658\/revisions\/1811"}],"wp:featuredmedia":[{"embeddable":true,"href":"https:\/\/www.ichtich.de\/index.php?rest_route=\/wp\/v2\/media\/1693"}],"wp:attachment":[{"href":"https:\/\/www.ichtich.de\/index.php?rest_route=%2Fwp%2Fv2%2Fmedia&parent=1658"}],"wp:term":[{"taxonomy":"category","embeddable":true,"href":"https:\/\/www.ichtich.de\/index.php?rest_route=%2Fwp%2Fv2%2Fcategories&post=1658"},{"taxonomy":"post_tag","embeddable":true,"href":"https:\/\/www.ichtich.de\/index.php?rest_route=%2Fwp%2Fv2%2Ftags&post=1658"}],"curies":[{"name":"wp","href":"https:\/\/api.w.org\/{rel}","templated":true}]}}