{"id":1613,"date":"2018-08-19T15:29:50","date_gmt":"2018-08-19T15:29:50","guid":{"rendered":"https:\/\/www.ichtich.de\/?p=1613"},"modified":"2025-05-03T10:17:28","modified_gmt":"2025-05-03T10:17:28","slug":"nashi-waehe-im-tessin","status":"publish","type":"post","link":"https:\/\/www.ichtich.de\/?p=1613","title":{"rendered":"Nashi-W\u00e4he im Tessin"},"content":{"rendered":"<p>Was macht man auf der Bergh\u00fctte &#8211; genauer: im Rustico im Tessin &#8211; wenn man zum Besuch bei Freunden einen Kuchen mitbringen m\u00f6chte? Klar: man \u00fcberlegt, welche Zutaten vorhanden sind und welche Rezepte einem zu diesen Zutaten einfallen.<\/p>\n<p><!--more--><\/p>\n<p>Mehl, Butter, Zucker, Eier. Kein Obst. Kein Obst? Doch, da sind doch diese mitgebrachten Nashis. Eignen die sich f\u00fcr einen Kuchen? Einen Kuchen in der Schweiz &#8211; eine W\u00e4he?<\/p>\n<p>Eine W\u00e4he: ein Kuchen aus M\u00fcrbeteig, Obst oder Gem\u00fcse darauf und eine Eiersosse dar\u00fcber &#8211; das ist alles.<\/p>\n<p>Ran ans Gemeinschaftswerk!<\/p>\n<p>Der Boden: ein M\u00fcrbeteig nach Mutters Rezept: \u201eHalb halb halb\u201c,&nbsp;und ein Ei dabei.<\/p>\n<p>250 g Mehl<br \/>\n125 g Butter<br \/>\n62,5 g Zucker<br \/>\n1 Ei<br \/>\nDazu etwas Vanillezucker.<\/p>\n<p>Mit dem Messer (lieber: Sp\u00e4tzleschaber) die Zutaten vermischen und zerhacken.&nbsp;Eigentlich: kalte Butter in Fl\u00f6ckchen zerschneiden &#8230;&nbsp;Den Teig kneten &#8211; wenn der Teig zu weich ist, noch etwas Mehl hinzuf\u00fcgen &#8211; und&nbsp;im K\u00fchlschrank ruhen lassen, mindestens eine halbe Stunde, nach&nbsp;Oma: mindestens 1 Stunde.<\/p>\n<p><img loading=\"lazy\" class=\"aligncenter size-large wp-image-1621\" src=\"https:\/\/www.ichtich.de\/wp-content\/uploads\/2018\/08\/0A249F7A-067B-4296-AE88-A5F157172B39-1024x768.jpeg\" alt=\"\" width=\"625\" height=\"469\"><\/p>\n<p><img loading=\"lazy\" class=\"aligncenter size-large wp-image-1622\" src=\"https:\/\/www.ichtich.de\/wp-content\/uploads\/2018\/08\/E1462885-5B14-4E0F-AD47-6660C948D9AF-1024x768.jpeg\" alt=\"\" width=\"625\" height=\"469\"><\/p>\n<p><img loading=\"lazy\" class=\"aligncenter size-large wp-image-1623\" src=\"https:\/\/www.ichtich.de\/wp-content\/uploads\/2018\/08\/2320370A-7FA1-4D59-93E0-7FB3489848E4-e1534689180342-1024x768.jpeg\" alt=\"\" width=\"625\" height=\"469\" srcset=\"https:\/\/www.ichtich.de\/wp-content\/uploads\/2018\/08\/2320370A-7FA1-4D59-93E0-7FB3489848E4-e1534689180342-1024x768.jpeg 1024w, https:\/\/www.ichtich.de\/wp-content\/uploads\/2018\/08\/2320370A-7FA1-4D59-93E0-7FB3489848E4-e1534689180342-300x225.jpeg 300w, https:\/\/www.ichtich.de\/wp-content\/uploads\/2018\/08\/2320370A-7FA1-4D59-93E0-7FB3489848E4-e1534689180342-768x576.jpeg 768w, https:\/\/www.ichtich.de\/wp-content\/uploads\/2018\/08\/2320370A-7FA1-4D59-93E0-7FB3489848E4-e1534689180342-624x468.jpeg 624w, https:\/\/www.ichtich.de\/wp-content\/uploads\/2018\/08\/2320370A-7FA1-4D59-93E0-7FB3489848E4-e1534689180342.jpeg 1600w\" sizes=\"(max-width: 625px) 100vw, 625px\" \/><\/p>\n<p>Den Teig mit dem Wellholz d\u00fcnn ausrollen, die&nbsp;Kuchenform mit Butter einfetten und mit Semmelbr\u00f6sel bestreuen, die&nbsp;&nbsp;Kuchenform mit dem ca. 4 mm d\u00fcnnen Teig auslegen.<\/p>\n<p><img loading=\"lazy\" class=\"aligncenter size-large wp-image-1624\" src=\"https:\/\/www.ichtich.de\/wp-content\/uploads\/2018\/08\/7AED0968-943D-45A1-B6A3-7900937B6F9A-e1534691366265-768x1024.jpeg\" alt=\"\" width=\"625\" height=\"833\" srcset=\"https:\/\/www.ichtich.de\/wp-content\/uploads\/2018\/08\/7AED0968-943D-45A1-B6A3-7900937B6F9A-e1534691366265-768x1024.jpeg 768w, https:\/\/www.ichtich.de\/wp-content\/uploads\/2018\/08\/7AED0968-943D-45A1-B6A3-7900937B6F9A-e1534691366265-225x300.jpeg 225w, https:\/\/www.ichtich.de\/wp-content\/uploads\/2018\/08\/7AED0968-943D-45A1-B6A3-7900937B6F9A-e1534691366265-624x832.jpeg 624w, https:\/\/www.ichtich.de\/wp-content\/uploads\/2018\/08\/7AED0968-943D-45A1-B6A3-7900937B6F9A-e1534691366265.jpeg 1200w\" sizes=\"(max-width: 625px) 100vw, 625px\" \/><\/p>\n<p><img loading=\"lazy\" class=\"aligncenter size-large wp-image-1628\" src=\"https:\/\/www.ichtich.de\/wp-content\/uploads\/2018\/08\/2B5FC75D-90AB-4E2E-B2F0-5D6C1EF3D7AF-768x1024.jpeg\" alt=\"\" width=\"625\" height=\"833\"><\/p>\n<p>Das Obst: die Nashi von Stiel und Geh\u00e4use befreien und in Schnitze schneiden.&nbsp;Die So\u00dfe:&nbsp;1 Ei,&nbsp;Reismilch (statt Sahne),&nbsp;Zucker &#8211; verquirlen.&nbsp;Den Kuchenboden mit den Nashi-Schnitzen belegen, die So\u00dfe dar\u00fcber und ab in den Backofen bei etwa 200 Grad f\u00fcr etwa 40 Minuten.<\/p>\n<p><img loading=\"lazy\" class=\"aligncenter size-large wp-image-1645\" src=\"https:\/\/www.ichtich.de\/wp-content\/uploads\/2018\/08\/1094A739-9BB7-4FCC-8DDD-F951E568840E-1024x815.jpeg\" alt=\"\" width=\"625\" height=\"497\"><\/p>\n<p><img loading=\"lazy\" class=\"aligncenter size-large wp-image-1627\" src=\"https:\/\/www.ichtich.de\/wp-content\/uploads\/2018\/08\/2BDFFBC0-9E52-40D8-BBDE-CEDF381B3372-882x1024.jpeg\" alt=\"\" width=\"625\" height=\"726\"><\/p>\n<p><img loading=\"lazy\" class=\"aligncenter size-large wp-image-1629\" src=\"https:\/\/www.ichtich.de\/wp-content\/uploads\/2018\/08\/6A620084-178C-4501-B316-9BA27B0DA4B1-e1534691923687-768x1024.jpeg\" alt=\"\" width=\"625\" height=\"833\" srcset=\"https:\/\/www.ichtich.de\/wp-content\/uploads\/2018\/08\/6A620084-178C-4501-B316-9BA27B0DA4B1-e1534691923687-768x1024.jpeg 768w, https:\/\/www.ichtich.de\/wp-content\/uploads\/2018\/08\/6A620084-178C-4501-B316-9BA27B0DA4B1-e1534691923687-225x300.jpeg 225w, https:\/\/www.ichtich.de\/wp-content\/uploads\/2018\/08\/6A620084-178C-4501-B316-9BA27B0DA4B1-e1534691923687-624x832.jpeg 624w, https:\/\/www.ichtich.de\/wp-content\/uploads\/2018\/08\/6A620084-178C-4501-B316-9BA27B0DA4B1-e1534691923687.jpeg 1200w\" sizes=\"(max-width: 625px) 100vw, 625px\" \/><\/p>\n<p><img loading=\"lazy\" class=\"aligncenter size-large wp-image-1630\" src=\"https:\/\/www.ichtich.de\/wp-content\/uploads\/2018\/08\/25DA006E-4978-40FA-A719-58915B78F06D-1024x768.jpeg\" alt=\"\" width=\"625\" height=\"469\"><\/p>\n<p>Die Nashi-W\u00e4he aus dem Ofen holen, abk\u00fchlen lassen und mit Kaffee genie\u00dfen.<\/p>\n<p><img loading=\"lazy\" class=\"aligncenter size-large wp-image-1631\" src=\"https:\/\/www.ichtich.de\/wp-content\/uploads\/2018\/08\/85917AD8-7FE2-4865-AE0C-1DED90086088-e1534692098287-768x1024.jpeg\" alt=\"\" width=\"625\" height=\"833\" srcset=\"https:\/\/www.ichtich.de\/wp-content\/uploads\/2018\/08\/85917AD8-7FE2-4865-AE0C-1DED90086088-e1534692098287-768x1024.jpeg 768w, https:\/\/www.ichtich.de\/wp-content\/uploads\/2018\/08\/85917AD8-7FE2-4865-AE0C-1DED90086088-e1534692098287-225x300.jpeg 225w, https:\/\/www.ichtich.de\/wp-content\/uploads\/2018\/08\/85917AD8-7FE2-4865-AE0C-1DED90086088-e1534692098287-624x832.jpeg 624w, https:\/\/www.ichtich.de\/wp-content\/uploads\/2018\/08\/85917AD8-7FE2-4865-AE0C-1DED90086088-e1534692098287.jpeg 1200w\" sizes=\"(max-width: 625px) 100vw, 625px\" \/><\/p>\n<p>&nbsp;<\/p>\n<p>&nbsp;<\/p>\n","protected":false},"excerpt":{"rendered":"<p>Was macht man auf der Bergh\u00fctte &#8211; genauer: im Rustico im Tessin &#8211; wenn man zum Besuch bei Freunden einen Kuchen mitbringen m\u00f6chte? Klar: man \u00fcberlegt, welche Zutaten vorhanden sind und welche Rezepte einem zu diesen Zutaten einfallen.<\/p>\n","protected":false},"author":1,"featured_media":1633,"comment_status":"closed","ping_status":"closed","sticky":false,"template":"","format":"standard","meta":[],"categories":[11,7],"tags":[30,44],"_links":{"self":[{"href":"https:\/\/www.ichtich.de\/index.php?rest_route=\/wp\/v2\/posts\/1613"}],"collection":[{"href":"https:\/\/www.ichtich.de\/index.php?rest_route=\/wp\/v2\/posts"}],"about":[{"href":"https:\/\/www.ichtich.de\/index.php?rest_route=\/wp\/v2\/types\/post"}],"author":[{"embeddable":true,"href":"https:\/\/www.ichtich.de\/index.php?rest_route=\/wp\/v2\/users\/1"}],"replies":[{"embeddable":true,"href":"https:\/\/www.ichtich.de\/index.php?rest_route=%2Fwp%2Fv2%2Fcomments&post=1613"}],"version-history":[{"count":18,"href":"https:\/\/www.ichtich.de\/index.php?rest_route=\/wp\/v2\/posts\/1613\/revisions"}],"predecessor-version":[{"id":1902,"href":"https:\/\/www.ichtich.de\/index.php?rest_route=\/wp\/v2\/posts\/1613\/revisions\/1902"}],"wp:featuredmedia":[{"embeddable":true,"href":"https:\/\/www.ichtich.de\/index.php?rest_route=\/wp\/v2\/media\/1633"}],"wp:attachment":[{"href":"https:\/\/www.ichtich.de\/index.php?rest_route=%2Fwp%2Fv2%2Fmedia&parent=1613"}],"wp:term":[{"taxonomy":"category","embeddable":true,"href":"https:\/\/www.ichtich.de\/index.php?rest_route=%2Fwp%2Fv2%2Fcategories&post=1613"},{"taxonomy":"post_tag","embeddable":true,"href":"https:\/\/www.ichtich.de\/index.php?rest_route=%2Fwp%2Fv2%2Ftags&post=1613"}],"curies":[{"name":"wp","href":"https:\/\/api.w.org\/{rel}","templated":true}]}}