{"id":1350,"date":"2018-05-21T20:23:43","date_gmt":"2018-05-21T20:23:43","guid":{"rendered":"https:\/\/www.ichtich.de\/?p=1350"},"modified":"2025-05-03T10:19:46","modified_gmt":"2025-05-03T10:19:46","slug":"schau-an-der-schoenen-garten-zier","status":"publish","type":"post","link":"https:\/\/www.ichtich.de\/?p=1350","title":{"rendered":"\u201eIch selber kann und mag nicht ruhn &#8230;\u201c"},"content":{"rendered":"<p>Nein, den gr\u00fcnen Daumen meiner Mutter habe ich nicht geerbt, und unser Garten bekommt nur wenig Pflege von mir. Und doch gedeihen hier ein paar Pfl\u00e4nzchen und Pflanzen, die uns viel bedeuten.<\/p>\n<p><!--more--><\/p>\n<p>Am l\u00e4ngsten ist bei uns die Pfingstrose. Jedes Jahr denke ich daran, wie wir die Pfingstrose zur Hochzeit geschenkt bekamen, damals, als wir noch in der Innenstadt, mit Balkon, gewohnt hatten. Zwei Umz\u00fcge hat sie schon miterlebt und gut \u00fcberstanden. Jedes Jahr aufs Neue erleben wird das <a href=\"https:\/\/www.ichtich.de\/?p=47\">Wunder<\/a>, wenn die Knospen aufplatzen und die Bl\u00fctenbl\u00e4tterpracht hervorquillt.<\/p>\n<p><img loading=\"lazy\" class=\"aligncenter size-large wp-image-1359\" src=\"https:\/\/www.ichtich.de\/wp-content\/uploads\/2018\/05\/Pfingstrose-2018-05-21-1024x768.jpg\" alt=\"\" width=\"625\" height=\"469\"><\/p>\n<p>Die Tamariske haben wir vor Jahren bei den Gartentagen an einem Stand gekauft, an dem es Pflanzen aus der Bibel zu sehen gab. Dort erfuhren wir \u2013 so unsere Erinnerung: Moses hatte eine Tamariske gepflanzt, als er ins Gelobte Land schaute (tats\u00e4chlich war es Abraham, der in Beerscheba einen Tamariskenbaum gepflanzt hatte, nachzulesen bei <a href=\"https:\/\/www.bibelwissenschaft.de\/online-bibeln\/gute-nachricht-bibel\/bibeltext\/bibel\/text\/lesen\/stelle\/1\/210033\/210033\/ch\/93a86384c3f81e14f90eb383c9dd6f83\/\">1. Mose 21, 33<\/a>).<\/p>\n<p>Ja, eine Tamariske sollte im Garten am Sonnenfeld wachsen. Beim Umzug zwei, drei Jahre sp\u00e4ter war sie noch recht klein. Doch im neuen Garten gedieh sie, der neue Standort tat ihr gut. Damit war klar: Wenn die Tamariske sich hier wohlf\u00fchlt, ist das auch ein guter Platz f\u00fcr uns. Die Pflanze selbst ist eher unscheinbar, nur im Fr\u00fchjahr bl\u00fcht sie kurze Zeit mit unz\u00e4hligen kleinen rosa Bl\u00fcten und zeigt uns: Hier ist euer Zuhause.<\/p>\n<p><img loading=\"lazy\" class=\"aligncenter size-large wp-image-1361\" src=\"https:\/\/www.ichtich.de\/wp-content\/uploads\/2018\/05\/Tamariske-2018-05-21-1024x768.jpg\" alt=\"\" width=\"625\" height=\"469\"><\/p>\n<p>Die Rose im Garten hatten wir vom Vormieter \u00fcbernommen. Sie war lange recht k\u00fcmmerlich anzusehen und musste auch unsanfte Tritte beim Bau eines neuen Terrassengel\u00e4nders ertragen. Doch seit gut f\u00fcnf Jahren breitet sie sich aus und tr\u00e4gt ihre Bl\u00fcten, erst zart und zugeknospt, dann weit zur Sonne hin ge\u00f6ffnet.<\/p>\n<p><img loading=\"lazy\" class=\"aligncenter size-large wp-image-1360\" src=\"https:\/\/www.ichtich.de\/wp-content\/uploads\/2018\/05\/Rose-2018-05-21-1024x768.jpg\" alt=\"\" width=\"625\" height=\"469\"><\/p>\n<p>Zum Geburtstag vor neun Jahren wurde mir zum <a href=\"https:\/\/www.youtube.com\/watch?v=QRb0cc0_X7M\">JDD-Rap \u201eDer Herr von Ribbeck auf Ribbeck im Havelland\u201c<\/a> \u2013 nach Fontanes Gedicht \u2013 ein Zwergbirnbaum \u00fcberreicht. Seit Jahren erfreut uns der Baum im Fr\u00fchjahr mit seinen Bl\u00fcten \u2013 nur Fr\u00fcchte hatte er bisher keine getragen. In diesem Jahr nun zeigen sich erstmals Fr\u00fcchte, die stark genug zu sein scheinen, bis zum Herbst durchzuhalten. Wir hoffen, dass wir davon im Herbst&nbsp; essen k\u00f6nnen, wenn es hei\u00dft:<a href=\"http:\/\/www.vonribbeck.de\/gedicht-herr-von-ribbeck-auf-ribbeck-im-havelland\/\"> \u201eUnd in der goldenen Herbsteszeit leuchtet\u2018s wieder weit und breit &#8230;<\/a><a href=\"https:\/\/www.youtube.com\/watch?v=QRb0cc0_X7M\">\u201c<\/a><\/p>\n<p><img loading=\"lazy\" class=\"aligncenter size-large wp-image-1357\" src=\"https:\/\/www.ichtich.de\/wp-content\/uploads\/2018\/05\/Birne-2018-05-21-1024x768.jpg\" alt=\"\" width=\"625\" height=\"469\"><\/p>\n<p>Als Dank f\u00fcr viele Jahre Mitarbeit im Kindergottesdienst bekam ich vor einigen Jahren einen Weinstock geschenkt. Beim \u00dcberreichen der Pflanze war ich v\u00f6llig \u00fcberrascht: Nie hatte ich bisher daran gedacht, eine Traube zu pflanzen. Doch als ich den Weinstock in meinen H\u00e4nden hielt, wusste ich, dass dies die richtige Pflanze war, die mich mit meiner Heimat verband.<a href=\"https:\/\/www.ichtich.de\/?p=968\"> Lecker im Herbst die goldenen Trauben!<\/a><\/p>\n<p><img loading=\"lazy\" class=\"aligncenter size-large wp-image-1362\" src=\"https:\/\/www.ichtich.de\/wp-content\/uploads\/2018\/05\/Weintraube-2018-05-21-1024x768.jpg\" alt=\"\" width=\"625\" height=\"469\"><\/p>\n<p>Vor Jahren brach der Mirabellenbaum im Garten entzwei: zu schwer war die Last der Fr\u00fcchte, zu stark die Regeng\u00fcsse im August. Wir vermissten den Baum, noch lange ragte der alte Stamm aus dem Boden. In diesem Jahr endlich gruben wir ihn m\u00fchsamelig aus, und dann standen wir zu dritt in der Baumschule vor Apfel-, Birnen- und Quittenb\u00e4umchen \u2013 und sagten zueinander pl\u00f6tzlich: \u201eNashi? Nashi!\u201c So kauften wir einen <a href=\"https:\/\/www.ndr.de\/ratgeber\/garten\/nutzpflanzen\/Eine-Nashi-Birne-pflanzen-und-pflegen,nashibirne100.html\">Nashibaum<\/a>, er ist schon gepflanzt, am Platz der Mirabelle.<\/p>\n<p>Wir hoffen, dass die Nashi Fr\u00fcchte tragen wird, und setzen bei der Frage nach der Befruchtung auf die Mithilfe der Birnen und Bienen der Nachbarschaft. So zeigt uns dieses kleine B\u00e4umchen, wie es auf die gute Gemeinschaft der Pflanzen, Tieren und Menschen in unserer Nachbarschaft angewiesen ist.<\/p>\n<p><img loading=\"lazy\" class=\"aligncenter size-large wp-image-1358\" src=\"https:\/\/www.ichtich.de\/wp-content\/uploads\/2018\/05\/Nashi-2018-05-21-1024x768.jpg\" alt=\"\" width=\"625\" height=\"469\"><\/p>\n<blockquote><p>\u201eGeh aus mein Herz und suche Freud<br \/>\nin dieser lieben Sommerzeit<br \/>\nan deines Gottes Gaben.<br \/>\nSchau an der sch\u00f6nen G\u00e4rten Zier<br \/>\nund siehe, wie sie mir und dir<br \/>\nsich ausgeschm\u00fccket haben.\u201c (Paul Gerhardt, 1653)<\/p><\/blockquote>\n<p>Nachtrag zwei Wochen sp\u00e4ter, Anfang Juni:<\/p>\n<p><img loading=\"lazy\" class=\" wp-image-1400 aligncenter\" src=\"https:\/\/www.ichtich.de\/wp-content\/uploads\/2018\/05\/Pfingstrose-2018-06-03-1024x768.jpg\" alt=\"\" width=\"300\" height=\"225\"> <img loading=\"lazy\" class=\"aligncenter wp-image-1402\" src=\"https:\/\/www.ichtich.de\/wp-content\/uploads\/2018\/05\/Tamariske-2018-06-03-1024x768.jpg\" alt=\"\" width=\"300\" height=\"225\"><\/p>\n<p><img loading=\"lazy\" class=\"aligncenter wp-image-1403\" src=\"https:\/\/www.ichtich.de\/wp-content\/uploads\/2018\/05\/Rose-2018-06-03-1024x768.jpg\" alt=\"\" width=\"300\" height=\"225\"><\/p>\n<p><img loading=\"lazy\" class=\"aligncenter wp-image-1404\" src=\"https:\/\/www.ichtich.de\/wp-content\/uploads\/2018\/05\/Birne-2018-06-03-1024x768.jpg\" alt=\"\" width=\"300\" height=\"225\"><\/p>\n<p><img loading=\"lazy\" class=\"aligncenter wp-image-1399\" src=\"https:\/\/www.ichtich.de\/wp-content\/uploads\/2018\/05\/Weintraube-2018-06-03-1024x768.jpg\" alt=\"\" width=\"301\" height=\"226\"><\/p>\n<p><img loading=\"lazy\" class=\"aligncenter wp-image-1401\" src=\"https:\/\/www.ichtich.de\/wp-content\/uploads\/2018\/05\/Nashi-2018-06-03-1024x768.jpg\" alt=\"\" width=\"300\" height=\"225\"><\/p>\n<p>&nbsp;<\/p>\n<p>&nbsp;<\/p>\n","protected":false},"excerpt":{"rendered":"<p>Nein, den gr\u00fcnen Daumen meiner Mutter habe ich nicht geerbt, und unser Garten bekommt nur wenig Pflege von mir. Und doch gedeihen hier ein paar Pfl\u00e4nzchen und Pflanzen, die uns viel bedeuten.<\/p>\n","protected":false},"author":1,"featured_media":1379,"comment_status":"closed","ping_status":"closed","sticky":false,"template":"","format":"standard","meta":[],"categories":[16,4,15,6,17],"tags":[42,58,35,37],"_links":{"self":[{"href":"https:\/\/www.ichtich.de\/index.php?rest_route=\/wp\/v2\/posts\/1350"}],"collection":[{"href":"https:\/\/www.ichtich.de\/index.php?rest_route=\/wp\/v2\/posts"}],"about":[{"href":"https:\/\/www.ichtich.de\/index.php?rest_route=\/wp\/v2\/types\/post"}],"author":[{"embeddable":true,"href":"https:\/\/www.ichtich.de\/index.php?rest_route=\/wp\/v2\/users\/1"}],"replies":[{"embeddable":true,"href":"https:\/\/www.ichtich.de\/index.php?rest_route=%2Fwp%2Fv2%2Fcomments&post=1350"}],"version-history":[{"count":19,"href":"https:\/\/www.ichtich.de\/index.php?rest_route=\/wp\/v2\/posts\/1350\/revisions"}],"predecessor-version":[{"id":1810,"href":"https:\/\/www.ichtich.de\/index.php?rest_route=\/wp\/v2\/posts\/1350\/revisions\/1810"}],"wp:featuredmedia":[{"embeddable":true,"href":"https:\/\/www.ichtich.de\/index.php?rest_route=\/wp\/v2\/media\/1379"}],"wp:attachment":[{"href":"https:\/\/www.ichtich.de\/index.php?rest_route=%2Fwp%2Fv2%2Fmedia&parent=1350"}],"wp:term":[{"taxonomy":"category","embeddable":true,"href":"https:\/\/www.ichtich.de\/index.php?rest_route=%2Fwp%2Fv2%2Fcategories&post=1350"},{"taxonomy":"post_tag","embeddable":true,"href":"https:\/\/www.ichtich.de\/index.php?rest_route=%2Fwp%2Fv2%2Ftags&post=1350"}],"curies":[{"name":"wp","href":"https:\/\/api.w.org\/{rel}","templated":true}]}}