{"id":1320,"date":"2018-05-07T19:12:56","date_gmt":"2018-05-07T19:12:56","guid":{"rendered":"https:\/\/www.ichtich.de\/?p=1320"},"modified":"2022-09-26T07:36:37","modified_gmt":"2022-09-26T07:36:37","slug":"annas-wuerde-staerke-sehnsuechte-und-traeume","status":"publish","type":"post","link":"https:\/\/www.ichtich.de\/?p=1320","title":{"rendered":"Annas W\u00fcrde, St\u00e4rke, Sehns\u00fcchte und Tr\u00e4ume"},"content":{"rendered":"<p>Eine spannende Reise liegt hinter mir, vom Freisinger Domberg \u00fcber das m\u00e4hrischen \u201eAltvatergebirge\u201c weiter ins M\u00fcnsterland und von dort wieder zur\u00fcck auf den Domberg: mit Angelika Schl\u00fcter und ihrer Urgro\u00dfmutter Anna.<\/p>\n<p><!--more--><\/p>\n<p>\u201eDie W\u00fcrde der Anna \u2013 Portr\u00e4t einer au\u00dfergew\u00f6hnlichen Frau\u201c, so lautet der Titel des multimedialen Kunstprojekts von <a href=\"http:\/\/www.angelikaschlueter.de\/start.htm\">Angelika Schl\u00fcter<\/a>. Im Zentrum steht Anna (1867\u20131947), die Urgro\u00dfmutter der Autorin und K\u00fcnstlerin: Anna und ihre \u2013 und auch unsere? \u2013 W\u00fcrde, St\u00e4rke, Menschlichkeit, aber auch ihre Sehns\u00fcchte und Tr\u00e4ume.<\/p>\n<p>Die <a href=\"http:\/\/www.die-wuerde-der-anna.de\/\">Lebensgeschichte der Anna<\/a> ist nicht nur in Worte gefasst, erz\u00e4hlt von einem Sprecher, der die Ereignisse von au\u00dfen betrachtet, und von einer Sprecherin, die Annas innerste Gedanken schildert. Parallel zum Text erstellte Angelika Schl\u00fcter eine Wandcollage mit Fotos, Zeichnungen, Briefen, kleinen Installationen und Sammelgut. Auf einem extra f\u00fcr die Reise vorbereiteten Tisch werden zur Erz\u00e4hlung passende Objekte pr\u00e4sentiert.\u00a0<img loading=\"lazy\" class=\"aligncenter size-full wp-image-1323\" src=\"https:\/\/www.ichtich.de\/wp-content\/uploads\/2018\/05\/Anna-Karton-k.jpg\" alt=\"\" width=\"1000\" height=\"827\" srcset=\"https:\/\/www.ichtich.de\/wp-content\/uploads\/2018\/05\/Anna-Karton-k.jpg 1000w, https:\/\/www.ichtich.de\/wp-content\/uploads\/2018\/05\/Anna-Karton-k-300x248.jpg 300w, https:\/\/www.ichtich.de\/wp-content\/uploads\/2018\/05\/Anna-Karton-k-768x635.jpg 768w, https:\/\/www.ichtich.de\/wp-content\/uploads\/2018\/05\/Anna-Karton-k-624x516.jpg 624w\" sizes=\"(max-width: 1000px) 100vw, 1000px\" \/>\u00a0Als Erg\u00e4nzung zu dem mit Musik unterlegten H\u00f6rspiel konnten die Besucherinnen im Gespr\u00e4ch mit der im M\u00fcnsterland lebenden K\u00fcnstlerin mehr erfahren \u00fcber Anna, ihr Leben, ihre Familie, aber auch \u00fcber die Arbeit und das Vorgehen von Angelika Schl\u00fcter bei der Erstellung ihres Kunstwerks.<\/p>\n<p style=\"text-align: center;\">Eine anregende, bereichernde Begegnung, sonntags am Domberg.<\/p>\n<p><img loading=\"lazy\" class=\"aligncenter size-full wp-image-1324\" src=\"https:\/\/www.ichtich.de\/wp-content\/uploads\/2018\/05\/Anna-Tisch-k.jpg\" alt=\"\" width=\"1000\" height=\"878\" srcset=\"https:\/\/www.ichtich.de\/wp-content\/uploads\/2018\/05\/Anna-Tisch-k.jpg 1000w, https:\/\/www.ichtich.de\/wp-content\/uploads\/2018\/05\/Anna-Tisch-k-300x263.jpg 300w, https:\/\/www.ichtich.de\/wp-content\/uploads\/2018\/05\/Anna-Tisch-k-768x674.jpg 768w, https:\/\/www.ichtich.de\/wp-content\/uploads\/2018\/05\/Anna-Tisch-k-624x548.jpg 624w\" sizes=\"(max-width: 1000px) 100vw, 1000px\" \/><\/p>\n","protected":false},"excerpt":{"rendered":"<p>Eine spannende Reise liegt hinter mir, vom Freisinger Domberg \u00fcber das m\u00e4hrischen \u201eAltvatergebirge\u201c weiter ins M\u00fcnsterland und von dort wieder zur\u00fcck auf den Domberg: mit Angelika Schl\u00fcter und ihrer Urgro\u00dfmutter Anna.<\/p>\n","protected":false},"author":1,"featured_media":1322,"comment_status":"open","ping_status":"closed","sticky":false,"template":"","format":"standard","meta":[],"categories":[50,7,4,5],"tags":[],"_links":{"self":[{"href":"https:\/\/www.ichtich.de\/index.php?rest_route=\/wp\/v2\/posts\/1320"}],"collection":[{"href":"https:\/\/www.ichtich.de\/index.php?rest_route=\/wp\/v2\/posts"}],"about":[{"href":"https:\/\/www.ichtich.de\/index.php?rest_route=\/wp\/v2\/types\/post"}],"author":[{"embeddable":true,"href":"https:\/\/www.ichtich.de\/index.php?rest_route=\/wp\/v2\/users\/1"}],"replies":[{"embeddable":true,"href":"https:\/\/www.ichtich.de\/index.php?rest_route=%2Fwp%2Fv2%2Fcomments&post=1320"}],"version-history":[{"count":5,"href":"https:\/\/www.ichtich.de\/index.php?rest_route=\/wp\/v2\/posts\/1320\/revisions"}],"predecessor-version":[{"id":3157,"href":"https:\/\/www.ichtich.de\/index.php?rest_route=\/wp\/v2\/posts\/1320\/revisions\/3157"}],"wp:featuredmedia":[{"embeddable":true,"href":"https:\/\/www.ichtich.de\/index.php?rest_route=\/wp\/v2\/media\/1322"}],"wp:attachment":[{"href":"https:\/\/www.ichtich.de\/index.php?rest_route=%2Fwp%2Fv2%2Fmedia&parent=1320"}],"wp:term":[{"taxonomy":"category","embeddable":true,"href":"https:\/\/www.ichtich.de\/index.php?rest_route=%2Fwp%2Fv2%2Fcategories&post=1320"},{"taxonomy":"post_tag","embeddable":true,"href":"https:\/\/www.ichtich.de\/index.php?rest_route=%2Fwp%2Fv2%2Ftags&post=1320"}],"curies":[{"name":"wp","href":"https:\/\/api.w.org\/{rel}","templated":true}]}}