{"id":1258,"date":"2018-04-08T07:50:47","date_gmt":"2018-04-08T07:50:47","guid":{"rendered":"https:\/\/www.ichtich.de\/?p=1258"},"modified":"2025-05-03T10:20:18","modified_gmt":"2025-05-03T10:20:18","slug":"rikard-wolff-sehen-hoeren-lesen-lieben-und-erinnern","status":"publish","type":"post","link":"https:\/\/www.ichtich.de\/?p=1258","title":{"rendered":"Rikard Wolff \u2013 Kaleidoskop"},"content":{"rendered":"<p>Rikard Wolff wurde am 8. April 1958 in Farsta bei Stockholm geboren und wuchs in Gubb\u00e4ngen\/Farsta und Karlstad\/V\u00e4rmland auf. 2011 erschien seine Selbstbiografie \u201e<a href=\"http:\/\/www.wwd.se\/bocker\/biografier\/r\/rikitikitavi\/\">Rikitikitavi\u2013 en folkhemsber\u00e4ttelse\u201c<\/a>:<\/p>\n<p><em>Lika fint v\u00e4der; Hus och tr\u00e4dg\u00e5rder; Ert barn ska b\u00f6rja skolan;<br \/>\nTa mig och ber\u00f6r mig; Jag m\u00e5ste ut; Happy gays are here again;<br \/>\n\u00c5, min teater; \u00c4nglag\u00e5rd;<br \/>\nEn orm i folkhemmet; Pojken pa m\u00e5nen;<br \/>\nMiraklen intr\u00e4ffar vid jultid; 50+.<\/em><\/p>\n<p><!--more--><\/p>\n<p>Rikard Wolffs Biografie enth\u00e4lt eine CD mit elf Musikst\u00fccken, die seinen R\u00fcckblick begleiten, dazu viele Fotos \u2013 Fotos, die Rikard Wolff nach dem Tod des Vaters \u00fcbernommen hatten und die ihn dazu gebracht hatten, seine Biografie zu schreiben. Das erste St\u00fcck der CD hei\u00dft \u201e<a href=\"https:\/\/www.youtube.com\/watch?v=l-mI0mgky4I\">Kvickly<\/a>\u201c, nach dem Namen einer schwedischen Einkaufskette in den 6oer-Jahren, darin beschreibt Wolff das damalige Lebensgef\u00fchl der Eltern: <em>framstegsoptimism<\/em>.<\/p>\n<p>Rikard Wolff schildert in der Biografie seinen Weg zum gefragten und beliebten <a href=\"https:\/\/sv.wikipedia.org\/wiki\/Rikard_Wolff#Teater\">Schauspieler<\/a> und <a href=\"https:\/\/sv.wikipedia.org\/wiki\/Rikard_Wolff#Diskografi\">Musiker<\/a>. Bekannt wurde Wolff u. a. als Motorrad fahrender Zac in den Filmen <a href=\"https:\/\/www.youtube.com\/watch?v=gnYQtnRGRXw\">\u00c4nglag\u00e5rd<\/a>\/Fannys Farm (1992, 1994 und 2010).<\/p>\n<p>Das Lied \u201e<a href=\"https:\/\/www.youtube.com\/watch?v=59_WHFrT3pA\">Pojke p\u00e5 m\u00e5nen<\/a>\u201c mit der Musik von Lisa Ekdahl schrieb Rikard Wolff 1995 f\u00fcr die vielen an AIDS gestorbenen Freunde.<\/p>\n<p>Zuh\u00f6ren kann man Rikard Wolff u. a. in seinen Gespr\u00e4chen im schwedischen Radio in \u201eSommar &amp; Vinter i P1\u201c als \u201e<a href=\"https:\/\/sverigesradio.se\/sida\/avsnitt\/362053?programid=2071\">Sommarv\u00e4rd<\/a>\u201c 1996 und 2006 und als \u201e<a href=\"https:\/\/sverigesradio.se\/sida\/avsnitt\/131421?programid=2071\">Vinterv\u00e4rd<\/a>\u201c 2012.<\/p>\n<p>Viele der von Wolff gesungenen St\u00fccke sind \u2013 zum Teil von ihm \u2013 ins Schwedische \u00fcbertragene Chansons von Edith Piaf, Barbara und Jaques Brel. Als Botschafter des franz\u00f6sischen Chansons&nbsp; in Schweden wurde Rikard Wolff 2013 zum \u201e<a href=\"https:\/\/se.ambafrance.org\/Rikard-Wolff-recoit-la-Legion-d\">Chevalier de la L\u00e9gion d\u2019honneur<\/a>\u201c ernannt.<\/p>\n<p>2009 erschien von Rikard Wolff eine CD mit bekannten <a href=\"http:\/\/shop.klicktrack.com\/kkv\/36210\">Tangost\u00fccken<\/a>, ins Schwedische \u00fcbersetzt von <a href=\"http:\/\/www.mikaelwiehe.se\/rikard_wolff_tango.htm\">Mikael Wiehe<\/a>; Lieder der CD haben wir beim <a href=\"https:\/\/www.ichtich.de\/wp-admin\/post.php?post=260&amp;action=edit\">Tangotanzen<\/a> in Freising kennen gelernt.<\/p>\n<p>Auf der Rikitikitavi-CD h\u00f6rt man auch die schwedische Version von \u201eTake this waltz\u201c, \u201e<a href=\"https:\/\/www.youtube.com\/watch?v=gQQDc0dUa-M\">Ta min vals\u201c<\/a> von Leonard Cohen und das Lied von Friedrich Hollaender, mit dem Marlene Dietrich bekannt wurde:&nbsp;\u201eIch bin von Kopf bis Fu\u00df auf Liebe eingestellt\u201c, \u201e<a href=\"https:\/\/www.youtube.com\/watch?v=JwvtZehdUgU\">Falling in Love again<\/a>\u201c.<\/p>\n<p>Im Video \u201e<a href=\"https:\/\/www.youtube.com\/watch?v=wmchJ6oviJQ\">Hemma hos Rikard Wolff<\/a>\u201c l\u00e4dt Rikard Wolff Freunde zu sich nach Hause ein. Dort hat er eine kleine B\u00fchne errichtet, auf der er Edith Piaf \u2013 als kleine Figur \u2013 auftreten l\u00e4sst, ihr Leben erz\u00e4hlt und&nbsp; ihre Lieder singt, mal auf Franz\u00f6sisch, mal auf Schwedisch, und dabei schildert, welche Bedeutung Piaf f\u00fcr ihn in seiner Jugend hatte.<\/p>\n<p>2017, nach dem <a href=\"http:\/\/www.tagesschau.de\/ausland\/stockholm-lkw-anschlag-101.html\">Terroranschlag in der Stockholmer Innenstadt<\/a> sang Rikard Wolff am 9. April bei der \u201eK\u00e4rleksdemonstration\u201c Edith Piafs Chanson: \u201eHymne \u00e0 l&#8217;amour\u201c, \u201e<a href=\"https:\/\/www.svt.se\/nyheter\/inrikes\/wolff-sjong-lovsang-till-karleken-efter-terrordadet-pa-drottninggatan\">Lovs\u00e5ng till k\u00e4rleken<\/a>\u201c.<\/p>\n<div id=\"attachment_1266\" style=\"width: 212px\" class=\"wp-caption alignleft\"><img aria-describedby=\"caption-attachment-1266\" loading=\"lazy\" class=\" wp-image-1266\" src=\"https:\/\/www.ichtich.de\/wp-content\/uploads\/2018\/04\/RikardWolff-Sommar-2017-e1523112864362-577x1024.jpg\" alt=\"\" width=\"202\" height=\"358\" srcset=\"https:\/\/www.ichtich.de\/wp-content\/uploads\/2018\/04\/RikardWolff-Sommar-2017-e1523112864362-577x1024.jpg 577w, https:\/\/www.ichtich.de\/wp-content\/uploads\/2018\/04\/RikardWolff-Sommar-2017-e1523112864362-169x300.jpg 169w, https:\/\/www.ichtich.de\/wp-content\/uploads\/2018\/04\/RikardWolff-Sommar-2017-e1523112864362-768x1362.jpg 768w, https:\/\/www.ichtich.de\/wp-content\/uploads\/2018\/04\/RikardWolff-Sommar-2017-e1523112864362-624x1107.jpg 624w, https:\/\/www.ichtich.de\/wp-content\/uploads\/2018\/04\/RikardWolff-Sommar-2017-e1523112864362.jpg 1840w\" sizes=\"(max-width: 202px) 100vw, 202px\" \/><p id=\"caption-attachment-1266\" class=\"wp-caption-text\">Rikard Wolff Sommardr\u00f6mmar, 2017<\/p><\/div>\n<p>&nbsp;<\/p>\n<p>Im Sommer 2017 war Rikard Wolff in Schweden auf Tournee, Ende August musst er die Tournee krankheitsbedingt unterbrechen.<\/p>\n<p>Rikard Wolff starb am 17. November 2017 mit 59 Jahren.<\/p>\n<p>Am 8. April 2018 w\u00e4re Rikard Wolff 60 Jahre alt geworden und h\u00e4tte das sicher mit vielen Freunden und Anh\u00e4ngern gefeiert.<\/p>\n","protected":false},"excerpt":{"rendered":"<p>Rikard Wolff wurde am 8. April 1958 in Farsta bei Stockholm geboren und wuchs in Gubb\u00e4ngen\/Farsta und Karlstad\/V\u00e4rmland auf. 2011 erschien seine Selbstbiografie \u201eRikitikitavi\u2013 en folkhemsber\u00e4ttelse\u201c: Lika fint v\u00e4der; Hus och tr\u00e4dg\u00e5rder; Ert barn ska b\u00f6rja skolan; Ta mig och ber\u00f6r mig; Jag m\u00e5ste ut; Happy gays are here again; \u00c5, min teater; \u00c4nglag\u00e5rd; En [&hellip;]<\/p>\n","protected":false},"author":1,"featured_media":1277,"comment_status":"closed","ping_status":"closed","sticky":false,"template":"","format":"standard","meta":[],"categories":[7,4,15,8],"tags":[104,34,33,21],"_links":{"self":[{"href":"https:\/\/www.ichtich.de\/index.php?rest_route=\/wp\/v2\/posts\/1258"}],"collection":[{"href":"https:\/\/www.ichtich.de\/index.php?rest_route=\/wp\/v2\/posts"}],"about":[{"href":"https:\/\/www.ichtich.de\/index.php?rest_route=\/wp\/v2\/types\/post"}],"author":[{"embeddable":true,"href":"https:\/\/www.ichtich.de\/index.php?rest_route=\/wp\/v2\/users\/1"}],"replies":[{"embeddable":true,"href":"https:\/\/www.ichtich.de\/index.php?rest_route=%2Fwp%2Fv2%2Fcomments&post=1258"}],"version-history":[{"count":20,"href":"https:\/\/www.ichtich.de\/index.php?rest_route=\/wp\/v2\/posts\/1258\/revisions"}],"predecessor-version":[{"id":1912,"href":"https:\/\/www.ichtich.de\/index.php?rest_route=\/wp\/v2\/posts\/1258\/revisions\/1912"}],"wp:featuredmedia":[{"embeddable":true,"href":"https:\/\/www.ichtich.de\/index.php?rest_route=\/wp\/v2\/media\/1277"}],"wp:attachment":[{"href":"https:\/\/www.ichtich.de\/index.php?rest_route=%2Fwp%2Fv2%2Fmedia&parent=1258"}],"wp:term":[{"taxonomy":"category","embeddable":true,"href":"https:\/\/www.ichtich.de\/index.php?rest_route=%2Fwp%2Fv2%2Fcategories&post=1258"},{"taxonomy":"post_tag","embeddable":true,"href":"https:\/\/www.ichtich.de\/index.php?rest_route=%2Fwp%2Fv2%2Ftags&post=1258"}],"curies":[{"name":"wp","href":"https:\/\/api.w.org\/{rel}","templated":true}]}}