{"id":1207,"date":"2018-03-03T20:22:06","date_gmt":"2018-03-03T20:22:06","guid":{"rendered":"https:\/\/www.ichtich.de\/?p=1207"},"modified":"2021-04-26T12:15:44","modified_gmt":"2021-04-26T12:15:44","slug":"buchempfehlungen-2","status":"publish","type":"post","link":"https:\/\/www.ichtich.de\/?p=1207","title":{"rendered":"Buchempfehlungen &#8230;"},"content":{"rendered":"<p>f\u00fcr die Website der <a href=\"https:\/\/www.buecherfrauen.de\/buchempfehlung\">B\u00fccherfrauen<\/a>:<\/p>\n<p>2016:<a href=\"https:\/\/www.buecherfrauen.de\/buchempfehlung\/eleonore-dehnerdt-katharina-die-starke-frau-an-luthers-seite-romanbiografie\"> Eleonore Dehnerdt: Katharina \u2013 die starke Frau an Luthers Seite<\/a><\/p>\n<p>2017: Hayfa Al Mansour: <a href=\"https:\/\/www.buecherfrauen.de\/buchempfehlung\/buchempfehlung-detail?tx_news_pi1%5Baction%5D=detail&amp;tx_news_pi1%5Bcontroller%5D=News&amp;tx_news_pi1%5Bnews%5D=1487&amp;cHash=07fb7b44cec2783dd2f7b071eb5e9f5a\">Das M\u00e4dchen Wadjda<\/a><\/p>\n<p>2018: <a href=\"https:\/\/www.buecherfrauen.de\/buchempfehlung\/katerina-tuckova-das-vermaechtnis-der-goettinnen-roman\">Kate\u0159ina Tu\u010dkov\u00e1: Das Verm\u00e4chtnis der G\u00f6ttinnen<\/a><\/p>\n<p>2018: <a href=\"https:\/\/www.buecherfrauen.de\/buchempfehlung\/claudia-gliemann-papas-seele-hat-schnupfen-kinderbuch\">Claudia Gliemann, Papas Seele hat Schnupfen<\/a><\/p>\n\n\n<p><\/p>\n","protected":false},"excerpt":{"rendered":"<p>f\u00fcr die Website der B\u00fccherfrauen: 2016: Eleonore Dehnerdt: Katharina \u2013 die starke Frau an Luthers Seite 2017: Hayfa Al Mansour: Das M\u00e4dchen Wadjda 2018: Kate\u0159ina Tu\u010dkov\u00e1: Das Verm\u00e4chtnis der G\u00f6ttinnen 2018: Claudia Gliemann, Papas Seele hat Schnupfen<\/p>\n","protected":false},"author":1,"featured_media":0,"comment_status":"open","ping_status":"closed","sticky":false,"template":"","format":"aside","meta":[],"categories":[60,4,13],"tags":[32],"_links":{"self":[{"href":"https:\/\/www.ichtich.de\/index.php?rest_route=\/wp\/v2\/posts\/1207"}],"collection":[{"href":"https:\/\/www.ichtich.de\/index.php?rest_route=\/wp\/v2\/posts"}],"about":[{"href":"https:\/\/www.ichtich.de\/index.php?rest_route=\/wp\/v2\/types\/post"}],"author":[{"embeddable":true,"href":"https:\/\/www.ichtich.de\/index.php?rest_route=\/wp\/v2\/users\/1"}],"replies":[{"embeddable":true,"href":"https:\/\/www.ichtich.de\/index.php?rest_route=%2Fwp%2Fv2%2Fcomments&post=1207"}],"version-history":[{"count":9,"href":"https:\/\/www.ichtich.de\/index.php?rest_route=\/wp\/v2\/posts\/1207\/revisions"}],"predecessor-version":[{"id":2649,"href":"https:\/\/www.ichtich.de\/index.php?rest_route=\/wp\/v2\/posts\/1207\/revisions\/2649"}],"wp:attachment":[{"href":"https:\/\/www.ichtich.de\/index.php?rest_route=%2Fwp%2Fv2%2Fmedia&parent=1207"}],"wp:term":[{"taxonomy":"category","embeddable":true,"href":"https:\/\/www.ichtich.de\/index.php?rest_route=%2Fwp%2Fv2%2Fcategories&post=1207"},{"taxonomy":"post_tag","embeddable":true,"href":"https:\/\/www.ichtich.de\/index.php?rest_route=%2Fwp%2Fv2%2Ftags&post=1207"}],"curies":[{"name":"wp","href":"https:\/\/api.w.org\/{rel}","templated":true}]}}