{"id":1178,"date":"2018-02-22T16:12:09","date_gmt":"2018-02-22T16:12:09","guid":{"rendered":"https:\/\/www.ichtich.de\/?p=1178"},"modified":"2025-05-03T10:20:41","modified_gmt":"2025-05-03T10:20:41","slug":"ein-taschentuch-fuer-papas-seele","status":"publish","type":"post","link":"https:\/\/www.ichtich.de\/?p=1178","title":{"rendered":"Ein Buch f\u00fcr Nele"},"content":{"rendered":"<p>Eine Jahresvollversammlung der <a href=\"https:\/\/www.buecherfrauen.de\/startseite\/\">B\u00fccherfrauen<\/a> auf der Comburg in Schw\u00e4bisch Hall, ein Buch, eine Autorin &amp; Verlegerin \u2013 ein Gespr\u00e4ch. Drei Jahre sp\u00e4ter eine E-Mail der B\u00fccherfrau mit der Idee eines Musicals zum Buch und der Bitte um Unterst\u00fctzung. Kurz darauf ein <a href=\"http:\/\/www.sueddeutsche.de\/leben\/depressionen-in-der-familie-die-verwundbaren-1.3828888?reduced=true\">SZ-Artikel \u00fcber&nbsp;\u201eDie Verwundbaren\u201c<\/a> der Wissenschaftsjournalistin&nbsp;<a href=\"http:\/\/christina-berndt.de\/books\/\">Christina Berndt<\/a> mit dem Hinweis auf das Buch. So entstand die Idee zur <a href=\"https:\/\/www.buecherfrauen.de\/buchempfehlung\/1888-claudia-gliemann-papas-seele-hat-schnupfen-kinderbuch\/\">Buchempfehlung von Claudia Gliemanns Buch&nbsp;\u201ePapas Seele hat Schnupfen\u201c<\/a>, einem Buch f\u00fcr Kinder in schwierigen Lebenssituationen, auf der Website der B\u00fccherfrauen.<\/p>\n<ul>\n<li>das Buch: <a href=\"http:\/\/www.monterosa-verlag.de\/buch\/papas_seele_hat_schnupfen\/\">978-3-942640-06-0<\/a><\/li>\n<li>die Autorin und Verlegerin: <a href=\"http:\/\/www.monterosa-verlag.de\/monterosa_verlag\/claudia-gliemann\/\">Claudia Gliemann<\/a><\/li>\n<li>die Illustratorin: <a href=\"http:\/\/cargocollective.com\/nadiafaichney\/Person\">Nadia Faichney<\/a><\/li>\n<li>der Verlag: <a href=\"http:\/\/www.monterosa-verlag.de\/buecher\/\">Monterosa<\/a><\/li>\n<li>Zusatzmaterialien: <a href=\"http:\/\/www.monterosa-verlag.de\/papas-seele\/#cd\">CD<\/a>, <a href=\"http:\/\/www.monterosa-verlag.de\/papas-seele\/#schule\">Schulkonzept<\/a>, <a href=\"http:\/\/www.monterosa-verlag.de\/papas-seele\/#heft\">Arbeitsheft<\/a><\/li>\n<\/ul>\n","protected":false},"excerpt":{"rendered":"<p>Eine Jahresvollversammlung der B\u00fccherfrauen auf der Comburg in Schw\u00e4bisch Hall, ein Buch, eine Autorin &amp; Verlegerin \u2013 ein Gespr\u00e4ch. Drei Jahre sp\u00e4ter eine E-Mail der B\u00fccherfrau mit der Idee eines Musicals zum Buch und der Bitte um Unterst\u00fctzung. Kurz darauf ein SZ-Artikel \u00fcber&nbsp;\u201eDie Verwundbaren\u201c der Wissenschaftsjournalistin&nbsp;Christina Berndt mit dem Hinweis auf das Buch. So entstand [&hellip;]<\/p>\n","protected":false},"author":1,"featured_media":1183,"comment_status":"closed","ping_status":"closed","sticky":false,"template":"","format":"standard","meta":[],"categories":[60,4,13],"tags":[73,42,81,32],"_links":{"self":[{"href":"https:\/\/www.ichtich.de\/index.php?rest_route=\/wp\/v2\/posts\/1178"}],"collection":[{"href":"https:\/\/www.ichtich.de\/index.php?rest_route=\/wp\/v2\/posts"}],"about":[{"href":"https:\/\/www.ichtich.de\/index.php?rest_route=\/wp\/v2\/types\/post"}],"author":[{"embeddable":true,"href":"https:\/\/www.ichtich.de\/index.php?rest_route=\/wp\/v2\/users\/1"}],"replies":[{"embeddable":true,"href":"https:\/\/www.ichtich.de\/index.php?rest_route=%2Fwp%2Fv2%2Fcomments&post=1178"}],"version-history":[{"count":12,"href":"https:\/\/www.ichtich.de\/index.php?rest_route=\/wp\/v2\/posts\/1178\/revisions"}],"predecessor-version":[{"id":1916,"href":"https:\/\/www.ichtich.de\/index.php?rest_route=\/wp\/v2\/posts\/1178\/revisions\/1916"}],"wp:featuredmedia":[{"embeddable":true,"href":"https:\/\/www.ichtich.de\/index.php?rest_route=\/wp\/v2\/media\/1183"}],"wp:attachment":[{"href":"https:\/\/www.ichtich.de\/index.php?rest_route=%2Fwp%2Fv2%2Fmedia&parent=1178"}],"wp:term":[{"taxonomy":"category","embeddable":true,"href":"https:\/\/www.ichtich.de\/index.php?rest_route=%2Fwp%2Fv2%2Fcategories&post=1178"},{"taxonomy":"post_tag","embeddable":true,"href":"https:\/\/www.ichtich.de\/index.php?rest_route=%2Fwp%2Fv2%2Ftags&post=1178"}],"curies":[{"name":"wp","href":"https:\/\/api.w.org\/{rel}","templated":true}]}}