{"id":1001,"date":"2017-10-30T20:40:35","date_gmt":"2017-10-30T20:40:35","guid":{"rendered":"https:\/\/www.ichtich.de\/?p=1001"},"modified":"2025-05-03T10:21:18","modified_gmt":"2025-05-03T10:21:18","slug":"familiendecke","status":"publish","type":"post","link":"https:\/\/www.ichtich.de\/?p=1001","title":{"rendered":"Familiendecke"},"content":{"rendered":"<p>Weggegeben habe ich sie, die Wolldecke, ich wei\u00df nicht mehr, wohin. Sie war mir wohl zu schwer \u2013 zu schwer, um sie zu waschen und in die neue Wohnung mitzunehmen.<\/p>\n<p><!--more--><\/p>\n<p>Sie lag auf unserem Ehebett, damals, als wir zu dritt waren, Vater, Mutter, Kind. Tagesdecke war sie, wenn das Bett gemacht war und Familienalltag mit Kleinkind stattfand, dort, am Marktplatz, in unserer ersten gemeinsamen Wohnung neben der Stadtkirche.<\/p>\n<p style=\"padding-left: 30px;\">Wie kam sie zu uns, wie kam sie zu mir? Nach Omas Tod muss es gewesen sein \u2013 da habe ich sie wohl bekommen, vor unserer Hochzeit, vor dem Leben zu dritt.<\/p>\n<p>Viele Jahre muss sie dort gelegen haben, auf dem Sofa in Omas Wohnzimmer. Wohl jedes der Enkelkinder kann sich an die Decke erinnern und k\u00f6nnte fragen: \u201eAch ja, die Decke \u2013 wo ist sie eigentlich hingekommen?\u201c.<\/p>\n<p>In einer fr\u00fchen Erinnerung liegt sie \u00fcber Opas Beinen, im Erkerzimmer im Schulhaus, ich sitze auf seinem Scho\u00df. Ich f\u00fchle die Wolle \u2013 und f\u00fchle Opas zitternde Beine, Beine eines alten Mannes. Wie alt ich damals war? Drei oder vier Jahre \u2013 sicher nicht \u00e4lter.<\/p>\n<p style=\"padding-left: 30px;\">Wer hat die Decke gestrickt und den Gro\u00dfeltern geschenkt? Das w\u00fcrde ich gerne wissen. Ein einfaches Muster hatte sie, lauter rechte Maschen, hin und her gestrickt. Viele Quadrate, die aneinander geh\u00e4kelt sind. Masche f\u00fcr Masche, Quadrat an Quadrat \u2013 auf Opas Knie, auf Omas Sofa, auf unserem Bett: Familiendecke.<\/p>\n<p>&nbsp;<\/p>\n<p><span style=\"color: #808080;\"><em>Der Text entstand in einer 7-Minuten-\u00dcbung im Seminar <a href=\"https:\/\/www.ichtich.de\/?p=880\">\u201eBiografisches Schreiben\u201c mit Petra Dahlemann<\/a> im Fr\u00fchjahr 2016. Der Impuls lautete: \u201eEin unvergessliches Kleidungsst\u00fcck\u201c.<\/em><\/span><br \/>\n<span style=\"color: #808080;\"><em> Wie bei jedem biografischen Text frage ich mich: \u201eWas davon ist wirklich so geschehen? Was hat wirklich so stattgefunden \u2013 und was ist meiner Vorstellung entsprungen?<\/em><\/span><\/p>\n","protected":false},"excerpt":{"rendered":"<p>Weggegeben habe ich sie, die Wolldecke, ich wei\u00df nicht mehr, wohin. Sie war mir wohl zu schwer \u2013 zu schwer, um sie zu waschen und in die neue Wohnung mitzunehmen.<\/p>\n","protected":false},"author":1,"featured_media":1004,"comment_status":"closed","ping_status":"closed","sticky":false,"template":"","format":"standard","meta":[],"categories":[1],"tags":[42,58,41],"_links":{"self":[{"href":"https:\/\/www.ichtich.de\/index.php?rest_route=\/wp\/v2\/posts\/1001"}],"collection":[{"href":"https:\/\/www.ichtich.de\/index.php?rest_route=\/wp\/v2\/posts"}],"about":[{"href":"https:\/\/www.ichtich.de\/index.php?rest_route=\/wp\/v2\/types\/post"}],"author":[{"embeddable":true,"href":"https:\/\/www.ichtich.de\/index.php?rest_route=\/wp\/v2\/users\/1"}],"replies":[{"embeddable":true,"href":"https:\/\/www.ichtich.de\/index.php?rest_route=%2Fwp%2Fv2%2Fcomments&post=1001"}],"version-history":[{"count":6,"href":"https:\/\/www.ichtich.de\/index.php?rest_route=\/wp\/v2\/posts\/1001\/revisions"}],"predecessor-version":[{"id":1028,"href":"https:\/\/www.ichtich.de\/index.php?rest_route=\/wp\/v2\/posts\/1001\/revisions\/1028"}],"wp:featuredmedia":[{"embeddable":true,"href":"https:\/\/www.ichtich.de\/index.php?rest_route=\/wp\/v2\/media\/1004"}],"wp:attachment":[{"href":"https:\/\/www.ichtich.de\/index.php?rest_route=%2Fwp%2Fv2%2Fmedia&parent=1001"}],"wp:term":[{"taxonomy":"category","embeddable":true,"href":"https:\/\/www.ichtich.de\/index.php?rest_route=%2Fwp%2Fv2%2Fcategories&post=1001"},{"taxonomy":"post_tag","embeddable":true,"href":"https:\/\/www.ichtich.de\/index.php?rest_route=%2Fwp%2Fv2%2Ftags&post=1001"}],"curies":[{"name":"wp","href":"https:\/\/api.w.org\/{rel}","templated":true}]}}